{"id":977,"date":"2014-04-16T07:41:03","date_gmt":"2014-04-16T05:41:03","guid":{"rendered":"http:\/\/leblogdescoutheillas.com\/?p=977"},"modified":"2014-04-16T07:40:43","modified_gmt":"2014-04-16T05:40:43","slug":"memoire-et-souvenir","status":"publish","type":"post","link":"https:\/\/www.leblogdescoutheillas.com\/?p=977","title":{"rendered":"M\u00e9moire et souvenir"},"content":{"rendered":"<p>L&rsquo;homme qui a une bonne m\u00e9moire ne se souvient de rien parce qu&rsquo; il n&rsquo;oublie rien. (&#8230;) Sa m\u00e9moire est une corde \u00e0 linge et les images de son pass\u00e9 sont des hardes d\u00fbment lessiv\u00e9es, servantes infaillibles et d\u00e9vou\u00e9es, pr\u00eates \u00e0 combler ses besoins de r\u00e9miniscence.<br \/>\n<em>Samuel Beckett.( Proust)\u00a0<\/em><\/p>\n","protected":false},"excerpt":{"rendered":"<p>L&rsquo;homme qui a une bonne m\u00e9moire ne se souvient de rien parce qu&rsquo; il n&rsquo;oublie rien. (&#8230;) Sa m\u00e9moire est une corde \u00e0 linge et les images de son pass\u00e9 sont des hardes d\u00fbment lessiv\u00e9es, servantes infaillibles et d\u00e9vou\u00e9es, pr\u00eates \u00e0 combler ses besoins de r\u00e9miniscence. Samuel Beckett.( Proust)\u00a0<\/p>\n","protected":false},"author":1,"featured_media":0,"comment_status":"open","ping_status":"open","sticky":false,"template":"","format":"standard","meta":{"_mo_disable_npp":"","jetpack_post_was_ever_published":false,"_jetpack_newsletter_access":"","_jetpack_dont_email_post_to_subs":false,"_jetpack_newsletter_tier_id":0,"_jetpack_memberships_contains_paywalled_content":false,"_jetpack_memberships_contains_paid_content":false,"footnotes":"","jetpack_publicize_message":"","jetpack_publicize_feature_enabled":true,"jetpack_social_post_already_shared":true,"jetpack_social_options":{"image_generator_settings":{"template":"highway","default_image_id":0,"font":"","enabled":false},"version":2}},"categories":[4],"tags":[112,267,268],"class_list":["post-977","post","type-post","status-publish","format-standard","hentry","category-citations","tag-memoire","tag-samuel-beckett","tag-souvenir"],"jetpack_publicize_connections":[],"jetpack_featured_media_url":"","jetpack_sharing_enabled":true,"_links":{"self":[{"href":"https:\/\/www.leblogdescoutheillas.com\/index.php?rest_route=\/wp\/v2\/posts\/977","targetHints":{"allow":["GET"]}}],"collection":[{"href":"https:\/\/www.leblogdescoutheillas.com\/index.php?rest_route=\/wp\/v2\/posts"}],"about":[{"href":"https:\/\/www.leblogdescoutheillas.com\/index.php?rest_route=\/wp\/v2\/types\/post"}],"author":[{"embeddable":true,"href":"https:\/\/www.leblogdescoutheillas.com\/index.php?rest_route=\/wp\/v2\/users\/1"}],"replies":[{"embeddable":true,"href":"https:\/\/www.leblogdescoutheillas.com\/index.php?rest_route=%2Fwp%2Fv2%2Fcomments&post=977"}],"version-history":[{"count":0,"href":"https:\/\/www.leblogdescoutheillas.com\/index.php?rest_route=\/wp\/v2\/posts\/977\/revisions"}],"wp:attachment":[{"href":"https:\/\/www.leblogdescoutheillas.com\/index.php?rest_route=%2Fwp%2Fv2%2Fmedia&parent=977"}],"wp:term":[{"taxonomy":"category","embeddable":true,"href":"https:\/\/www.leblogdescoutheillas.com\/index.php?rest_route=%2Fwp%2Fv2%2Fcategories&post=977"},{"taxonomy":"post_tag","embeddable":true,"href":"https:\/\/www.leblogdescoutheillas.com\/index.php?rest_route=%2Fwp%2Fv2%2Ftags&post=977"}],"curies":[{"name":"wp","href":"https:\/\/api.w.org\/{rel}","templated":true}]}}