{"id":973,"date":"2019-03-17T08:47:32","date_gmt":"2019-03-17T06:47:32","guid":{"rendered":"http:\/\/leblogdescoutheillas.com\/?p=973"},"modified":"2019-03-25T09:03:05","modified_gmt":"2019-03-25T07:03:05","slug":"un-ptit-noir-au-zinc","status":"publish","type":"post","link":"https:\/\/www.leblogdescoutheillas.com\/?p=973","title":{"rendered":"Un p\u00b4tit noir au zinc (Couleur caf\u00e9 n\u00b07)"},"content":{"rendered":"<p><i>Couleur caf\u00e9 (7 )<\/i><\/p>\n<p><i>21 janvier 2013\u00a0\u00a0\u00a0\u00a0\u00a0 <\/i><i>7 heures 44. <\/i><br \/>\n<i>Comme chaque matin de la semaine, sauf les samedis, dimanches et jours f\u00e9ri\u00e9s, j\u2019entre au caf\u00e9 \u00ab\u00a0Le Flor\u00e9al\u00a0\u00bb situ\u00e9 exactement au 150 de l&rsquo;avenue Parmentier \u00e0 l&rsquo;angle de la rue du Faubourg du Temple, \u00e0 Paris dans le dixi\u00e8me arrondissement. J&rsquo;ai seize minutes devant moi avant la prise de mon service d&rsquo;agent d&rsquo;accueil aux admissions de l&rsquo;H\u00f4pital Saint-Louis.<\/i><\/p>\n<p><i>Il fait moins quatre degr\u00e9s depuis quatre jours. C&rsquo;est pourquoi ce matin, j&rsquo;ai mis mon gros manteau gris \u00e0 chevrons avec son col en fourrure de lapin, mon grand cache-nez fantaisie en laine rouge offert par ma belle-s\u0153ur, mes gants de cuir marron et le chapeau en astrakan que j&rsquo;ai h\u00e9rit\u00e9 de mon oncle Podger. Comme la neige est pr\u00e9vue pour ce soir 17 heures, j&rsquo;ai mis mes caoutchoucs fourr\u00e9s. Pour plus de s\u00e9curit\u00e9, j&rsquo;ai pli\u00e9 dans la poche droite de mon manteau mon passe-montagne en laine noire.<\/i><\/p>\n<p><i>La temp\u00e9rature dans le caf\u00e9 est de 22,5 degr\u00e9s centigrades. Je compte onze consommateurs debout pr\u00e8s du bar, quatorze clients assis, dont deux femmes, un gar\u00e7on en salle (c\u2019est un nouveau, un rempla\u00e7ant sans doute) et G\u00e9g\u00e9, le barman. Les conversations portent sur le climat en g\u00e9n\u00e9ral, le froid en particulier et l&rsquo;annulation probable du prochain Paris-Saint-Germain-Bordeaux.<\/i><br \/>\n<i>Je commande mon tilleul tr\u00e8s chaud et un verre d&rsquo;eau pas trop froide pour prendre mes m\u00e9dicaments. Je suis servi dans la minute.<\/i><\/p>\n<p><i>7 heures 50. <\/i><br \/>\n<i>Un individu pousse la porte vitr\u00e9e qui, en vertu du principe de Watt, dit de la paroi froide, est couverte de condensation de vapeur d&rsquo;eau. Il p\u00e9n\u00e8tre dans l&rsquo;\u00e9tablissement recevant du public et vient se placer \u00e0 ma gauche. Il est petit, sans doute un m\u00e8tre soixante-deux, trapu, probablement soixante-quatorze kilos, et noir. Il a quarante ans, indubitablement. Il porte un chapeau de feutre marron, un manteau en poil de chameau beige, une veste de laine marron, une chemise blanche \u00e0 rayures violettes et une cravate \u00e0 rayures noires et oranges. Son pantalon est bleu roi, ses chaussures montantes sont jaunes. Je ne vois pas ses chaussettes. Son visage est rond et souriant. Il est tr\u00e8s net et tr\u00e8s propre. Il commande un caf\u00e9 et un demi de Leffe, c&rsquo;est-\u00e0-dire un verre de 33 centilitres de bi\u00e8re \u00e0 la pression \u00e0 6,5 degr\u00e9s d&rsquo;alcool, et pose sur le zinc le montant exact des consommations dont il a lu le prix sur le tableau d\u2019affichage r\u00e9glementaire. L&rsquo;odeur \u00e0 la fois am\u00e8re et sucr\u00e9e du produit de fermentation provoque chez moi un l\u00e9ger \u00e9c\u0153urement. L&rsquo;individu est d\u00e9sireux d&rsquo;engager la conversation. Il parle. Il dit:<\/i><\/p>\n<p>-\u00ab\u00a0En 78, l\u00e0, il faisait vraiment froid. Quand on pissait, \u00e7a gelait directement. C&rsquo;\u00e9tait<!--more--> m\u00eame dangereux. Alors, je buvais moins, forc\u00e9ment. \u00c7a, c&rsquo;est pas du vrai froid, c&rsquo;est de la petite bi\u00e8re. On peut boire tranquille, \u00e7a g\u00e8lera pas.(<i>Il rit doucement<\/i>.) Moi, je ne suis pas un alcoolique. Quand je bois un p\u2019tit Calva ou un Porto, je le bois dans un verre petit comme \u00e7a.( <i>Son doigt dessine avec application la forme d&rsquo;un verre sur le zinc du comptoir<\/i>). C&rsquo;est bon le Porto. C&rsquo;est doux, mais \u00e7a fait chaud quand m\u00eame. Le Calva, maintenant, \u00e7a me r\u00e2pe un peu. J&rsquo;en bois presque plus. Depuis que j&rsquo;ai appris des choses sur le whisky, j&rsquo;en bois aussi: le whisky dissout les caillots dans les art\u00e8res. Parce qu&rsquo;un caillot, s&rsquo;il arrive au c\u0153ur, on meurt. (<i>Il \u00e9carquille les yeux et fige son expression pour figurer la mort subite<\/i>). Avec le whisky, plus de caillots. Alors, faut boire. Par contre, \u00e7a donne le cancer. Alors on meurt quand m\u00eame. C&rsquo;est pour \u00e7a que les am\u00e9ricains ont beaucoup de cancers. En Am\u00e9rique, on n\u2019a pas le droit de boire avant 21 ans, ou alors du Coca. Du coup, sont tous malades, les Am\u00e9ricains. Alors j&rsquo;aime bien les Am\u00e9ricains, mais j&rsquo;aimerais pas vivre en Am\u00e9rique, m\u00eame si le Pr\u00e9sident il est noir. Les Anglais, c\u2019est pire, ils ont pas le droit de boire avant 5 heures, ou alors du th\u00e9. J\u2019aimerais pas vivre en Angleterre&#8230;Avant, je buvais pas de vin. Je sais pas, j&rsquo;aimais pas \u00e7a. Mais j&rsquo;ai lu un truc qui disait que le vin, c&rsquo;est bon pour le cholest\u00e9rol. Alors maintenant j&rsquo;en bois aussi. Mais pas le matin, faut pas exag\u00e9rer. Le matin, je bois que de la bi\u00e8re. C&rsquo;est plus raisonnable. Dans la vie, faut avoir des r\u00e8gles, sinon on est foutu. Bon c&rsquo;est pas tout \u00e7a. On discute on discute, j&rsquo;sais pas vous, mais moi j&rsquo;ai pas que \u00e7a \u00e0 faire. Mais c&rsquo;est bien d&rsquo;\u00e9changer des id\u00e9es. Alors, au plaisir\u00a0!&#8230;Et faites comme moi\u00a0: soignez-vous!\u00a0\u00bb<\/p>\n<p><i>7 heures 53<\/i><br \/>\n<i>Il a pivot\u00e9 sur lui-m\u00eame, l\u00e9ger, rondouillard et joyeux et je l\u2019ai regard\u00e9 disparaitre dans le froid derri\u00e8re l\u2019\u00e9cran troublant de la vitrine embu\u00e9e du Flor\u00e9al. Surmontant ma r\u00e9serve naturelle, je me suis adress\u00e9 au barman pour lui demander s&rsquo;il savait qui \u00e9tait ce monsieur d&rsquo;origine africaine.<\/i><br \/>\n-\u00ab\u00a0Ah non, M\u2019sieur Ren\u00e9\u00a0! C\u2019est la premi\u00e8re fois qu\u2019je l\u2019voyais. Yvouzapa emb\u00eat\u00e9 au moins\u00a0?\u00a0\u00bb<br \/>\n<i>Non, il ne m\u2019a pas emb\u00eat\u00e9. Je r\u00e9fl\u00e9chis. J\u2019ai encore 6 minutes avant de prendre mon service aux admissions de l\u2019H\u00f4pital Saint-Louis. <\/i><\/p>\n<p><i>J\u2019ai juste le temps de me soigner.<\/i><br \/>\n<i>\u00a0\u00a0 <\/i>-\u00ab\u00a0G\u00e9g\u00e9\u00a0! Un caf\u00e9 et une Leffe, s\u2019il vous plait\u00a0!<br \/>\n-Et un p\u2019tit noir et une pression qui marchent, M\u2019sieur Ren\u00e9\u00a0!\u00a0\u00bb<br \/>\n<i>Faut rester raisonnable.<\/i><br \/>\n<a href=\"http:\/\/leblogdescoutheillas.com\/wp-content\/uploads\/2014\/05\/240-Bistrot-angle-Gait\u00e9-Edgar-Quinet.jpg\"><img loading=\"lazy\" decoding=\"async\" class=\"alignnone size-medium wp-image-975\" src=\"http:\/\/leblogdescoutheillas.com\/wp-content\/uploads\/2014\/05\/240-Bistrot-angle-Gait\u00e9-Edgar-Quinet-300x222.jpg\" alt=\"240-Bistrot, angle Gait\u00e9-Edgar Quinet\" width=\"300\" height=\"222\" srcset=\"https:\/\/www.leblogdescoutheillas.com\/wp-content\/uploads\/2014\/05\/240-Bistrot-angle-Gait\u00e9-Edgar-Quinet-300x222.jpg 300w, https:\/\/www.leblogdescoutheillas.com\/wp-content\/uploads\/2014\/05\/240-Bistrot-angle-Gait\u00e9-Edgar-Quinet.jpg 796w\" sizes=\"auto, (max-width: 300px) 100vw, 300px\" \/><\/a><\/p>\n<h3><span style=\"color: #ff0000;\">Bient\u00f4t publi\u00e9<\/span><\/h3>\n<ul>\n<li><span style=\"color: #ff0000;\"><strong>18 Mar,\u00a0 &#8230;&#8230;&#8230;..Les cartoons de James Thurber \u2013 4<\/strong><\/span><\/li>\n<li><span style=\"color: #ff0000;\"><strong>19 Mar,\u00a0 &#8230;&#8230;&#8230;&#8230;Objectif \u00a0: Le Monde<\/strong><\/span><\/li>\n<li><span style=\"color: #ff0000;\"><strong>20 Mar,\u00a0 &#8230;&#8230;&#8230;&#8230;A propos de l\u2019affaire Dreyfus<\/strong><\/span><\/li>\n<li><span style=\"color: #ff0000;\"><strong>21 Mar,\u00a0 &#8230;&#8230;&#8230;&#8230;Pourquoi y a-t-il quelque chose plut\u00f4t que rien ?<\/strong><\/span><\/li>\n<\/ul>\n<p style=\"text-align: justify;\">\n","protected":false},"excerpt":{"rendered":"<p>Couleur caf\u00e9 (7 ) 21 janvier 2013\u00a0\u00a0\u00a0\u00a0\u00a0 7 heures 44. Comme chaque matin de la semaine, sauf les samedis, dimanches et jours f\u00e9ri\u00e9s, j\u2019entre au caf\u00e9 \u00ab\u00a0Le Flor\u00e9al\u00a0\u00bb situ\u00e9 exactement au 150 de l&rsquo;avenue Parmentier \u00e0 l&rsquo;angle de la rue du Faubourg du Temple, \u00e0 Paris dans le dixi\u00e8me arrondissement. J&rsquo;ai seize minutes devant moi &hellip; <a href=\"https:\/\/www.leblogdescoutheillas.com\/?p=973\" class=\"more-link\">Continuer la lecture de <span class=\"screen-reader-text\">Un p\u00b4tit noir au zinc (Couleur caf\u00e9 n\u00b07)<\/span> <span class=\"meta-nav\">&rarr;<\/span><\/a><\/p>\n","protected":false},"author":1,"featured_media":0,"comment_status":"open","ping_status":"open","sticky":false,"template":"","format":"standard","meta":{"_mo_disable_npp":"","jetpack_post_was_ever_published":false,"_jetpack_newsletter_access":"","_jetpack_dont_email_post_to_subs":false,"_jetpack_newsletter_tier_id":0,"_jetpack_memberships_contains_paywalled_content":false,"_jetpack_memberships_contains_paid_content":false,"footnotes":"","jetpack_publicize_message":"","jetpack_publicize_feature_enabled":true,"jetpack_social_post_already_shared":true,"jetpack_social_options":{"image_generator_settings":{"template":"highway","default_image_id":0,"font":"","enabled":false},"version":2}},"categories":[13,12,2],"tags":[158,266,21,265],"class_list":["post-973","post","type-post","status-publish","format-standard","hentry","category-fiction","category-recit","category-textes","tag-couleur-cafe","tag-leffe","tag-philippe","tag-principe-de-watt"],"jetpack_publicize_connections":[],"jetpack_featured_media_url":"","jetpack_sharing_enabled":true,"_links":{"self":[{"href":"https:\/\/www.leblogdescoutheillas.com\/index.php?rest_route=\/wp\/v2\/posts\/973","targetHints":{"allow":["GET"]}}],"collection":[{"href":"https:\/\/www.leblogdescoutheillas.com\/index.php?rest_route=\/wp\/v2\/posts"}],"about":[{"href":"https:\/\/www.leblogdescoutheillas.com\/index.php?rest_route=\/wp\/v2\/types\/post"}],"author":[{"embeddable":true,"href":"https:\/\/www.leblogdescoutheillas.com\/index.php?rest_route=\/wp\/v2\/users\/1"}],"replies":[{"embeddable":true,"href":"https:\/\/www.leblogdescoutheillas.com\/index.php?rest_route=%2Fwp%2Fv2%2Fcomments&post=973"}],"version-history":[{"count":0,"href":"https:\/\/www.leblogdescoutheillas.com\/index.php?rest_route=\/wp\/v2\/posts\/973\/revisions"}],"wp:attachment":[{"href":"https:\/\/www.leblogdescoutheillas.com\/index.php?rest_route=%2Fwp%2Fv2%2Fmedia&parent=973"}],"wp:term":[{"taxonomy":"category","embeddable":true,"href":"https:\/\/www.leblogdescoutheillas.com\/index.php?rest_route=%2Fwp%2Fv2%2Fcategories&post=973"},{"taxonomy":"post_tag","embeddable":true,"href":"https:\/\/www.leblogdescoutheillas.com\/index.php?rest_route=%2Fwp%2Fv2%2Ftags&post=973"}],"curies":[{"name":"wp","href":"https:\/\/api.w.org\/{rel}","templated":true}]}}