{"id":9514,"date":"2018-06-02T07:36:17","date_gmt":"2018-06-02T05:36:17","guid":{"rendered":"http:\/\/www.leblogdescoutheillas.com\/?p=9514"},"modified":"2018-06-02T07:34:54","modified_gmt":"2018-06-02T05:34:54","slug":"liliade-pour-les-nuls-critique-aisee-n100","status":"publish","type":"post","link":"https:\/\/www.leblogdescoutheillas.com\/?p=9514","title":{"rendered":"L&rsquo;Iliade pour les nuls &#8211; Critique ais\u00e9e n\u00b0124"},"content":{"rendered":"<p style=\"text-align: justify;\"><span style=\"color: #0000ff;\"><em>Critique ais\u00e9e 124<\/em><\/span><\/p>\n<p style=\"text-align: justify;\"><strong>L&rsquo;Iliade pour les nuls<\/strong><\/p>\n<p style=\"text-align: justify;\"><img loading=\"lazy\" decoding=\"async\" class=\"alignleft size-thumbnail wp-image-9596\" src=\"http:\/\/www.leblogdescoutheillas.com\/wp-content\/uploads\/2017\/08\/troie-2004-79-g-150x150.jpg\" alt=\"\" width=\"150\" height=\"150\" \/>La guerre de Troie (<em>Ilion<\/em>) a eu lieu vers l&rsquo;an 1280 avant J.C. L&rsquo;Iliade a \u00e9t\u00e9 compos\u00e9e vers l&rsquo;an 800 avant J.C. et n&rsquo;a \u00e9t\u00e9 \u00e9crite que deux cents ans plus tard. Ce po\u00e8me, attribu\u00e9 \u00e0 Hom\u00e8re, raconte un \u00e9pisode d&rsquo;une dizaine de jours de la derni\u00e8re ann\u00e9e de cette guerre qui en compta dix. Cet \u00e9pisode est connu sous le nom de \u00ab\u00a0La col\u00e8re d&rsquo;Achille\u00a0\u00bb.<\/p>\n<p style=\"text-align: justify;\">C&rsquo;est tout ce que vous avez \u00e0 savoir pour tenir une conversation de cinq minutes sur l&rsquo;Iliade sans passer pour un total B\u00e9otien. Avantageusement, vous pourrez toujours citer quelques noms connus et parfois d\u00e9mod\u00e9s : Agamemnon, H\u00e9l\u00e8ne, Paris, Hector, Andromaque, Nestor, Achille, Ajax\u2026 Surtout, ne vous aventurez pas \u00e0 en dire davantage, car c&rsquo;est plut\u00f4t compliqu\u00e9, mais si vous tenez \u00e0 \u00e9pater tout le monde, dites d&rsquo;un air badin que le fameux cheval n&rsquo;apparait pas un seul instant dans l&rsquo;Iliade. Vous en d\u00e9stabiliserez plus d&rsquo;un.<\/p>\n<p style=\"text-align: justify;\">Un dernier conseil : impr\u00e9gnez-vous du style hom\u00e9rique (<em>\u00e7a veut dire le style d&rsquo;Hom\u00e8re, l&rsquo;auteur. Vous vous souvenez ? Hom\u00e8re ? L&rsquo;auteur ?<\/em>) en lisant ce petit extrait particuli\u00e8rement repr\u00e9sentatif que j&rsquo;ai choisi pour vous.<\/p>\n<p style=\"text-align: justify;\">Encore un mot : si vous parvenez \u00e0 placer dans la conversation que l&rsquo;Odyss\u00e9e, c&rsquo;est la suite de l&rsquo;Iliade, vous serez l&rsquo;objet de l&rsquo;admiration de tous \u00e0 la prochaine r\u00e9union de copropri\u00e9t\u00e9.\u00a0Mais ne vous risquez pas \u00e0 dire que vous pr\u00e9f\u00e9rez l&rsquo;<em>\u00c9n\u00e9\u00efde<\/em> \u00e0 l&rsquo;<em>Odyss\u00e9e<\/em>, ou l&rsquo;inverse, vous deviendriez p\u00e9dant. De toute fa\u00e7on, tout le monde s&rsquo;en fout.<\/p>\n<p style=\"text-align: justify;\"><em><strong>\u00ab\u00a0Et Zeus s&rsquo;assit sur le fa\u00eete, plein de gloire, regardant la ville des Troyens et les nefs des Ach\u00e9ens.<sup>(1)<\/sup><\/strong><\/em><br \/>\n<em><strong>Et les Ach\u00e9ens chevelus s&rsquo;armaient, ayant mang\u00e9 en h\u00e2te sous les tentes ; et les Troyens aussi s&rsquo;armaient dans la ville ; et ils \u00e9taient moins nombreux, mais br\u00fblants du d\u00e9sir de combattre, par n\u00e9cessit\u00e9, pour leurs enfants et pour leurs femmes. Et les portes s&rsquo;ouvraient, et les peuples, fantassins et cavaliers, se ruaient au dehors, et il s&rsquo;\u00e9levait un bruit immense.<\/strong><\/em><br \/>\n<em><strong> Et quand ils se furent rencontr\u00e9s, les piques et les forces des guerriers aux cuirasses d&rsquo;airain se m\u00eal\u00e8rent confus\u00e9ment, et les boucliers bomb\u00e9s se heurt\u00e8rent, et il s&rsquo;\u00e9leva un bruit immense. On entendait les cris de joie et les lamentations de ceux qui tuaient ou mouraient, et la terre ruisselait de sang ; et tant qu&rsquo;\u00c9\u00f4s<sup>(2)<\/sup> brilla et que le jour sacr\u00e9 monta, les traits frapp\u00e8rent les hommes, et les hommes tombaient. Mais quand H\u00e9lios<sup>(3)<\/sup> fut parvenu au fa\u00eete de l&rsquo;Ouranos<sup>(4)<\/sup>, le p\u00e8re Zeus \u00e9tendit ses balances d&rsquo;or, et il y pla\u00e7a deux k\u00e8res<sup>(5)<\/sup> de la mort qui rend immobile \u00e0 jamais, la k\u00e8r des Troyens dompteurs de chevaux et la k\u00e8r des Ach\u00e9ens aux cuirasses d&rsquo;airain. Il \u00e9leva les balances, les tenant par le milieu, et le jour fatal des Ach\u00e9ens s&rsquo;inclina ; et la destin\u00e9e des Ach\u00e9ens toucha la terre nourrici\u00e8re ; et celle des Troyens monta vers le large Ouranos. Et il roula le tonnerre immense sur l&rsquo;Ida<sup>(6),<\/sup> et il lan\u00e7a l&rsquo;ardent \u00e9clair au milieu du peuple guerrier des Ach\u00e9ens ; et, l&rsquo;ayant vu, ils rest\u00e8rent stup\u00e9faits et p\u00e2les de terreur.\u00a0\u00bb<\/strong><\/em><\/p>\n<p style=\"text-align: justify;\"><em><u>Notes<\/u><\/em><br \/>\n<em><sup>1 <\/sup>&#8211; Les grecs<\/em><br \/>\n<em> <sup>2 <\/sup>&#8211; L&rsquo;aurore<\/em><br \/>\n<em> <sup>3 <\/sup>&#8211; Le soleil<\/em><br \/>\n<em><sup>4\u00a0<\/sup>&#8211; Le ciel<\/em><br \/>\n<em><sup>5\u00a0<\/sup>&#8211; Divinit\u00e9 infernale<\/em><br \/>\n<em><sup>6\u00a0<\/sup>&#8211; Mont proche de Troie<\/em><\/p>\n<p style=\"text-align: justify;\"><em><strong>Post Scriptum :<\/strong><\/em><br \/>\nVous qui n&rsquo;\u00eates pas, ou qui ne voulez plus \u00eatre l&rsquo;un des Nuls auquel cette pr\u00e9sentation de l&rsquo;Iliade est destin\u00e9e, lisez le texte int\u00e9gral. C&rsquo;est passionnant.<\/p>\n<p><span style=\"color: #ff0000;\"><strong>ET DEMAIN, SEMPER FIDELIS<\/strong><\/span><\/p>\n","protected":false},"excerpt":{"rendered":"<p>Critique ais\u00e9e 124 L&rsquo;Iliade pour les nuls La guerre de Troie (Ilion) a eu lieu vers l&rsquo;an 1280 avant J.C. L&rsquo;Iliade a \u00e9t\u00e9 compos\u00e9e vers l&rsquo;an 800 avant J.C. et n&rsquo;a \u00e9t\u00e9 \u00e9crite que deux cents ans plus tard. Ce po\u00e8me, attribu\u00e9 \u00e0 Hom\u00e8re, raconte un \u00e9pisode d&rsquo;une dizaine de jours de la derni\u00e8re ann\u00e9e &hellip; <a href=\"https:\/\/www.leblogdescoutheillas.com\/?p=9514\" class=\"more-link\">Continuer la lecture de <span class=\"screen-reader-text\">L&rsquo;Iliade pour les nuls &#8211; Critique ais\u00e9e n\u00b0124<\/span> <span class=\"meta-nav\">&rarr;<\/span><\/a><\/p>\n","protected":false},"author":1,"featured_media":0,"comment_status":"open","ping_status":"open","sticky":false,"template":"","format":"standard","meta":{"_mo_disable_npp":"","jetpack_post_was_ever_published":false,"_jetpack_newsletter_access":"","_jetpack_dont_email_post_to_subs":false,"_jetpack_newsletter_tier_id":0,"_jetpack_memberships_contains_paywalled_content":false,"_jetpack_memberships_contains_paid_content":false,"footnotes":"","jetpack_publicize_message":"","jetpack_publicize_feature_enabled":true,"jetpack_social_post_already_shared":false,"jetpack_social_options":{"image_generator_settings":{"template":"highway","default_image_id":0,"font":"","enabled":false},"version":2}},"categories":[94,2],"tags":[20,127,21],"class_list":["post-9514","post","type-post","status-publish","format-standard","hentry","category-critiques","category-textes","tag-homere","tag-litterature","tag-philippe"],"jetpack_publicize_connections":[],"jetpack_featured_media_url":"","jetpack_sharing_enabled":true,"_links":{"self":[{"href":"https:\/\/www.leblogdescoutheillas.com\/index.php?rest_route=\/wp\/v2\/posts\/9514","targetHints":{"allow":["GET"]}}],"collection":[{"href":"https:\/\/www.leblogdescoutheillas.com\/index.php?rest_route=\/wp\/v2\/posts"}],"about":[{"href":"https:\/\/www.leblogdescoutheillas.com\/index.php?rest_route=\/wp\/v2\/types\/post"}],"author":[{"embeddable":true,"href":"https:\/\/www.leblogdescoutheillas.com\/index.php?rest_route=\/wp\/v2\/users\/1"}],"replies":[{"embeddable":true,"href":"https:\/\/www.leblogdescoutheillas.com\/index.php?rest_route=%2Fwp%2Fv2%2Fcomments&post=9514"}],"version-history":[{"count":0,"href":"https:\/\/www.leblogdescoutheillas.com\/index.php?rest_route=\/wp\/v2\/posts\/9514\/revisions"}],"wp:attachment":[{"href":"https:\/\/www.leblogdescoutheillas.com\/index.php?rest_route=%2Fwp%2Fv2%2Fmedia&parent=9514"}],"wp:term":[{"taxonomy":"category","embeddable":true,"href":"https:\/\/www.leblogdescoutheillas.com\/index.php?rest_route=%2Fwp%2Fv2%2Fcategories&post=9514"},{"taxonomy":"post_tag","embeddable":true,"href":"https:\/\/www.leblogdescoutheillas.com\/index.php?rest_route=%2Fwp%2Fv2%2Ftags&post=9514"}],"curies":[{"name":"wp","href":"https:\/\/api.w.org\/{rel}","templated":true}]}}