{"id":9293,"date":"2018-05-07T07:47:54","date_gmt":"2018-05-07T05:47:54","guid":{"rendered":"http:\/\/www.leblogdescoutheillas.com\/?p=9293"},"modified":"2018-05-12T10:06:06","modified_gmt":"2018-05-12T08:06:06","slug":"livret-de-famille-critique-aisee-n-97","status":"publish","type":"post","link":"https:\/\/www.leblogdescoutheillas.com\/?p=9293","title":{"rendered":"Livret de famille &#8211; Critique ais\u00e9e n\u00b0122"},"content":{"rendered":"<p style=\"text-align: justify;\"><span style=\"color: #0000ff;\"><em>Critique ais\u00e9e 122<\/em><\/span><\/p>\n<p style=\"text-align: justify;\"><strong><img loading=\"lazy\" decoding=\"async\" class=\"alignleft size-medium wp-image-10147\" src=\"http:\/\/www.leblogdescoutheillas.com\/wp-content\/uploads\/2017\/09\/IMG_4343-225x300.jpg\" alt=\"\" width=\"225\" height=\"300\" srcset=\"https:\/\/www.leblogdescoutheillas.com\/wp-content\/uploads\/2017\/09\/IMG_4343-225x300.jpg 225w, https:\/\/www.leblogdescoutheillas.com\/wp-content\/uploads\/2017\/09\/IMG_4343-768x1024.jpg 768w, https:\/\/www.leblogdescoutheillas.com\/wp-content\/uploads\/2017\/09\/IMG_4343-720x960.jpg 720w\" sizes=\"auto, (max-width: 225px) 100vw, 225px\" \/>Livret de famille<\/strong><br \/>\nPatrick Modiano \u2013 1977<\/p>\n<p style=\"text-align: justify;\">Voici ce qu&rsquo;\u00e9crivait Le Monde en 2014 \u00e0 propos du cinqui\u00e8me roman de Patrick Modiano <span style=\"color: #0000ff;\"><strong><em>(1)<\/em><\/strong><\/span> :<\/p>\n<p style=\"text-align: justify;\">\u00ab\u00a0<em>Une quinzaine de r\u00e9cits juxtapos\u00e9s, tous plus ou moins autobiographiques. D\u00e8s le deuxi\u00e8me, on d\u00e9couvre au d\u00e9tour de deux r\u00e9pliques que le narrateur a pour nom Modiano, et pour pr\u00e9nom Patrick. Est-ce pour autant l\u2019\u00e9crivain lui-m\u00eame ? Bienvenue au royaume de l\u2019autofiction et de ses leurres d\u00e9licieusement troublants<\/em>.\u00a0\u00bb<\/p>\n<p style=\"text-align: justify;\">Bien vu !<\/p>\n<p style=\"text-align: justify;\">Autobiographie ?<br \/>\nPour en d\u00e9cider, il faudrait connaitre la vie de Modiano. Et rien ne nous y oblige. Avec Proust et contre Sainte-Beuve, je suis, modestement, de ceux qui se refusent \u00e0 juger une \u0153uvre litt\u00e9raire d&rsquo;apr\u00e8s la vie de son auteur. Je dois ajouter que, tout seul, sans Proust ni Sainte-Beuve, je me refuse aussi \u00e0 juger un \u00e9crivain d&rsquo;apr\u00e8s son \u0153uvre.<\/p>\n<p style=\"text-align: justify;\">Autobiographie ? Peut-\u00eatre.<br \/>\nLes r\u00e9f\u00e9rences confuses \u00e0 certains \u00e9v\u00e8nements, la description pr\u00e9cise de certains lieux, les allusions constantes \u00e0 certaines \u00e9poques, et aussi et surtout l&rsquo;absence de logique romanesque, tout cela fait <!--more-->penser que ce qu&rsquo;on lit est vrai, que cela a eu lieu, a \u00e9t\u00e9 v\u00e9cu. Mais par qui ?<\/p>\n<p style=\"text-align: justify;\">Autobiographie ? Probablement pas.<br \/>\nL&rsquo;absence de chronologie, les contradictions, le brouillard m\u00e9lancolique qui estompe les p\u00e9rip\u00e9ties, la l\u00e9g\u00e8ret\u00e9 apparente des personnages, l&rsquo;absence de cons\u00e9quences de leurs actions, tout cela fait penser \u00e0 une \u0153uvre de fiction.<\/p>\n<p style=\"text-align: justify;\">Peut-\u00eatre est-ce cela que l&rsquo;on appelle l&rsquo;autofiction ?<\/p>\n<p style=\"text-align: justify;\">Quand on avait demand\u00e9 \u00e0 Modiano si son \u00ab\u00a0Livret de famille\u00a0\u00bb \u00e9tait une autobiographie, il avait r\u00e9pondu par la n\u00e9gative : <em>\u00ab\u00a0Pour moi, mon \u00e9criture c&rsquo;est plut\u00f4t une entreprise artistique, une mise en forme d&rsquo;\u00e9l\u00e9ments d\u00e9risoires.\u00a0\u00bb<\/em><br \/>\n<em>\u00a0<\/em>Voil\u00e0, c&rsquo;est exactement cela : \u00ab\u00a0<em>une entreprise artistique, une mise en forme d&rsquo;\u00e9l\u00e9ments d\u00e9risoires.<\/em>\u00ab\u00a0<\/p>\n<p style=\"text-align: justify;\">Ce qui me donne l&rsquo;occasion de citer encore une fois et approximativement notre ami Raymond Chandler : <em>\u00ab\u00a0Ce qui compte, c&rsquo;est le style ! L&rsquo;histoire, on s&rsquo;en fout ! \u00ab\u00a0<\/em><\/p>\n<p style=\"text-align: justify;\"><span style=\"color: #0000ff;\"><em><strong>Note :<\/strong> <\/em><\/span><\/p>\n<p style=\"text-align: justify;\"><span style=\"color: #0000ff;\"><em>1-<\/em><\/span><em><span style=\"color: #0000ff;\">Maintenant que Modiano est Prix Nobel de Litt\u00e9rature, on peut bien se permettre de d\u00e9couvrir un roman vieux de quarante ans.<\/span> <\/em><\/p>\n<p><span style=\"color: #ff0000;\"><b>ET DEMAIN, UN TABLEAU DE FAMILLE<\/b><\/span><\/p>\n","protected":false},"excerpt":{"rendered":"<p>Critique ais\u00e9e 122 Livret de famille Patrick Modiano \u2013 1977 Voici ce qu&rsquo;\u00e9crivait Le Monde en 2014 \u00e0 propos du cinqui\u00e8me roman de Patrick Modiano (1) : \u00ab\u00a0Une quinzaine de r\u00e9cits juxtapos\u00e9s, tous plus ou moins autobiographiques. D\u00e8s le deuxi\u00e8me, on d\u00e9couvre au d\u00e9tour de deux r\u00e9pliques que le narrateur a pour nom Modiano, et &hellip; <a href=\"https:\/\/www.leblogdescoutheillas.com\/?p=9293\" class=\"more-link\">Continuer la lecture de <span class=\"screen-reader-text\">Livret de famille &#8211; Critique ais\u00e9e n\u00b0122<\/span> <span class=\"meta-nav\">&rarr;<\/span><\/a><\/p>\n","protected":false},"author":1,"featured_media":0,"comment_status":"open","ping_status":"open","sticky":false,"template":"","format":"standard","meta":{"_mo_disable_npp":"","jetpack_post_was_ever_published":false,"_jetpack_newsletter_access":"","_jetpack_dont_email_post_to_subs":false,"_jetpack_newsletter_tier_id":0,"_jetpack_memberships_contains_paywalled_content":false,"_jetpack_memberships_contains_paid_content":false,"footnotes":"","jetpack_publicize_message":"","jetpack_publicize_feature_enabled":true,"jetpack_social_post_already_shared":false,"jetpack_social_options":{"image_generator_settings":{"template":"highway","default_image_id":0,"font":"","enabled":false},"version":2}},"categories":[94,2],"tags":[127,757,21],"class_list":["post-9293","post","type-post","status-publish","format-standard","hentry","category-critiques","category-textes","tag-litterature","tag-modiano","tag-philippe"],"jetpack_publicize_connections":[],"jetpack_featured_media_url":"","jetpack_sharing_enabled":true,"_links":{"self":[{"href":"https:\/\/www.leblogdescoutheillas.com\/index.php?rest_route=\/wp\/v2\/posts\/9293","targetHints":{"allow":["GET"]}}],"collection":[{"href":"https:\/\/www.leblogdescoutheillas.com\/index.php?rest_route=\/wp\/v2\/posts"}],"about":[{"href":"https:\/\/www.leblogdescoutheillas.com\/index.php?rest_route=\/wp\/v2\/types\/post"}],"author":[{"embeddable":true,"href":"https:\/\/www.leblogdescoutheillas.com\/index.php?rest_route=\/wp\/v2\/users\/1"}],"replies":[{"embeddable":true,"href":"https:\/\/www.leblogdescoutheillas.com\/index.php?rest_route=%2Fwp%2Fv2%2Fcomments&post=9293"}],"version-history":[{"count":0,"href":"https:\/\/www.leblogdescoutheillas.com\/index.php?rest_route=\/wp\/v2\/posts\/9293\/revisions"}],"wp:attachment":[{"href":"https:\/\/www.leblogdescoutheillas.com\/index.php?rest_route=%2Fwp%2Fv2%2Fmedia&parent=9293"}],"wp:term":[{"taxonomy":"category","embeddable":true,"href":"https:\/\/www.leblogdescoutheillas.com\/index.php?rest_route=%2Fwp%2Fv2%2Fcategories&post=9293"},{"taxonomy":"post_tag","embeddable":true,"href":"https:\/\/www.leblogdescoutheillas.com\/index.php?rest_route=%2Fwp%2Fv2%2Ftags&post=9293"}],"curies":[{"name":"wp","href":"https:\/\/api.w.org\/{rel}","templated":true}]}}