{"id":905,"date":"2018-12-16T08:47:50","date_gmt":"2018-12-16T06:47:50","guid":{"rendered":"http:\/\/leblogdescoutheillas.com\/?p=905"},"modified":"2018-12-16T08:13:53","modified_gmt":"2018-12-16T06:13:53","slug":"a-lenterrement-dalexis","status":"publish","type":"post","link":"https:\/\/www.leblogdescoutheillas.com\/?p=905","title":{"rendered":"A l&rsquo;enterrement d&rsquo;Alexis"},"content":{"rendered":"<p><span style=\"color: #0000ff;\"><em>Il y a environ 4 ans, j&rsquo;\u00e9tais all\u00e9 \u00e0 un enterrement, celui d&rsquo;Alexis.<\/em><\/span><\/p>\n<p style=\"text-align: justify;\">\u00c0 l&rsquo;enterrement d&rsquo;Alexis, je n&rsquo;ai reconnu personne.<\/p>\n<p style=\"text-align: justify;\">Nous n&rsquo;avions jamais \u00e9t\u00e9 vraiment ami, mais ce grand bonhomme m&rsquo;avait impressionn\u00e9. Haute taille et forte voix, fi\u00e8re allure et confiance en soi, esprit ac\u00e9r\u00e9 et vive intelligence, il \u00e9tait mon a\u00een\u00e9 de peu. Quelques ann\u00e9es avant moi, il avait fait les Ponts et suivi les cours du CEPE. Je devais lui succ\u00e9der en tant qu&rsquo;ing\u00e9nieur trafic et \u00e9conomiste dans une \u00e9tude d&rsquo;autoroutes au Liban. Il avait b\u00e2ti la m\u00e9thode, je n&rsquo;avais plus qu&rsquo;\u00e0 l&rsquo;appliquer. Ce fut facile. Au cours des cinq ou six ann\u00e9es qui suivirent, je le retrouvai plusieurs fois, au hasard de nos missions, \u00e0 T\u00e9h\u00e9ran, \u00e0 Ath\u00e8nes, \u00e0 Manille&#8230; Tous deux d\u00e9finitivement de retour \u00e0 Paris, chacun pour des raisons diff\u00e9rentes, nous avions instaur\u00e9 un d\u00e9jeuner hebdomadaire auquel nous conviions <!--more-->un ou deux anciens du BCEOM ainsi qu&rsquo;un \u00e9tranger \u00e0 ce tout petit monde. Cr\u00e9\u00e9e un peu artificiellement, cette jeune coutume n\u2019avait pas dur\u00e9 bien longtemps et nous nous \u00e9tions perdus de vue pendant des ann\u00e9es. Je l&rsquo;avais crois\u00e9 un jour rue des \u00c9coles. Nous avions pris un caf\u00e9\u00a0en face du Champollion. \u00c9tait-ce il y a cinq ans ? Ou bien dix ? Je ne sais plus. Notre rencontre fut rat\u00e9e, d\u00e9cevante. Il dut me trouver l\u00e9ger et inint\u00e9ressant. Je le trouvai triste et suffisant. La nouvelle de sa mort, parvenue par une vague association d&rsquo;anciens de je ne sais quoi, m&rsquo;a quand m\u00eame touch\u00e9. Pourquoi ? Je ne suis pas s\u00fbr. \u00c9tait-ce parce que j&rsquo;avais toujours gard\u00e9 pour lui un fond d&rsquo;admiration ? \u00c9tait-ce parce que sa disparition, qu&rsquo;\u00e0 son \u00e2ge on peut encore, mais plus pour longtemps, qualifier de pr\u00e9coce, ne collait pas avec l&rsquo;impression de force qu&rsquo;il donnait ? \u00c9tait-ce parce que nous avions quelques points commun, dont l&rsquo;\u00e2ge et la formation ? Toujours est-il que j&rsquo;ai d\u00e9cid\u00e9 sans h\u00e9sitation de me rendre \u00e0 la c\u00e9r\u00e9monie religieuse \u00e0 l&rsquo;\u00e9glise Saint-Germain-des-Pr\u00e9s. J&rsquo;esp\u00e9rais sans doute y rencontrer quelques connaissances, Oblin, Koch, Merlot, Mellier, Roby&#8230;prendre un caf\u00e9 avec l&rsquo;un d&rsquo;entre eux ? Peut-\u00eatre m\u00eame d\u00e9jeuner quelque part ? Mais \u00e0 l&rsquo;enterrement d&rsquo;Alexis, je n&rsquo;ai reconnu personne. Me sont revenus quelques mots de Pr\u00e9vert : \u00ab\u00a0<em>Sont-ils morts, disparus ou bien encore vivants? Oh Barbara, il pleut sans cesse sur Brest&#8230;<\/em>\u00a0\u00bb Alors, je me suis demand\u00e9 ce que je faisais l\u00e0, vraiment. J\u2019ai quitt\u00e9 la c\u00e9r\u00e9monie avant la fin. J&rsquo;ai inscrit quelques mots sur le registre mais je n&rsquo;ai pas laiss\u00e9 mon adresse. Et je suis rentr\u00e9 chez moi, sous le soleil \u00e9tonnant de cette fin de matin\u00e9e de Mars. J&rsquo;ai pris la rue des Ciseaux, o\u00f9 j&rsquo;allais souvent dans un restaurant de viande remplac\u00e9 aujourd&rsquo;hui par un sushi, puis la rue des Canettes o\u00f9 j&rsquo;avais d\u00een\u00e9 pour la premi\u00e8re fois \u00e0 c\u00f4t\u00e9 de Sophie, puis la place Saint-Sulpice o\u00f9 j&rsquo;avais pris une si belle photo. J&rsquo;ai remont\u00e9 la rue F\u00e9rou, o\u00f9 habitait d&rsquo;Artagnan. Pour la millioni\u00e8me fois, j&rsquo;ai travers\u00e9 le Luxembourg o\u00f9 j&rsquo;\u00e9tais pass\u00e9 \u00e0 tous les \u00e2ges. Une seule table d&rsquo;\u00e9checs \u00e9tait occup\u00e9e, un seul court de tennis. Ce n&rsquo;\u00e9tait pas encore l&rsquo;heure. Le bassin \u00e9tait vide de bateaux \u2014 jeudi, jour de classe \u2014 vides aussi les pelouses de l\u2019entr\u00e9e Sud, hier couvertes d&rsquo;\u00e9tudiants. Trop t\u00f4t, trop humide. L&rsquo;esprit vide, je me suis assis dans un des fauteuils bas qui faisait face \u00e0 la pelouse et au soleil, tous libres. Les pieds sur une chaise, j&rsquo;ai ferm\u00e9 les yeux. La cloche du S\u00e9nat a sonn\u00e9 midi. La chaleur du soleil a travers\u00e9 mes v\u00eatements. Des mots et des rires ont travers\u00e9 la pelouse. J&rsquo;ai ouvert les yeux et j&rsquo;ai vu qu&rsquo;ils revenaient, les \u00e9tudiants. Et j&rsquo;ai oubli\u00e9 Alexis.<\/p>\n<p><span style=\"color: #ff0000;\"><b>ET DEMAIN, FLAUBERT \u00c9CRIT \u00c0 FEYDEAU<\/b><\/span><\/p>\n","protected":false},"excerpt":{"rendered":"<p>Il y a environ 4 ans, j&rsquo;\u00e9tais all\u00e9 \u00e0 un enterrement, celui d&rsquo;Alexis. \u00c0 l&rsquo;enterrement d&rsquo;Alexis, je n&rsquo;ai reconnu personne. Nous n&rsquo;avions jamais \u00e9t\u00e9 vraiment ami, mais ce grand bonhomme m&rsquo;avait impressionn\u00e9. Haute taille et forte voix, fi\u00e8re allure et confiance en soi, esprit ac\u00e9r\u00e9 et vive intelligence, il \u00e9tait mon a\u00een\u00e9 de peu. Quelques &hellip; <a href=\"https:\/\/www.leblogdescoutheillas.com\/?p=905\" class=\"more-link\">Continuer la lecture de <span class=\"screen-reader-text\">A l&rsquo;enterrement d&rsquo;Alexis<\/span> <span class=\"meta-nav\">&rarr;<\/span><\/a><\/p>\n","protected":false},"author":1,"featured_media":0,"comment_status":"open","ping_status":"open","sticky":false,"template":"","format":"standard","meta":{"_mo_disable_npp":"","jetpack_post_was_ever_published":false,"_jetpack_newsletter_access":"","_jetpack_dont_email_post_to_subs":false,"_jetpack_newsletter_tier_id":0,"_jetpack_memberships_contains_paywalled_content":false,"_jetpack_memberships_contains_paid_content":false,"footnotes":"","jetpack_publicize_message":"","jetpack_publicize_feature_enabled":true,"jetpack_social_post_already_shared":true,"jetpack_social_options":{"image_generator_settings":{"template":"highway","default_image_id":0,"font":"","enabled":false},"version":2}},"categories":[12,2],"tags":[264,234,21],"class_list":["post-905","post","type-post","status-publish","format-standard","hentry","category-recit","category-textes","tag-bceom","tag-enterrement","tag-philippe"],"jetpack_publicize_connections":[],"jetpack_featured_media_url":"","jetpack_sharing_enabled":true,"_links":{"self":[{"href":"https:\/\/www.leblogdescoutheillas.com\/index.php?rest_route=\/wp\/v2\/posts\/905","targetHints":{"allow":["GET"]}}],"collection":[{"href":"https:\/\/www.leblogdescoutheillas.com\/index.php?rest_route=\/wp\/v2\/posts"}],"about":[{"href":"https:\/\/www.leblogdescoutheillas.com\/index.php?rest_route=\/wp\/v2\/types\/post"}],"author":[{"embeddable":true,"href":"https:\/\/www.leblogdescoutheillas.com\/index.php?rest_route=\/wp\/v2\/users\/1"}],"replies":[{"embeddable":true,"href":"https:\/\/www.leblogdescoutheillas.com\/index.php?rest_route=%2Fwp%2Fv2%2Fcomments&post=905"}],"version-history":[{"count":0,"href":"https:\/\/www.leblogdescoutheillas.com\/index.php?rest_route=\/wp\/v2\/posts\/905\/revisions"}],"wp:attachment":[{"href":"https:\/\/www.leblogdescoutheillas.com\/index.php?rest_route=%2Fwp%2Fv2%2Fmedia&parent=905"}],"wp:term":[{"taxonomy":"category","embeddable":true,"href":"https:\/\/www.leblogdescoutheillas.com\/index.php?rest_route=%2Fwp%2Fv2%2Fcategories&post=905"},{"taxonomy":"post_tag","embeddable":true,"href":"https:\/\/www.leblogdescoutheillas.com\/index.php?rest_route=%2Fwp%2Fv2%2Ftags&post=905"}],"curies":[{"name":"wp","href":"https:\/\/api.w.org\/{rel}","templated":true}]}}