{"id":8325,"date":"2017-02-20T08:08:49","date_gmt":"2017-02-20T06:08:49","guid":{"rendered":"http:\/\/www.leblogdescoutheillas.com\/?p=8325"},"modified":"2017-02-19T18:16:01","modified_gmt":"2017-02-19T16:16:01","slug":"tavussa-19-mais-dans-quelle-langue-macron-parle-t-il-donc","status":"publish","type":"post","link":"https:\/\/www.leblogdescoutheillas.com\/?p=8325","title":{"rendered":"\u00bf TAVUSSA ? (19) Mais dans quelle langue Macron parle-t-il donc ?"},"content":{"rendered":"<p style=\"text-align: justify;\"><em><span style=\"color: #0000ff;\">TAVUSSA 19<\/span><\/em><\/p>\n<p style=\"text-align: justify;\"><strong>Mais dans quelle langue Macron parle-t-il donc ?<\/strong><\/p>\n<p style=\"text-align: justify;\">Plus \u00e7a va, plus j\u2019ai l\u2019impression que les d\u00e9clarations d\u2019Emmanuel Macron sont faites d\u2019un assemblage de syntagmes choisis au hasard et plac\u00e9s comme des dominos, les uns derri\u00e8re les autres.<br \/>\nPourtant, cette combinaison al\u00e9atoire de mots, qu\u2019il pratique d\u00e9sormais couramment, donne, parfois \u00e0 son insu, un sens pr\u00e9cis \u00e0 ce qu\u2019il dit. Le hasard fait quelque fois mal les choses et, la derni\u00e8re fois, c\u2019\u00e9tait plut\u00f4t maladroit : en voyage de campagne \u00e9lectorale en Alg\u00e9rie, Emmanuel a dit en substance que la colonisation fran\u00e7aise de l\u2019Alg\u00e9rie avait constitu\u00e9 un crime contre l\u2019humanit\u00e9.<br \/>\nQue la colonisation ait \u00e9t\u00e9 globalement bonne ou mauvaise pour l\u2019Alg\u00e9rie est une question que l\u2019on peut discuter entre gens de bonne foi. La qualifier de crime contre l\u2019humanit\u00e9 constitue non seulement une \u00e2nerie juridique, une erreur\u00a0historique et un grave faux-pas diplomatique mais aussi une l\u00e2che complaisance envers un journaliste alg\u00e9rien.<br \/>\nApr\u00e8s tant d\u2019ann\u00e9es post coloniales, m\u00eame la gauche de la gauche ne pense plus comme cela, et Macron a d\u00fb se rendre compte qu\u2019il avait choqu\u00e9 une grande partie de l\u2019opinion publique, et plus particuli\u00e8rement les pieds noirs, qui se sont vus ainsi assimiler aux Nazis de la Shoah et aux Turcs du g\u00e9nocide arm\u00e9nien.<br \/>\nCette partie de la population fran\u00e7aise votant certainement en plus grand nombre aux \u00e9lections fran\u00e7aises que les Alg\u00e9riens, Macron a voulu se rattraper aupr\u00e8s de cette client\u00e8le potentielle. Il a donc prononc\u00e9 \u00e0 l&rsquo;intention des Pieds Noirs cette phrase \u00e9nigmatique et compliqu\u00e9e, \u00e0 la syntaxe incertaine et au sens obscur :<\/p>\n<p style=\"text-align: justify;\">\u00ab\u00a0<em><strong>Ma responsabilit\u00e9, c&rsquo;est qu&rsquo;ensemble, nous soyons vraiment Fran\u00e7ais, il faut\u00a0casser ces blocages, donc je le dis, \u00e0 chacune et chacun dans vos conditions, dans vos histoires, dans vos traumatismes, parce que je veux \u00eatre pr\u00e9sident, je vous ai compris et je vous aime, la R\u00e9publique doit aimer chacun !<\/strong><\/em>\u00a0\u00bb<\/p>\n<p style=\"text-align: justify;\">Analysons, voulez-vous ?<br \/>\n\u00ab\u00a0<em><strong>\u2026vraiment Fran\u00e7ais\u2026<\/strong><\/em>\u00a0\u00bb<br \/>\nTout d\u2019abord, qu\u2019est-ce qu\u2019\u00eatre vraiment Fran\u00e7ais ? Etre Fran\u00e7ais, je sais. Mais <em>vraiment<\/em>\u00a0Fran\u00e7ais ? Je ne vois pas. Plus fran\u00e7ais que ceux qui ne sont que fran\u00e7ais ? Je n\u2019ose pas croire qu\u2019il ait voulu dire \u00ab Fran\u00e7ais de souche\u00a0\u00bb<br \/>\n\u00ab<em><strong>\u00a0\u2026Ma responsabilit\u00e9, c\u2019est\u2026<\/strong><\/em>\u00a0\u00bb<br \/>\nEnsuite, en quoi le fait d\u2019\u00eatre Fran\u00e7ais, <em>vraiment<\/em> ou pas, rel\u00e8ve-t-il de la responsabilit\u00e9 de Macron ? De Macron candidat ? De Macron pr\u00e9sident ? Non, vraiment, je ne vois pas.<br \/>\n\u00ab\u00a0<strong><em>\u2026casser ces blocages\u2026<\/em><\/strong>\u00a0\u00bb<br \/>\nMais de quels blocages s\u2019agit-il ? Des blocages qui emp\u00eacheraient les pieds noirs de se consid\u00e9rer comme Fran\u00e7ais ? Le genre de blocage que cr\u00e9erait par exemple une comparaison hasardeuse avec les Nazis par un pr\u00e9sident putatif \u00a0?<br \/>\n\u00ab\u00a0<em><strong>\u2026donc je le dis, \u00e0 chacune et chacun dans vos conditions, dans vos histoires\u2026<\/strong><\/em>\u00bb<br \/>\nPlait-il ?<br \/>\n\u00ab\u00a0<em><strong>\u2026parce que je veux \u00eatre pr\u00e9sident, je vous ai compris et je vous aime \u2026\u00a0<\/strong><\/em>\u00bb<br \/>\nVeuillez m\u2019excuser, mais je ne vois pas bien la logique, l\u00e0 ? Est-ce que \u00ab\u00a0<em>je vous aime parce que je veux \u00eatre pr\u00e9sident<\/em> ? ou bien \u00ab\u00a0<em>je veux \u00eatre pr\u00e9sident parce que je vous aime<\/em> ?\u00a0\u00bb<br \/>\n\u00ab\u00a0<em><strong>\u2026je vous aime, la R\u00e9publique doit aimer chacun.<\/strong><\/em>\u00a0\u00bb<br \/>\nEst-ce que c\u2019est <em>vraiment<\/em> fran\u00e7ais, \u00e7a ? Je veux dire <em>grammaticalement<\/em> ?<\/p>\n<p style=\"text-align: justify;\">Eh oui, vous voyez, les d\u00e9clarations publiques de E.Macron me donne de plus en plus l\u2019impression d\u2019un arrangement al\u00e9atoire de mots d\u00e9cal\u00e9s, ronflants, convenus, d\u2019une combinaison probabiliste de propositions passe-partout, refl\u00e9tant un populisme habill\u00e9 de neuf, un discours de la m\u00e9thode sans fond, avec par cons\u00e9quent la profondeur du vide, une logorrh\u00e9e incantatoire de secte du Grand Mamamouchi, un consensus lisse, une bouillie aux sens multiples bien digne de cet \u00e9mule christique du Pingouin supr\u00eame.<br \/>\nC\u2019est beau comme du Paolo Coelho. La foule \u00e9bahie fait semblant de comprendre les aphorismes. Elle l\u00e8ve les bras au ciel comme le Ravi de la cr\u00e8che.<br \/>\nSi j\u2019\u00e9tais \u00e0 la place de la foule, je me m\u00e9fierais.<\/p>\n","protected":false},"excerpt":{"rendered":"<p>TAVUSSA 19 Mais dans quelle langue Macron parle-t-il donc ? Plus \u00e7a va, plus j\u2019ai l\u2019impression que les d\u00e9clarations d\u2019Emmanuel Macron sont faites d\u2019un assemblage de syntagmes choisis au hasard et plac\u00e9s comme des dominos, les uns derri\u00e8re les autres. Pourtant, cette combinaison al\u00e9atoire de mots, qu\u2019il pratique d\u00e9sormais couramment, donne, parfois \u00e0 son insu, &hellip; <a href=\"https:\/\/www.leblogdescoutheillas.com\/?p=8325\" class=\"more-link\">Continuer la lecture de <span class=\"screen-reader-text\">\u00bf TAVUSSA ? (19) Mais dans quelle langue Macron parle-t-il donc ?<\/span> <span class=\"meta-nav\">&rarr;<\/span><\/a><\/p>\n","protected":false},"author":1,"featured_media":0,"comment_status":"open","ping_status":"open","sticky":false,"template":"","format":"standard","meta":{"_mo_disable_npp":"","jetpack_post_was_ever_published":false,"_jetpack_newsletter_access":"","_jetpack_dont_email_post_to_subs":false,"_jetpack_newsletter_tier_id":0,"_jetpack_memberships_contains_paywalled_content":false,"_jetpack_memberships_contains_paid_content":false,"footnotes":"","jetpack_publicize_message":"","jetpack_publicize_feature_enabled":true,"jetpack_social_post_already_shared":true,"jetpack_social_options":{"image_generator_settings":{"template":"highway","default_image_id":0,"font":"","enabled":false},"version":2}},"categories":[2],"tags":[1174,21],"class_list":["post-8325","post","type-post","status-publish","format-standard","hentry","category-textes","tag-macron","tag-philippe"],"jetpack_publicize_connections":[],"jetpack_featured_media_url":"","jetpack_sharing_enabled":true,"_links":{"self":[{"href":"https:\/\/www.leblogdescoutheillas.com\/index.php?rest_route=\/wp\/v2\/posts\/8325","targetHints":{"allow":["GET"]}}],"collection":[{"href":"https:\/\/www.leblogdescoutheillas.com\/index.php?rest_route=\/wp\/v2\/posts"}],"about":[{"href":"https:\/\/www.leblogdescoutheillas.com\/index.php?rest_route=\/wp\/v2\/types\/post"}],"author":[{"embeddable":true,"href":"https:\/\/www.leblogdescoutheillas.com\/index.php?rest_route=\/wp\/v2\/users\/1"}],"replies":[{"embeddable":true,"href":"https:\/\/www.leblogdescoutheillas.com\/index.php?rest_route=%2Fwp%2Fv2%2Fcomments&post=8325"}],"version-history":[{"count":0,"href":"https:\/\/www.leblogdescoutheillas.com\/index.php?rest_route=\/wp\/v2\/posts\/8325\/revisions"}],"wp:attachment":[{"href":"https:\/\/www.leblogdescoutheillas.com\/index.php?rest_route=%2Fwp%2Fv2%2Fmedia&parent=8325"}],"wp:term":[{"taxonomy":"category","embeddable":true,"href":"https:\/\/www.leblogdescoutheillas.com\/index.php?rest_route=%2Fwp%2Fv2%2Fcategories&post=8325"},{"taxonomy":"post_tag","embeddable":true,"href":"https:\/\/www.leblogdescoutheillas.com\/index.php?rest_route=%2Fwp%2Fv2%2Ftags&post=8325"}],"curies":[{"name":"wp","href":"https:\/\/api.w.org\/{rel}","templated":true}]}}