{"id":7942,"date":"2017-02-24T08:08:24","date_gmt":"2017-02-24T06:08:24","guid":{"rendered":"http:\/\/www.leblogdescoutheillas.com\/?p=7942"},"modified":"2017-02-24T08:17:19","modified_gmt":"2017-02-24T06:17:19","slug":"premiere-lettre-de-beuzeville","status":"publish","type":"post","link":"https:\/\/www.leblogdescoutheillas.com\/?p=7942","title":{"rendered":"Premi\u00e8re lettre de Beuzeville"},"content":{"rendered":"<p><span style=\"color: #0000ff;\"><em>Beuzeville est une commune situ\u00e9e dans le d\u00e9partement de l&rsquo;Eure. Elle compte \u00e0 peine plus de 4.000 habitants. Elle ne poss\u00e8de aucun monument historique et aucun \u00e9v\u00e8nement notable ne s&rsquo;y est jamais d\u00e9roul\u00e9. On ne connait pas de sculpteur, de savant, d&rsquo;homme politique ou de star de cin\u00e9ma qui y soit n\u00e9. Moi-m\u00eame, je crois bien n&rsquo;y \u00eatre jamais pass\u00e9. La seule particularit\u00e9 de ce trou normand, c&rsquo;est le panneau routier \u00e9ponyme qui annonce la gare de p\u00e9age de l&rsquo;autoroute de Normandie et qui fait que ce nom sonne peut-\u00eatre famili\u00e8rement \u00e0 vos oreilles.<\/em><\/span><\/p>\n<p><span style=\"color: #0000ff;\"><em>Moi, je n&rsquo;ai rien contre la commune de Beuzeville, ni pour d&rsquo;ailleurs. A vrai dire, je me fous totalement de Beuzeville. Alors pourquoi, me direz-vous, inclure le nom de cette banale bourgade dans le titre de ce qui s&rsquo;annonce comme une nouvelle et brillante s\u00e9rie dont ce Journal a le secret ?<\/em><\/span><\/p>\n<p><span style=\"color: #0000ff;\"><em>Eh bien, voil\u00e0 : en fait, tout est dans la phon\u00e9tique\u2026 Beuzeville : r\u00e9p\u00e9tez donc ces trois syllabes trois ou quatre fois et vous comprendrez. Beuzeville, Beuzeville, Beuzeville\u2026 Est-ce que cette sonorit\u00e9 n&rsquo;\u00e9voque pas pour vous la France profonde, agricole et raisonnable, la France douce, pleine de bon sens et r\u00e9sign\u00e9e, celle qui ne comprend pas vraiment ce qui lui arrive et qui voudrait bien revenir un petit peu en arri\u00e8re, s&rsquo;il-vous-plait ?<\/em><\/span><\/p>\n<p><span style=\"color: #0000ff;\"><em>Pour vous je ne sais pas, mais pour moi, c&rsquo;est \u00e7a.<\/em><\/span><\/p>\n<p><span style=\"color: #0000ff;\"><em>J&rsquo;ai donc choisi Beuzeville comme point de d\u00e9part d&rsquo;une correspondance \u00e0 sens unique entre une Beuzevillaise et son fils parti \u00e0 la ville.<\/em><\/span><\/p>\n<p><span style=\"color: #0000ff;\"><em>En voici la premi\u00e8re lettre de Beuzeville :<\/em><\/span><\/p>\n<p style=\"text-align: right;\">Beuzeville, aujourd&rsquo;hui<\/p>\n<p>Mon cher fils,<\/p>\n<p>Je t&rsquo;\u00e9cris ces quelques lignes pour que tu saches que je t&rsquo;\u00e9cris. Alors, si tu re\u00e7ois cette lettre, c&rsquo;est qu&rsquo;elle est bien arriv\u00e9e. Si tu ne la re\u00e7ois pas, pr\u00e9viens-moi pour que je te la renvoie.<\/p>\n<p>Je t&rsquo;\u00e9cris lentement parce que je sais que tu ne lis pas tr\u00e8s vite.<\/p>\n<p>En ce moment, ici, le temps n&rsquo;est pas trop mauvais : la semaine derni\u00e8re il a plu seulement deux fois. La premi\u00e8re fois la pluie a dur\u00e9 trois jours, et la deuxi\u00e8me fois quatre.<\/p>\n<p>Il faut que je te dise que ta s\u0153ur Julie, celle qui s&rsquo;est mari\u00e9 avec son mari, elle a enfin mis au monde, mais on ne sait pas encore le sexe. Je ne saurais pas te dire si tu es oncle ou tante. Si c&rsquo;est une fille, ta s\u0153ur va l&rsquo;appeler comme moi. Ce sera quand m\u00eame \u00e9trange d&rsquo;appeler sa fille \u00ab\u00a0maman\u00a0\u00bb.<\/p>\n<p>Je dois maintenant te quitter car j&rsquo;arrive au bout de mon crayon. De toute fa\u00e7on, je n&rsquo;avais plus rien d&rsquo;int\u00e9ressant \u00e0 te dire. La prochaine fois, s&rsquo;il se passe des choses int\u00e9ressantes au village, je t&rsquo;\u00e9crirai au Bic.<\/p>\n<p>Ta maman qui t&#8217;embrasse tr\u00e8s fort et toi de m\u00eame.<\/p>\n","protected":false},"excerpt":{"rendered":"<p>Beuzeville est une commune situ\u00e9e dans le d\u00e9partement de l&rsquo;Eure. Elle compte \u00e0 peine plus de 4.000 habitants. Elle ne poss\u00e8de aucun monument historique et aucun \u00e9v\u00e8nement notable ne s&rsquo;y est jamais d\u00e9roul\u00e9. On ne connait pas de sculpteur, de savant, d&rsquo;homme politique ou de star de cin\u00e9ma qui y soit n\u00e9. Moi-m\u00eame, je crois &hellip; <a href=\"https:\/\/www.leblogdescoutheillas.com\/?p=7942\" class=\"more-link\">Continuer la lecture de <span class=\"screen-reader-text\">Premi\u00e8re lettre de Beuzeville<\/span> <span class=\"meta-nav\">&rarr;<\/span><\/a><\/p>\n","protected":false},"author":1,"featured_media":0,"comment_status":"open","ping_status":"open","sticky":false,"template":"","format":"standard","meta":{"_mo_disable_npp":"","jetpack_post_was_ever_published":false,"_jetpack_newsletter_access":"","_jetpack_dont_email_post_to_subs":true,"_jetpack_newsletter_tier_id":0,"_jetpack_memberships_contains_paywalled_content":false,"_jetpack_memberships_contains_paid_content":false,"footnotes":"","jetpack_publicize_message":"","jetpack_publicize_feature_enabled":true,"jetpack_social_post_already_shared":true,"jetpack_social_options":{"image_generator_settings":{"template":"highway","default_image_id":0,"font":"","enabled":false},"version":2}},"categories":[4,2],"tags":[1162],"class_list":["post-7942","post","type-post","status-publish","format-standard","hentry","category-citations","category-textes","tag-phiippe"],"jetpack_publicize_connections":[],"jetpack_featured_media_url":"","jetpack_sharing_enabled":true,"_links":{"self":[{"href":"https:\/\/www.leblogdescoutheillas.com\/index.php?rest_route=\/wp\/v2\/posts\/7942","targetHints":{"allow":["GET"]}}],"collection":[{"href":"https:\/\/www.leblogdescoutheillas.com\/index.php?rest_route=\/wp\/v2\/posts"}],"about":[{"href":"https:\/\/www.leblogdescoutheillas.com\/index.php?rest_route=\/wp\/v2\/types\/post"}],"author":[{"embeddable":true,"href":"https:\/\/www.leblogdescoutheillas.com\/index.php?rest_route=\/wp\/v2\/users\/1"}],"replies":[{"embeddable":true,"href":"https:\/\/www.leblogdescoutheillas.com\/index.php?rest_route=%2Fwp%2Fv2%2Fcomments&post=7942"}],"version-history":[{"count":0,"href":"https:\/\/www.leblogdescoutheillas.com\/index.php?rest_route=\/wp\/v2\/posts\/7942\/revisions"}],"wp:attachment":[{"href":"https:\/\/www.leblogdescoutheillas.com\/index.php?rest_route=%2Fwp%2Fv2%2Fmedia&parent=7942"}],"wp:term":[{"taxonomy":"category","embeddable":true,"href":"https:\/\/www.leblogdescoutheillas.com\/index.php?rest_route=%2Fwp%2Fv2%2Fcategories&post=7942"},{"taxonomy":"post_tag","embeddable":true,"href":"https:\/\/www.leblogdescoutheillas.com\/index.php?rest_route=%2Fwp%2Fv2%2Ftags&post=7942"}],"curies":[{"name":"wp","href":"https:\/\/api.w.org\/{rel}","templated":true}]}}