{"id":773,"date":"2014-12-13T04:07:18","date_gmt":"2014-12-13T03:07:18","guid":{"rendered":"http:\/\/leblogdescoutheillas.com\/?p=773"},"modified":"2014-02-23T16:11:35","modified_gmt":"2014-02-23T15:11:35","slug":"il-y-a-cent-ans-le-caporal-coutheillas-14","status":"publish","type":"post","link":"https:\/\/www.leblogdescoutheillas.com\/?p=773","title":{"rendered":"Il y a cent ans, le caporal Coutheillas&#8230;(14)"},"content":{"rendered":"<p><a href=\"http:\/\/leblogdescoutheillas.com\/wp-content\/uploads\/2014\/02\/Marcelin.png\"><img loading=\"lazy\" decoding=\"async\" class=\"alignnone size-thumbnail wp-image-693\" alt=\"Marcelin\" src=\"http:\/\/leblogdescoutheillas.com\/wp-content\/uploads\/2014\/02\/Marcelin-150x150.png\" width=\"150\" height=\"150\" \/><\/a><strong>Journal de Marcelin Coutheillas, 13-17 d\u00e9cembre 1914<\/strong><br \/>\n<i>Le 7 d\u00e9cembre, apr\u00e8s une marche \u00e9reintante, Marcel retombe malade. Il est \u00e9vacu\u00e9 d&rsquo;h\u00f4pital complet en h\u00f4pital complet pour arriver \u00e0 celui de St-Riquier.<br \/>\n<\/i><br \/>\n<b>13 d\u00e9cembre\u00a0\u00a0\u00a0\u00a0\u00a0\u00a0\u00a0\u00a0 <\/b>J\u2019\u00e9cris des lettres. \u00c7a me fatigue. Je vais un peu mieux, mais j\u2019ai un peu de fi\u00e8vre, 38\u00b07. Le lit commence \u00e0 me peser et je demande \u00e0 me lever. Je reste au petit r\u00e9gime. Toujours courbatur\u00e9.<b><\/b><br \/>\n<b>15 d\u00e9cembre\u00a0\u00a0\u00a0\u00a0\u00a0\u00a0\u00a0\u00a0 <\/b>En plus du petit d\u00e9jeuner, vin de quinine.<b><\/b><br \/>\n<b>17 d\u00e9cembre\u00a0\u00a0\u00a0\u00a0\u00a0\u00a0\u00a0\u00a0 <\/b>H\u00f4pital. Grand r\u00e9gime.<\/p>\n<p><i>Le journal du caporal Marcelin Coutheillas s\u2019arr\u00eate ainsi, \u00e0 L\u2019H\u00f4pital militaire de St-Riquier o\u00f9 il est soign\u00e9, sans doute pour une pneumonie. Il retourne en ligne en 1915. Il ne tient plus de journal.<\/i><br \/>\n<i>Il rentre au Service Auto de la 6\u00e8me arm\u00e9e en Janvier 1917 o\u00f9 il restera comme conducteur jusqu\u2019\u00e0 la fin de la guerre. Il est renvoy\u00e9 dans ses foyers le 25 janvier 1919, quatre ans et six mois apr\u00e8s son incorporation.<\/i><br \/>\n<i>Marcelin Coutheillas meurt chez lui, rue du Bourg-Tibourg \u00e0 Paris en Janvier 1926 \u00e0 l\u2019\u00e2ge de 48 ans.<\/i><\/p>\n","protected":false},"excerpt":{"rendered":"<p>Journal de Marcelin Coutheillas, 13-17 d\u00e9cembre 1914 Le 7 d\u00e9cembre, apr\u00e8s une marche \u00e9reintante, Marcel retombe malade. Il est \u00e9vacu\u00e9 d&rsquo;h\u00f4pital complet en h\u00f4pital complet pour arriver \u00e0 celui de St-Riquier. 13 d\u00e9cembre\u00a0\u00a0\u00a0\u00a0\u00a0\u00a0\u00a0\u00a0 J\u2019\u00e9cris des lettres. \u00c7a me fatigue. Je vais un peu mieux, mais j\u2019ai un peu de fi\u00e8vre, 38\u00b07. Le lit commence \u00e0 &hellip; <a href=\"https:\/\/www.leblogdescoutheillas.com\/?p=773\" class=\"more-link\">Continuer la lecture de <span class=\"screen-reader-text\">Il y a cent ans, le caporal Coutheillas&#8230;(14)<\/span> <span class=\"meta-nav\">&rarr;<\/span><\/a><\/p>\n","protected":false},"author":1,"featured_media":0,"comment_status":"open","ping_status":"open","sticky":false,"template":"","format":"standard","meta":{"_mo_disable_npp":"","jetpack_post_was_ever_published":false,"_jetpack_newsletter_access":"","_jetpack_dont_email_post_to_subs":false,"_jetpack_newsletter_tier_id":0,"_jetpack_memberships_contains_paywalled_content":false,"_jetpack_memberships_contains_paid_content":false,"footnotes":"","jetpack_publicize_message":"","jetpack_publicize_feature_enabled":true,"jetpack_social_post_already_shared":true,"jetpack_social_options":{"image_generator_settings":{"template":"highway","default_image_id":0,"font":"","enabled":false},"version":2}},"categories":[12,2],"tags":[186,175],"class_list":["post-773","post","type-post","status-publish","format-standard","hentry","category-recit","category-textes","tag-14-18","tag-marcelin-coutheillas"],"jetpack_publicize_connections":[],"jetpack_featured_media_url":"","jetpack_sharing_enabled":true,"_links":{"self":[{"href":"https:\/\/www.leblogdescoutheillas.com\/index.php?rest_route=\/wp\/v2\/posts\/773","targetHints":{"allow":["GET"]}}],"collection":[{"href":"https:\/\/www.leblogdescoutheillas.com\/index.php?rest_route=\/wp\/v2\/posts"}],"about":[{"href":"https:\/\/www.leblogdescoutheillas.com\/index.php?rest_route=\/wp\/v2\/types\/post"}],"author":[{"embeddable":true,"href":"https:\/\/www.leblogdescoutheillas.com\/index.php?rest_route=\/wp\/v2\/users\/1"}],"replies":[{"embeddable":true,"href":"https:\/\/www.leblogdescoutheillas.com\/index.php?rest_route=%2Fwp%2Fv2%2Fcomments&post=773"}],"version-history":[{"count":0,"href":"https:\/\/www.leblogdescoutheillas.com\/index.php?rest_route=\/wp\/v2\/posts\/773\/revisions"}],"wp:attachment":[{"href":"https:\/\/www.leblogdescoutheillas.com\/index.php?rest_route=%2Fwp%2Fv2%2Fmedia&parent=773"}],"wp:term":[{"taxonomy":"category","embeddable":true,"href":"https:\/\/www.leblogdescoutheillas.com\/index.php?rest_route=%2Fwp%2Fv2%2Fcategories&post=773"},{"taxonomy":"post_tag","embeddable":true,"href":"https:\/\/www.leblogdescoutheillas.com\/index.php?rest_route=%2Fwp%2Fv2%2Ftags&post=773"}],"curies":[{"name":"wp","href":"https:\/\/api.w.org\/{rel}","templated":true}]}}