{"id":7695,"date":"2017-02-22T08:08:18","date_gmt":"2017-02-22T06:08:18","guid":{"rendered":"http:\/\/leblogdescoutheillas.com\/?p=7695"},"modified":"2017-02-22T08:18:10","modified_gmt":"2017-02-22T06:18:10","slug":"chronique-des-annees-passees-10","status":"publish","type":"post","link":"https:\/\/www.leblogdescoutheillas.com\/?p=7695","title":{"rendered":"Chronique des ann\u00e9es pass\u00e9es &#8211; 10"},"content":{"rendered":"<p style=\"text-align: justify;\"><strong>Chronique des ann\u00e9es 90<\/strong><\/p>\n<p style=\"text-align: justify;\"><strong>10-La Chrysler<\/strong><\/p>\n<p style=\"text-align: justify;\">En fait, on ne l&rsquo;appelait pas comme \u00e7a, mais \u00e7a sonne tellement bien \u00ab\u00a0la Chrysler\u00a0\u00bb. \u00c7a fait tout de suite voiture de luxe, puissante, bicolore et sur-dessin\u00e9e, glissant silencieusement dans les rues de Beverley Hills. Cette image doit me rester de cette chanson parodique de Fernand Raynaud qui commen\u00e7ait comme \u00e7a :<em><br \/>\n\u2014T&rsquo;es un peu belle, mignonne,<\/em><br \/>\n<em>\u2014T&rsquo;es balanc\u00e9e comme une Chrysler&#8230;<\/em><\/p>\n<p style=\"text-align: justify;\">Dans les ann\u00e9es 90, l&rsquo;automobile am\u00e9ricaine \u00e9tait en crise. On n&rsquo;\u00e9tait m\u00eame pas certain que cette marque puisse passer le prochain hiver. Mais Chrysler commen\u00e7ait \u00e0 commercialiser en France un mini van sur lequel elle fondait beaucoup d&rsquo;espoir, le Voyager. Son nez tr\u00e8s court qui lui donnait une gueule de petit camion, sa silhouette carr\u00e9e qui rappelait de loin la Citro\u00ebn Kubik de mon enfance dont j&rsquo;ai d\u00e9j\u00e0 parl\u00e9 ici, ses barres de toit qui lui donnaient un air randonneur&#8230; Tout cela me plaisait bien. D&rsquo;ailleurs, il faudrait bient\u00f4t remplacer la Volvo qui <!--more-->avait fait son temps et qui de toute fa\u00e7on devenait trop petite : les enfants tenaient de plus en plus de place \u00e0 l&rsquo;arri\u00e8re, sans parler d&rsquo;Ena, notre labrador jaune de trente-trois kilos.<\/p>\n<p style=\"text-align: justify;\">Avoir \u00e0 conduire cette encombrante voiture effrayait un peu Sophie, mais elle finit par s&rsquo;y r\u00e9signer et accepter que je passe commande.<\/p>\n<p style=\"text-align: justify;\"><img loading=\"lazy\" decoding=\"async\" class=\"alignleft size-medium wp-image-7833\" src=\"http:\/\/leblogdescoutheillas.com\/wp-content\/uploads\/2016\/12\/Chrysler-300x203.jpg\" alt=\"\" width=\"300\" height=\"203\" srcset=\"https:\/\/www.leblogdescoutheillas.com\/wp-content\/uploads\/2016\/12\/Chrysler-300x203.jpg 300w, https:\/\/www.leblogdescoutheillas.com\/wp-content\/uploads\/2016\/12\/Chrysler-768x520.jpg 768w, https:\/\/www.leblogdescoutheillas.com\/wp-content\/uploads\/2016\/12\/Chrysler-960x650.jpg 960w\" sizes=\"auto, (max-width: 300px) 100vw, 300px\" \/>La voiture arriva deux mois plus tard et j&rsquo;allais en prendre livraison un samedi apr\u00e8s-midi dans le XV\u00e8me arrondissement.<\/p>\n<p style=\"text-align: justify;\">J&rsquo;avais choisi la couleur bordeaux qui, selon moi, confirmait bien l&rsquo;aspect d\u00e9suet de la voiture. A l&rsquo;int\u00e9rieur, ce n&rsquo;\u00e9tait que cuir cr\u00e8me, plastique marron et moquette beige. Deux confortables fauteuils \u00e0 l&rsquo;avant, s\u00e9par\u00e9s par un large espace dans lequel pointait le levier de vitesse, une banquette interm\u00e9diaire et une banquette arri\u00e8re permettaient d&rsquo;asseoir sept personnes. Cela pouvait paraitre trop pour nous qui n&rsquo;\u00e9tions que quatre humains et un chien, mais c&rsquo;est en grande partie ces deux banquettes qui avaient motiv\u00e9 mon choix. En effet, chacun de nos derniers longs voyages en automobile avait \u00e9t\u00e9 un calvaire \u00e0 cause des batailles continuelles des deux gar\u00e7ons qui luttaient sur l&rsquo;unique banquette arri\u00e8re de notre autre voiture pour gagner le plus possible d&rsquo;espace vital. Je pensais donc qu&rsquo;avoir chacun toute une banquette pour soi tout seul apporterait un peu de calme \u00e0 nos voyages.<\/p>\n<p style=\"text-align: justify;\">Tout juste de retour du concessionnaire, je d\u00e9cidai de partir sur le champ, n&rsquo;importe o\u00f9, mais avec tout le monde. Le choix de la destination fut facile : ce serait les ch\u00e2teaux de la Loire, instructif et \u00e0 distance raisonnable. Nous dinerions sur la route et nous coucherions le soir m\u00eame \u00e0 Tours.<br \/>\nLes enfants firent savoir qu&rsquo;ils n&rsquo;\u00e9taient pas vraiment emball\u00e9s, mais moi, oui.<\/p>\n<p style=\"text-align: justify;\">Chacun trouva sa place tr\u00e8s vite dans la voiture : Guillaume, le plus grand, sur la banquette arri\u00e8re, S\u00e9bastien, plus petit, sur la banquette interm\u00e9diaire, Sophie sur le si\u00e8ge de co-pilote et moi, au volant. Ce fut certainement Ena la plus satisfaite de cette nouvelle voiture : elle s&rsquo;allongea tout de suite entre les deux si\u00e8ges avant et la banquette de S\u00e9bastien. Au cours des milliers de kilom\u00e8tres que nous parcour\u00fbmes plus tard tous ensemble, de temps en temps, n&rsquo;en pouvant plus de bonheur de se trouver confin\u00e9e dans un si petit espace avec tout ce qu&rsquo;elle aimait, \u00a0Ena prenait la pose du sphinx, appuyait sa gueule en soupirant sur le pommeau du levier de vitesse et attendait que je pose ma main sur sa t\u00eate, tandis que les enfants dormaient, lisaient ou \u00e9coutaient silencieusement leur musique, allong\u00e9s chacun sur leur banquette respective.<\/p>\n<p style=\"text-align: justify;\">Malgr\u00e9 l&rsquo;alarme de porti\u00e8re qui sonna continuellement pendant le voyage, malgr\u00e9 le froid, malgr\u00e9 le voisinage tr\u00e8s industriel de l&rsquo;h\u00f4tel Mercure de Tours, l&rsquo;exp\u00e9dition fut r\u00e9ussie et l&rsquo;adaptation de la Voyager \u00e0 nos besoins d\u00e9montr\u00e9e.<\/p>\n<p style=\"text-align: justify;\">La Voyager n&rsquo;\u00e9tait peut-\u00eatre pas la voiture la plus fiable du march\u00e9 du moment (c&rsquo;est ce que me r\u00e9p\u00e9tait sans cesse mon ami qui travaillait chez Renault), ce ne fut certainement pas ma meilleure voiture, mais ce fut sans conteste celle qui, encore aujourd&rsquo;hui, figure dans les meilleurs de mes souvenirs.<\/p>\n<p style=\"text-align: justify;\">Monter dans cette voiture par la porti\u00e8re lat\u00e9rale \u00e0 glissi\u00e8re, enjamber le chien pour atteindre mon fauteuil, jeter un coup d&rsquo;\u0153il en arri\u00e8re pour v\u00e9rifier le bouclage des ceintures des passagers avant de d\u00e9marrer le gros moteur, tout cela me donnait des impressions de commandant de bord.<\/p>\n<p style=\"text-align: justify;\">Partir vers le Sud-Ouest, surcharg\u00e9s de v\u00e9los de l&rsquo;ann\u00e9e, de cerfs-volants de l&rsquo;ann\u00e9e derni\u00e8re, de malles de draps, de valises de maillots de bain et de granul\u00e9s pour chien, me remplissait de bonheur.<\/p>\n<p style=\"text-align: justify;\">Ecouter tout en conduisant entre M\u00e9rignac et le Ferret S\u00e9bastien et son ami Marc discuter sur la banquette arri\u00e8re des professions respectives de leur p\u00e8re fut un enchantement.<\/p>\n<p style=\"text-align: justify;\">Par une nuit d&rsquo;orage, partir seul avec Ena et conduire jusqu&rsquo;\u00e0 la Pointe, se garer face \u00e0 l&rsquo;Oc\u00e9an et, la main pos\u00e9e sur le cr\u00e2ne du chien, confiant, observer \u00e0 travers le pare-brise la temp\u00eate qui se d\u00e9chainait sur la dune du Pyla fut un moment intense.<\/p>\n<p style=\"text-align: justify;\">C\u00e9der la place du conducteur \u00e0 Guillaume, lui rappeler la technique pour r\u00e9trograder en douceur de la quatri\u00e8me vitesse \u00e0 la troisi\u00e8me, le surveiller du coin de l&rsquo;\u0153il dans sa conduite jusqu&rsquo;\u00e0 Paris tandis que le reste de la famille dormait, tranquille, \u00e0 l&rsquo;arri\u00e8re, furent des moments de pl\u00e9nitude.<\/p>\n<p style=\"text-align: justify;\">Cette voiture ne dura bien s\u00fbr que quelques ann\u00e9es, mais, pleine des souvenirs de grands moments de petits bonheurs, elle reste pour moi un peu comme une maison de vacances o\u00f9 l&rsquo;on a \u00e9t\u00e9 heureux, ensemble, quelques semaines, quelques ann\u00e9es.<\/p>\n<p style=\"text-align: justify;\">C&rsquo;est b\u00eate, hein ?<\/p>\n","protected":false},"excerpt":{"rendered":"<p>Chronique des ann\u00e9es 90 10-La Chrysler En fait, on ne l&rsquo;appelait pas comme \u00e7a, mais \u00e7a sonne tellement bien \u00ab\u00a0la Chrysler\u00a0\u00bb. \u00c7a fait tout de suite voiture de luxe, puissante, bicolore et sur-dessin\u00e9e, glissant silencieusement dans les rues de Beverley Hills. Cette image doit me rester de cette chanson parodique de Fernand Raynaud qui commen\u00e7ait &hellip; <a href=\"https:\/\/www.leblogdescoutheillas.com\/?p=7695\" class=\"more-link\">Continuer la lecture de <span class=\"screen-reader-text\">Chronique des ann\u00e9es pass\u00e9es &#8211; 10<\/span> <span class=\"meta-nav\">&rarr;<\/span><\/a><\/p>\n","protected":false},"author":1,"featured_media":0,"comment_status":"open","ping_status":"open","sticky":false,"template":"","format":"standard","meta":{"_mo_disable_npp":"","jetpack_post_was_ever_published":false,"_jetpack_newsletter_access":"","_jetpack_dont_email_post_to_subs":true,"_jetpack_newsletter_tier_id":0,"_jetpack_memberships_contains_paywalled_content":false,"_jetpack_memberships_contains_paid_content":false,"footnotes":"","jetpack_publicize_message":"","jetpack_publicize_feature_enabled":true,"jetpack_social_post_already_shared":true,"jetpack_social_options":{"image_generator_settings":{"template":"highway","default_image_id":0,"font":"","enabled":false},"version":2}},"categories":[12,2],"tags":[21,560],"class_list":["post-7695","post","type-post","status-publish","format-standard","hentry","category-recit","category-textes","tag-philippe","tag-voyager"],"jetpack_publicize_connections":[],"jetpack_featured_media_url":"","jetpack_sharing_enabled":true,"_links":{"self":[{"href":"https:\/\/www.leblogdescoutheillas.com\/index.php?rest_route=\/wp\/v2\/posts\/7695","targetHints":{"allow":["GET"]}}],"collection":[{"href":"https:\/\/www.leblogdescoutheillas.com\/index.php?rest_route=\/wp\/v2\/posts"}],"about":[{"href":"https:\/\/www.leblogdescoutheillas.com\/index.php?rest_route=\/wp\/v2\/types\/post"}],"author":[{"embeddable":true,"href":"https:\/\/www.leblogdescoutheillas.com\/index.php?rest_route=\/wp\/v2\/users\/1"}],"replies":[{"embeddable":true,"href":"https:\/\/www.leblogdescoutheillas.com\/index.php?rest_route=%2Fwp%2Fv2%2Fcomments&post=7695"}],"version-history":[{"count":0,"href":"https:\/\/www.leblogdescoutheillas.com\/index.php?rest_route=\/wp\/v2\/posts\/7695\/revisions"}],"wp:attachment":[{"href":"https:\/\/www.leblogdescoutheillas.com\/index.php?rest_route=%2Fwp%2Fv2%2Fmedia&parent=7695"}],"wp:term":[{"taxonomy":"category","embeddable":true,"href":"https:\/\/www.leblogdescoutheillas.com\/index.php?rest_route=%2Fwp%2Fv2%2Fcategories&post=7695"},{"taxonomy":"post_tag","embeddable":true,"href":"https:\/\/www.leblogdescoutheillas.com\/index.php?rest_route=%2Fwp%2Fv2%2Ftags&post=7695"}],"curies":[{"name":"wp","href":"https:\/\/api.w.org\/{rel}","templated":true}]}}