{"id":7489,"date":"2017-02-19T08:08:32","date_gmt":"2017-02-19T06:08:32","guid":{"rendered":"http:\/\/leblogdescoutheillas.com\/?p=7489"},"modified":"2017-02-18T15:28:24","modified_gmt":"2017-02-18T13:28:24","slug":"incident-de-frontiere-chapitre-10","status":"publish","type":"post","link":"https:\/\/www.leblogdescoutheillas.com\/?p=7489","title":{"rendered":"Incident de fronti\u00e8re &#8211; Chapitre 10"},"content":{"rendered":"<p><span style=\"color: #0000ff;\"><strong><em>Tous les chapitres pr\u00e9c\u00e9dents sont l\u00e0 . Il suffit de cliquer dessus :<\/em><\/strong><\/span><\/p>\n<p style=\"text-align: justify;\">\u00a0<strong><a href=\"http:\/\/leblogdescoutheillas.com\/?p=7471\">Chapitre 1<\/a>\u00a0 \u00a0 \u00a0<a href=\"http:\/\/leblogdescoutheillas.com\/?p=7473\">Chapitre 2<\/a>\u00a0 \u00a0 \u00a0<a href=\"http:\/\/leblogdescoutheillas.com\/?p=7475\">Chapitre 3<\/a>\u00a0 \u00a0 \u00a0\u00a0<a href=\"http:\/\/www.leblogdescoutheillas.com\/?p=7477\">Chapitre 4<\/a>\u00a0 \u00a0 <a href=\"http:\/\/www.leblogdescoutheillas.com\/?p=7481\">Chapitre 5<\/a>\u00a0 \u00a0<a href=\"http:\/\/www.leblogdescoutheillas.com\/?p=7481\">Chapitre 6<\/a>\u00a0 \u00a0 \u00a0<a href=\"http:\/\/www.leblogdescoutheillas.com\/?p=7483\">Chapitre 7<\/a>\u00a0 \u00a0 \u00a0<a href=\"http:\/\/www.leblogdescoutheillas.com\/?p=7485\">Chapitre 8<\/a>\u00a0 \u00a0 \u00a0 <a href=\"http:\/\/www.leblogdescoutheillas.com\/?p=7487\">Chapitre 9<\/a><\/strong><\/p>\n<p style=\"text-align: justify;\"><span style=\"color: #0000ff;\"><strong><em>R\u00e9sum\u00e9 des 9 chapitres pr\u00e9c\u00e9dents :<\/em><\/strong><\/span><br \/>\n<span style=\"color: #0000ff;\"><strong> <em>Nous sommes \u00e0 la fin du long weekend de mai 1970 de nos neuf voyageurs. Voici quelle est la situation :<\/em><\/strong><\/span><br \/>\n<span style=\"color: #0000ff;\"><strong> <em>Les deux breaks Peugeot 207 ont \u00e9t\u00e9 bloqu\u00e9es au poste fronti\u00e8re d&rsquo;Addabousiyah, et deux de leurs occupantes, des jeunes femmes am\u00e9ricaines, soup\u00e7onn\u00e9es d&rsquo;espionnage pour avoir photographi\u00e9 le poste fronti\u00e8re et une jeep de l&rsquo;arm\u00e9e, ont pass\u00e9 plus d&rsquo;une heure prisonni\u00e8res des soldats syriens. Elles viennent d&rsquo;\u00eatre lib\u00e9r\u00e9es, mais on ne sait pas ce qui a bien pu se passer dans le poste militaire. On craint le pire. <\/em><\/strong><\/span><\/p>\n<p style=\"text-align: justify;\"><strong><em>Chapitre 10<\/em><\/strong><\/p>\n<p style=\"text-align: justify;\">La nuit \u00e9tait tomb\u00e9e. Les occupants de la premi\u00e8re voiture mouraient d&rsquo;impatience de savoir ce qui s&rsquo;\u00e9tait pass\u00e9, car Anne et Patricia \u00e9taient mont\u00e9es pr\u00e9cipitamment dans celle de Christian sans avoir le temps de rien expliquer. Tout en conduisant, Jean-Pierre pensait qu&rsquo;il n&rsquo;aurait pas \u00e9t\u00e9 prudent de s&rsquo;arr\u00eater en rase campagne pour discuter de tout \u00e7a. Ce n&rsquo;est pas que la campagne libanaise ne soit pas sure, mais avec ce qu&rsquo;ils avaient appris par Radio Hamra, il valait mieux mettre quelques kilom\u00e8tres de plus entre eux et la fronti\u00e8re syrienne. Ils avaient eu assez d&rsquo;ennuis comme \u00e7a. Le mieux serait de s&rsquo;arr\u00eater dans un des caf\u00e9s de bord de mer \u00e0 Tripoli. Ils y seraient plus en s\u00e9curit\u00e9. Il acc\u00e9l\u00e9ra et tenta de se concentrer sur la conduite.<\/p>\n<p style=\"text-align: justify;\">C&rsquo;est Bill qui parla le premier. Il se pencha entre les deux si\u00e8ges avant et toucha l\u00e9g\u00e8rement l&rsquo;\u00e9paule du conducteur.<\/p>\n<p style=\"text-align: justify;\">&#8211; Que pensez-vous qu&rsquo;ils ont fait \u00e0 elles ? dit-il en fran\u00e7ais.<\/p>\n<p style=\"text-align: justify;\">Comme tous les autres, Jean-Pierre ne pensait qu&rsquo;au pire, \u00e0 \u00e7a, au viol, mais il n&rsquo;\u00e9tait pas question de l&rsquo;avouer.<\/p>\n<p style=\"text-align: justify;\">&#8211; Sais pas, r\u00e9pondit Jean-Pierre, crisp\u00e9.<\/p>\n<p style=\"text-align: justify;\">&#8211; Elles n&rsquo;avaient pas l&rsquo;air mal en point, dit Fran\u00e7oise qui cherchait autant \u00e0 se rassurer elle-m\u00eame qu&rsquo;\u00e0 rassurer les autres.<\/p>\n<p style=\"text-align: justify;\">&#8211; Avec ces sauvages, on ne sait jamais ! Mon dieu, quel pays ! Et il parait qu&rsquo;en Arabie Saoudite, c&rsquo;est <!--more-->encore pire. Je ne pourrai jamais emmener Tavia dans ce genre d&rsquo;endroit. Bandes de salopards &#8230;<\/p>\n<p style=\"text-align: justify;\">C&rsquo;\u00e9tait John qui avait parl\u00e9. Il commen\u00e7ait \u00e0 s&rsquo;angoisser pour sa prochaine situation \u00e0 Djeddah. Il craignait d&rsquo;avoir \u00e0 choisir entre Tavia et son avenir \u00e0 la First National.<\/p>\n<p style=\"text-align: justify;\">&#8211; Ecoute, John, dit Jean-Pierre, on ne sait pas ce qui s&rsquo;est pass\u00e9. Encore vingt ou trente kilom\u00e8tres et on sera \u00e0 Tripoli. L\u00e0, on pourra voir les filles. Elles nous diront. Alors, d&rsquo;ici, l\u00e0, tu ne mets pas la panique dans la voiture et tu te calmes, d&rsquo;accord ?<\/p>\n<p style=\"text-align: justify;\">-Ne vous f\u00e2chez pas, Jean-Pierre, intervint Bill. Nous sommes tous inquiets pour nos amies. Anne \u00e0 l&rsquo;air d&rsquo;une fille solide, mais Patricia est tellement fragile, innocente&#8230;<\/p>\n<p style=\"text-align: justify;\">-Marrant&#8230;, dit Jean-Pierre d&rsquo;un air entendu.<\/p>\n<p style=\"text-align: justify;\">-Qu&rsquo;est-ce que c&rsquo;est, \u00ab\u00a0marrant\u00a0\u00bb ? Pourquoi vous dites \u00ab\u00a0marrant\u00a0\u00bb ?<\/p>\n<p style=\"text-align: justify;\">-Je dis \u00ab\u00a0marrant\u00a0\u00bb parce que c&rsquo;est marrant que \u00e7a soit vous qui disiez que Patricia est si fragile, si innocente ! Alors que vous avez &#8230;<\/p>\n<p style=\"text-align: justify;\">Fran\u00e7oise posa doucement sa main sur celle de son mari :<\/p>\n<p style=\"text-align: justify;\">-Jean-Pierre, s&rsquo;il te plait &#8230;<\/p>\n<p style=\"text-align: justify;\">Conciliant, Jean-Pierre s&rsquo;interrompit et se contenta de r\u00e9p\u00e9ter :<\/p>\n<p style=\"text-align: justify;\">-Marrant !<\/p>\n<p style=\"text-align: justify;\">-Dites Jean-Pierre ! La nature de mes relations, s&rsquo;il y en a, avec Patricia, c&rsquo;est pas votre business. Par-dessus, elles n&rsquo;ont rien \u00e0 voir avec ce qui s&rsquo;est pass\u00e9. Par contre, si nous en sommes l\u00e0, c&rsquo;est un peu de votre faute.<\/p>\n<p style=\"text-align: justify;\">Jean-Pierre appuya brutalement sur le frein qu&rsquo;il rel\u00e2cha aussit\u00f4t, \u00e9vitant ainsi \u00e0 la voiture de Christian qui le suivait de pr\u00e8s de le tamponner par l&rsquo;arri\u00e8re.<\/p>\n<p style=\"text-align: justify;\">-Qu&rsquo;est-ce que vous dites ?<\/p>\n<p style=\"text-align: justify;\">&#8211; Doucement, Jean-Pierre, ne t&rsquo;\u00e9nerve pas, dit Fran\u00e7oise en posant \u00e0 nouveau sa main sur la sienne.<\/p>\n<p style=\"text-align: justify;\">Jean-Pierre se d\u00e9gagea vivement, et se retournant \u00e0 moiti\u00e9 vers Bill :<\/p>\n<p style=\"text-align: justify;\">&#8211; De ma faute, de ma faute ! Non, mais vous dites n&rsquo;importe quoi, mon pauvre vieux.<\/p>\n<p style=\"text-align: justify;\">&#8211; Il faut quand m\u00eame bien reconna\u00eetre que vous \u00e9tiez le chef de cette exp\u00e9dition. Ce sont bien vos voitures, vos choix, vos itin\u00e9raires, vos horaires, vos d\u00e9cisions qui nous ont amen\u00e9s l\u00e0.<\/p>\n<p style=\"text-align: justify;\">&#8211; Voil\u00e0 que vous parlez comme Christian, vous\u00a0! Vous oubliez que nous ne sommes ici que des touristes, que mes bureaux sont ferm\u00e9s le dimanche et que je ne suis plus chef de rien du tout pendant les week-ends&#8230; Vous \u00e9tiez bien contents qu&rsquo;on vous emm\u00e8ne. Sans moi, sans nous, vous auriez pass\u00e9 votre week-end tout seul au bord de la piscine du Ph\u0153nicia \u00e0 picoler avec\u00a0des diplomates et des banquiers am\u00e9ricains. Pas tr\u00e8s professionnel pour un soi-disant arch\u00e9ologue, non ?<\/p>\n<p style=\"text-align: justify;\">-Jean-Pierre ! Je t&rsquo;en prie, arr\u00eate ! dit Fran\u00e7oise \u00e0 mi-voix.<\/p>\n<p style=\"text-align: justify;\">Mais Jean-Pierre n&rsquo;en pouvait plus. Il en avait marre de ces Am\u00e9ricains, marre de leurs bermudas, marre de leur inconscience, de leur assurance, de leur ignorance. Malgr\u00e9 lui, il ressentait une sorte de culpabilit\u00e9. Le stress, l&rsquo;impuissance, l&rsquo;anxi\u00e9t\u00e9,\u00a0la pression\u00a0accumul\u00e9e depuis des heures,\u00a0tout \u00e7a devait exploser. \u00c7a explosa.<\/p>\n<p style=\"text-align: justify;\">&#8211; Mais qu&rsquo;est-ce que vous croyez, vous, le Californien ? Vous croyez que vous \u00eates partout chez vous, vous croyez que tout le monde vous aime ? Vous croyez que vous pouvez vous balader en culottes courtes sur les Champs-Elys\u00e9es ou dans la mosqu\u00e9e des Omeyyades sans choquer personne ? Vous croyez que vous pouvez faire n&rsquo;importe quoi n&rsquo;importe o\u00f9 ? C&rsquo;est aux autres de s&rsquo;adapter, c&rsquo;est \u00e7a, hein ? Vous n&rsquo;\u00eates pas fichus de comprendre que ces gens, ces arabes, sont ici chez eux, qu&rsquo;il y a un minimum de respect \u00e0 avoir, que ce pays se consid\u00e8re\u00a0comme en guerre et qu&rsquo;ils vous consid\u00e8rent, vous, comme le meilleur alli\u00e9 de leur ennemi jur\u00e9, qu&rsquo;ils sont persuad\u00e9s d&rsquo;avoir raison, d&rsquo;\u00eatre dans leur droit et d&rsquo;avoir Dieu avec eux&#8230; tout comme vous, finalement&#8230;<\/p>\n<p style=\"text-align: justify;\">&#8211; \u00c9coutez, Jean-Pierre&#8230; risqua Bill<\/p>\n<p style=\"text-align: justify;\">-Non, c&rsquo;est vous qui \u00e9coutez ! Je ne sais pas ce que ces \u00ab\u00a0sauvages\u00a0\u00bb ont pu faire \u00e0 vos amies et, comme vous, je crains le pire. Mais ne me dites pas que je suis responsable en quoi que ce soit de ce qui leur est peut-\u00eatre arriv\u00e9. Ce sont quand m\u00eame vos ch\u00e8res compatriotes qui ont excit\u00e9 ces pauvres gamins d&rsquo;Alep, \u00e0 se balader devant eux en jeans moulants et T-shirt \u00e0 manches courtes comme si elles \u00e9taient \u00e0 Santa Monica. Ce sont bien elles qui ont failli d\u00e9clencher une \u00e9meute dans un march\u00e9 aux chameaux. Ce sont bien elles qui ont photographi\u00e9 le poste fronti\u00e8re d&rsquo;un pays en guerre. Alors, ne dites pas que je suis responsable, fermez votre gueule et priez pour elles\u00a0! Non mais, sans blague&#8230;<\/p>\n<p style=\"text-align: justify;\">Bill l\u00e2cha le dossier du si\u00e8ge de Fran\u00e7oise qu&rsquo;il tenait d\u2019une main depuis qu&rsquo;il avait pos\u00e9 sa malencontreuse question et se rencogna contre la porti\u00e8re. John regardait fixement l&rsquo;obscurit\u00e9 qui r\u00e9gnait \u00e0 l&rsquo;ext\u00e9rieur en se demandant comment faire pour paraitre ne pas avoir entendu la diatribe du conducteur. Fran\u00e7oise comprenait la col\u00e8re de son mari. Elle se disait aussi qu&rsquo;il n&rsquo;avait pas tort, mais qu&rsquo;elle aurait pr\u00e9f\u00e9r\u00e9 qu&rsquo;il garde tout \u00e7a pour lui.<\/p>\n<p style=\"text-align: justify;\">Quant \u00e0 Jean-Pierre, il reprenait lentement son calme et commen\u00e7ait d\u00e9j\u00e0 \u00e0 regretter son \u00e9clat.<\/p>\n<p style=\"text-align: justify;\"><em><strong><span style=\"color: #0000ff;\">A SUIVRE&#8230;dimanche prochain<\/span><\/strong><\/em><\/p>\n<p>&nbsp;<\/p>\n","protected":false},"excerpt":{"rendered":"<p>Tous les chapitres pr\u00e9c\u00e9dents sont l\u00e0 . Il suffit de cliquer dessus : \u00a0Chapitre 1\u00a0 \u00a0 \u00a0Chapitre 2\u00a0 \u00a0 \u00a0Chapitre 3\u00a0 \u00a0 \u00a0\u00a0Chapitre 4\u00a0 \u00a0 Chapitre 5\u00a0 \u00a0Chapitre 6\u00a0 \u00a0 \u00a0Chapitre 7\u00a0 \u00a0 \u00a0Chapitre 8\u00a0 \u00a0 \u00a0 Chapitre 9 R\u00e9sum\u00e9 des 9 chapitres pr\u00e9c\u00e9dents : Nous sommes \u00e0 la fin du long weekend de mai &hellip; <a href=\"https:\/\/www.leblogdescoutheillas.com\/?p=7489\" class=\"more-link\">Continuer la lecture de <span class=\"screen-reader-text\">Incident de fronti\u00e8re &#8211; Chapitre 10<\/span> <span class=\"meta-nav\">&rarr;<\/span><\/a><\/p>\n","protected":false},"author":1,"featured_media":0,"comment_status":"open","ping_status":"open","sticky":false,"template":"","format":"standard","meta":{"_mo_disable_npp":"","jetpack_post_was_ever_published":false,"_jetpack_newsletter_access":"","_jetpack_dont_email_post_to_subs":false,"_jetpack_newsletter_tier_id":0,"_jetpack_memberships_contains_paywalled_content":false,"_jetpack_memberships_contains_paid_content":false,"footnotes":"","jetpack_publicize_message":"","jetpack_publicize_feature_enabled":true,"jetpack_social_post_already_shared":true,"jetpack_social_options":{"image_generator_settings":{"template":"highway","default_image_id":0,"font":"","enabled":false},"version":2}},"categories":[13,2],"tags":[21],"class_list":["post-7489","post","type-post","status-publish","format-standard","hentry","category-fiction","category-textes","tag-philippe"],"jetpack_publicize_connections":[],"jetpack_featured_media_url":"","jetpack_sharing_enabled":true,"_links":{"self":[{"href":"https:\/\/www.leblogdescoutheillas.com\/index.php?rest_route=\/wp\/v2\/posts\/7489","targetHints":{"allow":["GET"]}}],"collection":[{"href":"https:\/\/www.leblogdescoutheillas.com\/index.php?rest_route=\/wp\/v2\/posts"}],"about":[{"href":"https:\/\/www.leblogdescoutheillas.com\/index.php?rest_route=\/wp\/v2\/types\/post"}],"author":[{"embeddable":true,"href":"https:\/\/www.leblogdescoutheillas.com\/index.php?rest_route=\/wp\/v2\/users\/1"}],"replies":[{"embeddable":true,"href":"https:\/\/www.leblogdescoutheillas.com\/index.php?rest_route=%2Fwp%2Fv2%2Fcomments&post=7489"}],"version-history":[{"count":0,"href":"https:\/\/www.leblogdescoutheillas.com\/index.php?rest_route=\/wp\/v2\/posts\/7489\/revisions"}],"wp:attachment":[{"href":"https:\/\/www.leblogdescoutheillas.com\/index.php?rest_route=%2Fwp%2Fv2%2Fmedia&parent=7489"}],"wp:term":[{"taxonomy":"category","embeddable":true,"href":"https:\/\/www.leblogdescoutheillas.com\/index.php?rest_route=%2Fwp%2Fv2%2Fcategories&post=7489"},{"taxonomy":"post_tag","embeddable":true,"href":"https:\/\/www.leblogdescoutheillas.com\/index.php?rest_route=%2Fwp%2Fv2%2Ftags&post=7489"}],"curies":[{"name":"wp","href":"https:\/\/api.w.org\/{rel}","templated":true}]}}