{"id":7407,"date":"2016-12-26T08:08:19","date_gmt":"2016-12-26T06:08:19","guid":{"rendered":"http:\/\/leblogdescoutheillas.com\/?p=7407"},"modified":"2016-12-26T08:28:03","modified_gmt":"2016-12-26T06:28:03","slug":"la-grande-illusion-2","status":"publish","type":"post","link":"https:\/\/www.leblogdescoutheillas.com\/?p=7407","title":{"rendered":"La Grande Illusion"},"content":{"rendered":"<p><strong>Mar\u00e9chal et Rosenthal pr\u00e9parent leur \u00e9vasion<\/strong><br \/>\n<img loading=\"lazy\" decoding=\"async\" class=\"alignleft size-large wp-image-7394\" src=\"http:\/\/leblogdescoutheillas.com\/wp-content\/uploads\/2016\/11\/GRANDE-ILLUSION--638x960.jpg\" alt=\"grande-illusion\" width=\"604\" height=\"909\" srcset=\"https:\/\/www.leblogdescoutheillas.com\/wp-content\/uploads\/2016\/11\/GRANDE-ILLUSION--638x960.jpg 638w, https:\/\/www.leblogdescoutheillas.com\/wp-content\/uploads\/2016\/11\/GRANDE-ILLUSION--199x300.jpg 199w, https:\/\/www.leblogdescoutheillas.com\/wp-content\/uploads\/2016\/11\/GRANDE-ILLUSION--768x1156.jpg 768w, https:\/\/www.leblogdescoutheillas.com\/wp-content\/uploads\/2016\/11\/GRANDE-ILLUSION-.jpg 950w\" sizes=\"auto, (max-width: 604px) 100vw, 604px\" \/><br \/>\n<strong>Rauffenstein au chevet de Boeildieu<\/strong><br \/>\n<img loading=\"lazy\" decoding=\"async\" class=\"alignleft size-large wp-image-7390\" src=\"http:\/\/leblogdescoutheillas.com\/wp-content\/uploads\/2016\/11\/LA-GRANDE-ILLUSION-624x960.jpg\" alt=\"la-grande-illusion\" width=\"604\" height=\"929\" srcset=\"https:\/\/www.leblogdescoutheillas.com\/wp-content\/uploads\/2016\/11\/LA-GRANDE-ILLUSION-624x960.jpg 624w, https:\/\/www.leblogdescoutheillas.com\/wp-content\/uploads\/2016\/11\/LA-GRANDE-ILLUSION-195x300.jpg 195w, https:\/\/www.leblogdescoutheillas.com\/wp-content\/uploads\/2016\/11\/LA-GRANDE-ILLUSION-768x1182.jpg 768w, https:\/\/www.leblogdescoutheillas.com\/wp-content\/uploads\/2016\/11\/LA-GRANDE-ILLUSION.jpg 872w\" sizes=\"auto, (max-width: 604px) 100vw, 604px\" \/><\/p>\n<p><strong>La Grande Illusion<br \/>\nJean Renoir &#8211; 1937<br \/>\nJean Gabin, Marcel Dallio, Pierre Fresnay, Eric von Stroheim<\/strong><\/p>\n","protected":false},"excerpt":{"rendered":"<p>Mar\u00e9chal et Rosenthal pr\u00e9parent leur \u00e9vasion Rauffenstein au chevet de Boeildieu La Grande Illusion Jean Renoir &#8211; 1937 Jean Gabin, Marcel Dallio, Pierre Fresnay, Eric von Stroheim<\/p>\n","protected":false},"author":1,"featured_media":0,"comment_status":"open","ping_status":"open","sticky":false,"template":"","format":"standard","meta":{"_mo_disable_npp":"","jetpack_post_was_ever_published":false,"_jetpack_newsletter_access":"","_jetpack_dont_email_post_to_subs":false,"_jetpack_newsletter_tier_id":0,"_jetpack_memberships_contains_paywalled_content":false,"_jetpack_memberships_contains_paid_content":false,"footnotes":"","jetpack_publicize_message":"","jetpack_publicize_feature_enabled":true,"jetpack_social_post_already_shared":true,"jetpack_social_options":{"image_generator_settings":{"template":"highway","default_image_id":0,"font":"","enabled":false},"version":2}},"categories":[3],"tags":[],"class_list":["post-7407","post","type-post","status-publish","format-standard","hentry","category-photos"],"jetpack_publicize_connections":[],"jetpack_featured_media_url":"","jetpack_sharing_enabled":true,"_links":{"self":[{"href":"https:\/\/www.leblogdescoutheillas.com\/index.php?rest_route=\/wp\/v2\/posts\/7407","targetHints":{"allow":["GET"]}}],"collection":[{"href":"https:\/\/www.leblogdescoutheillas.com\/index.php?rest_route=\/wp\/v2\/posts"}],"about":[{"href":"https:\/\/www.leblogdescoutheillas.com\/index.php?rest_route=\/wp\/v2\/types\/post"}],"author":[{"embeddable":true,"href":"https:\/\/www.leblogdescoutheillas.com\/index.php?rest_route=\/wp\/v2\/users\/1"}],"replies":[{"embeddable":true,"href":"https:\/\/www.leblogdescoutheillas.com\/index.php?rest_route=%2Fwp%2Fv2%2Fcomments&post=7407"}],"version-history":[{"count":0,"href":"https:\/\/www.leblogdescoutheillas.com\/index.php?rest_route=\/wp\/v2\/posts\/7407\/revisions"}],"wp:attachment":[{"href":"https:\/\/www.leblogdescoutheillas.com\/index.php?rest_route=%2Fwp%2Fv2%2Fmedia&parent=7407"}],"wp:term":[{"taxonomy":"category","embeddable":true,"href":"https:\/\/www.leblogdescoutheillas.com\/index.php?rest_route=%2Fwp%2Fv2%2Fcategories&post=7407"},{"taxonomy":"post_tag","embeddable":true,"href":"https:\/\/www.leblogdescoutheillas.com\/index.php?rest_route=%2Fwp%2Fv2%2Ftags&post=7407"}],"curies":[{"name":"wp","href":"https:\/\/api.w.org\/{rel}","templated":true}]}}