{"id":7017,"date":"2017-03-24T07:07:55","date_gmt":"2017-03-24T05:07:55","guid":{"rendered":"http:\/\/leblogdescoutheillas.com\/?p=7017"},"modified":"2017-03-19T08:43:50","modified_gmt":"2017-03-19T06:43:50","slug":"chronique-des-annees-passees-8","status":"publish","type":"post","link":"https:\/\/www.leblogdescoutheillas.com\/?p=7017","title":{"rendered":"Chronique des ann\u00e9es pass\u00e9es &#8211; 9"},"content":{"rendered":"<p><strong>Chronique des ann\u00e9es cinquante<\/strong><\/p>\n<p><strong>9 &#8211; La 403<\/strong><\/p>\n<p>Elle succ\u00e9da aux 203. Elle fut la contemporaine de la Kubik et d&rsquo;une ou deux Deux-Chevaux.<\/p>\n<p>Quels souvenirs me restent-ils de cette lourde voiture ?<\/p>\n<p>Celui de mes le\u00e7ons de conduite que mon p\u00e8re me donnait en toute ill\u00e9galit\u00e9 d\u00e8s l&rsquo;\u00e2ge de quinze ans ?<\/p>\n<p><img loading=\"lazy\" decoding=\"async\" class=\"alignleft size-medium wp-image-7026\" src=\"http:\/\/leblogdescoutheillas.com\/wp-content\/uploads\/2016\/09\/403-300x186.jpg\" alt=\"403\" width=\"300\" height=\"186\" srcset=\"https:\/\/www.leblogdescoutheillas.com\/wp-content\/uploads\/2016\/09\/403-300x186.jpg 300w, https:\/\/www.leblogdescoutheillas.com\/wp-content\/uploads\/2016\/09\/403-768x475.jpg 768w, https:\/\/www.leblogdescoutheillas.com\/wp-content\/uploads\/2016\/09\/403-960x594.jpg 960w, https:\/\/www.leblogdescoutheillas.com\/wp-content\/uploads\/2016\/09\/403.jpg 1318w\" sizes=\"auto, (max-width: 300px) 100vw, 300px\" \/>Celui de nos d\u00e9parts \u00e0 la chasse, charg\u00e9s de fusils, de cartouches, de bottes et de carniers, Vercors dans la malle arri\u00e8re, moi devant, content de me retrouver tout \u00e0 l&rsquo;heure admis parmi ces hommes murs, lui au volant, heureux de montrer son fils \u00e0 ses amis ?<\/p>\n<p>Cette appr\u00e9hension de ces moments que je souhaitais si fort sans oser les demander o\u00f9 mon p\u00e8re s&rsquo;engageait sur le bas c\u00f4t\u00e9 de la route et disait : \u00ab\u00a0Tu conduis !\u00a0\u00bb ?<\/p>\n<p>Ou peut-\u00eatre cette nuit sans lune entre Pithiviers <!--more-->et \u00c9tampes, sur cette route bomb\u00e9e qui filait entre deux murs de platanes , o\u00f9, voulant passer de phares en codes, j&rsquo;\u00e9teignis d&rsquo;un seul coup toutes les lumi\u00e8res de la voiture ?<\/p>\n<p>Ou encore ces retours du dimanche soir o\u00f9 je regardais sans le voir le ballet des essuie-glaces en \u00e9coutant les critiques du Masque et la Plume \u00e9reinter le dernier film de Sacha Guitry, tandis que mon p\u00e8re disait \u00ab\u00a0Bande de connards\u00a0\u00bb ?<\/p>\n<p>Tous ces souvenirs sont l\u00e0. Ils reviennent quand j&rsquo;\u00e9coute le Masque, \u00e0 chaque fois, quand je pense \u00e0 la chasse, souvent, quand je roule la nuit, parfois.<\/p>\n<p>Mais des 403, on n&rsquo;en voit plus.<\/p>\n","protected":false},"excerpt":{"rendered":"<p>Chronique des ann\u00e9es cinquante 9 &#8211; La 403 Elle succ\u00e9da aux 203. Elle fut la contemporaine de la Kubik et d&rsquo;une ou deux Deux-Chevaux. Quels souvenirs me restent-ils de cette lourde voiture ? Celui de mes le\u00e7ons de conduite que mon p\u00e8re me donnait en toute ill\u00e9galit\u00e9 d\u00e8s l&rsquo;\u00e2ge de quinze ans ? Celui de &hellip; <a href=\"https:\/\/www.leblogdescoutheillas.com\/?p=7017\" class=\"more-link\">Continuer la lecture de <span class=\"screen-reader-text\">Chronique des ann\u00e9es pass\u00e9es &#8211; 9<\/span> <span class=\"meta-nav\">&rarr;<\/span><\/a><\/p>\n","protected":false},"author":1,"featured_media":0,"comment_status":"open","ping_status":"open","sticky":false,"template":"","format":"standard","meta":{"_mo_disable_npp":"","jetpack_post_was_ever_published":false,"_jetpack_newsletter_access":"","_jetpack_dont_email_post_to_subs":false,"_jetpack_newsletter_tier_id":0,"_jetpack_memberships_contains_paywalled_content":false,"_jetpack_memberships_contains_paid_content":false,"footnotes":"","jetpack_publicize_message":"","jetpack_publicize_feature_enabled":true,"jetpack_social_post_already_shared":true,"jetpack_social_options":{"image_generator_settings":{"template":"highway","default_image_id":0,"font":"","enabled":false},"version":2}},"categories":[12,2],"tags":[1108,21],"class_list":["post-7017","post","type-post","status-publish","format-standard","hentry","category-recit","category-textes","tag-peugeot-403","tag-philippe"],"jetpack_publicize_connections":[],"jetpack_featured_media_url":"","jetpack_sharing_enabled":true,"_links":{"self":[{"href":"https:\/\/www.leblogdescoutheillas.com\/index.php?rest_route=\/wp\/v2\/posts\/7017","targetHints":{"allow":["GET"]}}],"collection":[{"href":"https:\/\/www.leblogdescoutheillas.com\/index.php?rest_route=\/wp\/v2\/posts"}],"about":[{"href":"https:\/\/www.leblogdescoutheillas.com\/index.php?rest_route=\/wp\/v2\/types\/post"}],"author":[{"embeddable":true,"href":"https:\/\/www.leblogdescoutheillas.com\/index.php?rest_route=\/wp\/v2\/users\/1"}],"replies":[{"embeddable":true,"href":"https:\/\/www.leblogdescoutheillas.com\/index.php?rest_route=%2Fwp%2Fv2%2Fcomments&post=7017"}],"version-history":[{"count":0,"href":"https:\/\/www.leblogdescoutheillas.com\/index.php?rest_route=\/wp\/v2\/posts\/7017\/revisions"}],"wp:attachment":[{"href":"https:\/\/www.leblogdescoutheillas.com\/index.php?rest_route=%2Fwp%2Fv2%2Fmedia&parent=7017"}],"wp:term":[{"taxonomy":"category","embeddable":true,"href":"https:\/\/www.leblogdescoutheillas.com\/index.php?rest_route=%2Fwp%2Fv2%2Fcategories&post=7017"},{"taxonomy":"post_tag","embeddable":true,"href":"https:\/\/www.leblogdescoutheillas.com\/index.php?rest_route=%2Fwp%2Fv2%2Ftags&post=7017"}],"curies":[{"name":"wp","href":"https:\/\/api.w.org\/{rel}","templated":true}]}}