{"id":653,"date":"2014-03-14T06:09:53","date_gmt":"2014-03-14T05:09:53","guid":{"rendered":"http:\/\/leblogdescoutheillas.com\/?p=653"},"modified":"2014-07-06T11:34:48","modified_gmt":"2014-07-06T09:34:48","slug":"lhotel-de-ville-de-bagnolet-critique-aisee-12","status":"publish","type":"post","link":"https:\/\/www.leblogdescoutheillas.com\/?p=653","title":{"rendered":"L&rsquo;H\u00f4tel de Ville de Bagnolet.      Critique ais\u00e9e 12"},"content":{"rendered":"<p>Bagnolet n\u2019est pas si difficile que \u00e7a \u00e0 trouver. En fait, quand vous partez pour Duba\u00ef, Los Angeles ou Singapour, quand le taxi qui vous emm\u00e8ne \u00e0 Charles De Gaulle tourne \u00e0 droite pour quitter le p\u00e9riph\u00e9rique et prendre l&rsquo;autoroute, quand vous voyez grandir puis dispara\u00eetre deux tours jumelles noires surmont\u00e9es de hautes antennes squelettiques, vous pouvez vous dire que vous venez de traverser Bagnolet.<br \/>\nJe ne suis pas un (Nouvel) observateur patent\u00e9 de la banlieue proche, et je ne me lancerai pas, sous un titre pseudo-humoristique du genre \u00ab\u00a0En bagnole \u00e0 Bagnolet\u00a0\u00bb, dans une apologie bobo d&rsquo;une cit\u00e9 de la premi\u00e8re couronne, avec son vieux quartier, sa pittoresque place du march\u00e9, ses commerces bigarr\u00e9s, ses tags c\u00e9l\u00e9br\u00e9s et sa petite \u00e9glise du XVI \u00e8me si\u00e8cle.<br \/>\nMais j\u2019ai vu l\u00e0-bas quelque chose dont il faut que je parle.<\/p>\n<p>\u00c0 la fin de l&rsquo;ann\u00e9e derni\u00e8re, au milieu des grues et des palissades, dans les odeurs traditionnelles de m\u00e9choui et de ciment frais, les Bagnoletais et les Bagnoletaises ont inaugur\u00e9 leur nouvel H\u00f4tel de Ville. Aujourd&rsquo;hui, 22 janvier 2014, les grues ont \u00e9t\u00e9 repli\u00e9es, les odeurs de gas-oil du proche p\u00e9riph\u00e9rique ont pris le dessus et le nouveau b\u00e2timent ses fonctions. Reli\u00e9 \u00e0 lui par une passerelle vitr\u00e9e, l&rsquo;ancienne marie demeure, genre de gros pavillon\u00a0de banlieue, toutes portes et volets clos au milieu d&rsquo;un terrain vague. On dirait qu&rsquo;on a oubli\u00e9 de d\u00e9monter une des baraques du chantier.<br \/>\nIl serait pourtant souhaitable que les maitres d\u2019ouvrage m\u00e9galomanes et conservateurs, les architectes r\u00e9p\u00e9titifs, les d\u00e9cideurs pusillanimes, les contr\u00f4leurs tatillons, enfin tous ces gens \u00e0 qui nous devons, entre autres, \u00a0le Minist\u00e8re des Phynances, la grande \u00a0Arche de la D\u00e9fense ou la Villa M\u00e9diterran\u00e9e, il serait souhaitable donc que tous ces gens aillent \u00a0voir ce modeste b\u00e2timent tout neuf.<br \/>\nA l\u2019ext\u00e9rieur, l\u2019entr\u00e9e principale est surmont\u00e9e d\u2019un empilement de cylindres \u00e0 base elliptique, qui rappelle sans imiter le Guggenheim de la 5<sup>\u00e8me<\/sup> Avenue, couronn\u00e9 par un parall\u00e9l\u00e9pip\u00e8de ouvert sur l\u2019ext\u00e9rieur comme ceux qui constituent la structure du Mus\u00e9e Pompidou de Metz. L\u2019ensemble est tr\u00e8s r\u00e9ussi. Le sont moins les deux fa\u00e7ades perpendiculaires qui se rejoignent sur les cylindres. Ces fa\u00e7ades, d\u2019un modernisme classique et sobre, sont malheureusement g\u00e2ch\u00e9es par l&rsquo;adoption de cette mode des r\u00e9silles, si r\u00e9ussie au MUCEM de Marseille et si malvenue ici, qui donne une tr\u00e8s forte impression de cl\u00f4ture provisoire. Passons, avec un peu de chance, \u00e7a rouillera vite.<\/p>\n<p>Pour moi, la v\u00e9ritable r\u00e9ussite de ce lieu, c&rsquo;est son hall d&rsquo;entr\u00e9e, tout fait de volumes \u00a0courbes et blancs, d&rsquo;une complexit\u00e9 audacieuse, magnifique et l\u00e9g\u00e8re. Un Trissotin appoint\u00e9 de T\u00e9l\u00e9rama y a vu une \u00ab\u00a0impeccable pr\u00e9tention de l&rsquo;architecte\u00a0\u00bb. Il a cru \u00e9galement y sentir souffler l&rsquo;esprit de Tati. Lequel? Celui de Mon Oncle, avec son modernisme ridicule? Celui de Trafic, avec sa splendide froideur? Ou celui des v\u00eatements bon march\u00e9? Je n\u2019y ai vu ni impeccable pr\u00e9tention ni fant\u00f4me de Tati mais un jeu superbe de creux et de volumes, de gris et de blancs, d\u2019ombres de lumi\u00e8res.<br \/>\nJe suppose, j&rsquo;esp\u00e8re, mais je n&rsquo;ai pas pu v\u00e9rifier, que les parties non accessibles au contribuable sont tout aussi r\u00e9ussies.<br \/>\nBravo, Jean-Pierre Lott, architecte!<\/p>\n<p><a href=\"http:\/\/leblogdescoutheillas.com\/wp-content\/uploads\/2014\/02\/P1240402.jpg\"><img loading=\"lazy\" decoding=\"async\" class=\"alignnone size-thumbnail wp-image-654\" alt=\"P1240402\" src=\"http:\/\/leblogdescoutheillas.com\/wp-content\/uploads\/2014\/02\/P1240402-150x150.jpg\" width=\"150\" height=\"150\" \/><\/a><a href=\"http:\/\/leblogdescoutheillas.com\/wp-content\/uploads\/2014\/02\/Bagnolet.jpg\"><img loading=\"lazy\" decoding=\"async\" class=\"alignnone size-thumbnail wp-image-655\" alt=\"Bagnolet\" src=\"http:\/\/leblogdescoutheillas.com\/wp-content\/uploads\/2014\/02\/Bagnolet-150x150.jpg\" width=\"150\" height=\"150\" \/><\/a><em>Pour agrandir, cliquez sur les images<\/em><\/p>\n<p><i>Vous pouvez voir davantage de photographies sur le site suivant:<\/i><\/p>\n<p><a href=\"http:\/\/www.office-et-culture.fr\/architecture\/concept\/la-nouvelle-vie-de-la-mairie-de-bagnolet\">http:\/\/www.office-et-culture.fr\/architecture\/concept\/la-nouvelle-vie-de-la-mairie-de-bagnolet<\/a><\/p>\n","protected":false},"excerpt":{"rendered":"<p>Bagnolet n\u2019est pas si difficile que \u00e7a \u00e0 trouver. En fait, quand vous partez pour Duba\u00ef, Los Angeles ou Singapour, quand le taxi qui vous emm\u00e8ne \u00e0 Charles De Gaulle tourne \u00e0 droite pour quitter le p\u00e9riph\u00e9rique et prendre l&rsquo;autoroute, quand vous voyez grandir puis dispara\u00eetre deux tours jumelles noires surmont\u00e9es de hautes antennes squelettiques, &hellip; <a href=\"https:\/\/www.leblogdescoutheillas.com\/?p=653\" class=\"more-link\">Continuer la lecture de <span class=\"screen-reader-text\">L&rsquo;H\u00f4tel de Ville de Bagnolet.      Critique ais\u00e9e 12<\/span> <span class=\"meta-nav\">&rarr;<\/span><\/a><\/p>\n","protected":false},"author":1,"featured_media":0,"comment_status":"open","ping_status":"open","sticky":false,"template":"","format":"standard","meta":{"_mo_disable_npp":"","jetpack_post_was_ever_published":false,"_jetpack_newsletter_access":"","_jetpack_dont_email_post_to_subs":false,"_jetpack_newsletter_tier_id":0,"_jetpack_memberships_contains_paywalled_content":false,"_jetpack_memberships_contains_paid_content":false,"footnotes":"","jetpack_publicize_message":"","jetpack_publicize_feature_enabled":true,"jetpack_social_post_already_shared":true,"jetpack_social_options":{"image_generator_settings":{"template":"highway","default_image_id":0,"font":"","enabled":false},"version":2}},"categories":[94],"tags":[162,163,21],"class_list":["post-653","post","type-post","status-publish","format-standard","hentry","category-critiques","tag-architecture","tag-bagnolet","tag-philippe"],"jetpack_publicize_connections":[],"jetpack_featured_media_url":"","jetpack_sharing_enabled":true,"_links":{"self":[{"href":"https:\/\/www.leblogdescoutheillas.com\/index.php?rest_route=\/wp\/v2\/posts\/653","targetHints":{"allow":["GET"]}}],"collection":[{"href":"https:\/\/www.leblogdescoutheillas.com\/index.php?rest_route=\/wp\/v2\/posts"}],"about":[{"href":"https:\/\/www.leblogdescoutheillas.com\/index.php?rest_route=\/wp\/v2\/types\/post"}],"author":[{"embeddable":true,"href":"https:\/\/www.leblogdescoutheillas.com\/index.php?rest_route=\/wp\/v2\/users\/1"}],"replies":[{"embeddable":true,"href":"https:\/\/www.leblogdescoutheillas.com\/index.php?rest_route=%2Fwp%2Fv2%2Fcomments&post=653"}],"version-history":[{"count":0,"href":"https:\/\/www.leblogdescoutheillas.com\/index.php?rest_route=\/wp\/v2\/posts\/653\/revisions"}],"wp:attachment":[{"href":"https:\/\/www.leblogdescoutheillas.com\/index.php?rest_route=%2Fwp%2Fv2%2Fmedia&parent=653"}],"wp:term":[{"taxonomy":"category","embeddable":true,"href":"https:\/\/www.leblogdescoutheillas.com\/index.php?rest_route=%2Fwp%2Fv2%2Fcategories&post=653"},{"taxonomy":"post_tag","embeddable":true,"href":"https:\/\/www.leblogdescoutheillas.com\/index.php?rest_route=%2Fwp%2Fv2%2Ftags&post=653"}],"curies":[{"name":"wp","href":"https:\/\/api.w.org\/{rel}","templated":true}]}}