{"id":6469,"date":"2016-06-24T06:54:21","date_gmt":"2016-06-24T04:54:21","guid":{"rendered":"http:\/\/leblogdescoutheillas.com\/?p=6469"},"modified":"2016-06-24T06:54:21","modified_gmt":"2016-06-24T04:54:21","slug":"chronique-pessimiste","status":"publish","type":"post","link":"https:\/\/www.leblogdescoutheillas.com\/?p=6469","title":{"rendered":"Chronique pessimiste"},"content":{"rendered":"<p>Il y a exactement trois mois, laconique, \u00e0 propos du Brexit, j&rsquo;\u00e9crivais : \u00ab\u00a0The english : let them go! \u00a0\u00bb<br \/>\nC&rsquo;\u00e9tait de ma part une r\u00e9action d&rsquo;agacement envers cette arrogance britannique, ce m\u00e9pris des aliens, cette inconscience de la r\u00e9alit\u00e9 m\u00eal\u00e9e de pragmatisme, qui de temps en temps ont amen\u00e9 ce grand peuple \u00e0 accomplir des choses impossibles.<br \/>\nJ&rsquo;avais \u00e9crit cela, let them go, mais j&rsquo;esp\u00e9rais bien qu&rsquo;ils restent, et je pr\u00e9voyais qu&rsquo;ils le feraient. Mais voil\u00e0&#8230;<br \/>\nMonsieur Cameron portera une \u00e9norme responsabilit\u00e9, celle d&rsquo;avoir, pour des raisons internes \u00e0 son parti politique, entra\u00een\u00e9 son pays vers la victoire des extr\u00eames en tous genres, des populismes de tous poils.<\/p>\n<p>Mais, est-il le seul en Europe \u00e0 pratiquer ce genre de fine man\u0153uvre ?<br \/>\nMais o\u00f9 est pass\u00e9 le centre ? O\u00f9 ont \u00e9t\u00e9 se cacher la mod\u00e9ration, la tol\u00e9rance, la raison ? Le centre est malheureusement chez nous incarn\u00e9 aujourd&rsquo;hui par un mou qui aimerait \u00eatre Henri IV, mais qui n&rsquo;en a que l&rsquo;aptitude \u00e0 changer r\u00e9guli\u00e8rement\u00a0de camp. Le centre dispara\u00eet un peu plus chaque jour, coinc\u00e9 entre deux partis traditionnels qui se d\u00e9litent, entre deux extr\u00eames qui se rejoignent, grossis par la peur, la parano\u00efa, l&rsquo;envie.<br \/>\nAujourd&rsquo;hui, une nouvelle fois, le centre a perdu. La b\u00eatise au front de taureau, la peur hallucin\u00e9e, la m\u00e9fiance chafouine ont gagn\u00e9. Sans se concerter, sans m\u00eame le savoir, les extr\u00eames se sont rejoints pour vaincre. Aujourd&rsquo;hui, c&rsquo;est au Royaume Uni. Demain, ce sera en Pologne, au Danemark, qui sait ?<br \/>\nA peine sortis d&rsquo;une crise \u00e9conomique mondiale majeure que fut celle de 2008, nous venons d&rsquo;entrer dans une p\u00e9riode de troubles \u00e9conomiques au moins aussi importants.<br \/>\nBonne chance \u00e0 tous&#8230;<\/p>\n","protected":false},"excerpt":{"rendered":"<p>Il y a exactement trois mois, laconique, \u00e0 propos du Brexit, j&rsquo;\u00e9crivais : \u00ab\u00a0The english : let them go! \u00a0\u00bb C&rsquo;\u00e9tait de ma part une r\u00e9action d&rsquo;agacement envers cette arrogance britannique, ce m\u00e9pris des aliens, cette inconscience de la r\u00e9alit\u00e9 m\u00eal\u00e9e de pragmatisme, qui de temps en temps ont amen\u00e9 ce grand peuple \u00e0 accomplir &hellip; <a href=\"https:\/\/www.leblogdescoutheillas.com\/?p=6469\" class=\"more-link\">Continuer la lecture de <span class=\"screen-reader-text\">Chronique pessimiste<\/span> <span class=\"meta-nav\">&rarr;<\/span><\/a><\/p>\n","protected":false},"author":1,"featured_media":0,"comment_status":"open","ping_status":"open","sticky":false,"template":"","format":"standard","meta":{"_mo_disable_npp":"","jetpack_post_was_ever_published":false,"_jetpack_newsletter_access":"","_jetpack_dont_email_post_to_subs":false,"_jetpack_newsletter_tier_id":0,"_jetpack_memberships_contains_paywalled_content":false,"_jetpack_memberships_contains_paid_content":false,"footnotes":"","jetpack_publicize_message":"","jetpack_publicize_feature_enabled":true,"jetpack_social_post_already_shared":true,"jetpack_social_options":{"image_generator_settings":{"template":"highway","default_image_id":0,"font":"","enabled":false},"version":2}},"categories":[6],"tags":[998,21],"class_list":["post-6469","post","type-post","status-publish","format-standard","hentry","category-news","tag-brexit","tag-philippe"],"jetpack_publicize_connections":[],"jetpack_featured_media_url":"","jetpack_sharing_enabled":true,"_links":{"self":[{"href":"https:\/\/www.leblogdescoutheillas.com\/index.php?rest_route=\/wp\/v2\/posts\/6469","targetHints":{"allow":["GET"]}}],"collection":[{"href":"https:\/\/www.leblogdescoutheillas.com\/index.php?rest_route=\/wp\/v2\/posts"}],"about":[{"href":"https:\/\/www.leblogdescoutheillas.com\/index.php?rest_route=\/wp\/v2\/types\/post"}],"author":[{"embeddable":true,"href":"https:\/\/www.leblogdescoutheillas.com\/index.php?rest_route=\/wp\/v2\/users\/1"}],"replies":[{"embeddable":true,"href":"https:\/\/www.leblogdescoutheillas.com\/index.php?rest_route=%2Fwp%2Fv2%2Fcomments&post=6469"}],"version-history":[{"count":0,"href":"https:\/\/www.leblogdescoutheillas.com\/index.php?rest_route=\/wp\/v2\/posts\/6469\/revisions"}],"wp:attachment":[{"href":"https:\/\/www.leblogdescoutheillas.com\/index.php?rest_route=%2Fwp%2Fv2%2Fmedia&parent=6469"}],"wp:term":[{"taxonomy":"category","embeddable":true,"href":"https:\/\/www.leblogdescoutheillas.com\/index.php?rest_route=%2Fwp%2Fv2%2Fcategories&post=6469"},{"taxonomy":"post_tag","embeddable":true,"href":"https:\/\/www.leblogdescoutheillas.com\/index.php?rest_route=%2Fwp%2Fv2%2Ftags&post=6469"}],"curies":[{"name":"wp","href":"https:\/\/api.w.org\/{rel}","templated":true}]}}