{"id":6441,"date":"2016-06-30T07:07:57","date_gmt":"2016-06-30T05:07:57","guid":{"rendered":"http:\/\/leblogdescoutheillas.com\/?p=6441"},"modified":"2016-06-28T16:21:15","modified_gmt":"2016-06-28T14:21:15","slug":"pagnol-raimu-et-la-western-electric","status":"publish","type":"post","link":"https:\/\/www.leblogdescoutheillas.com\/?p=6441","title":{"rendered":"Pagnol, Raimu et la Western Electric"},"content":{"rendered":"<p style=\"text-align: justify;\"><span style=\"color: #000080;\"><em>En 1929, Marcel Pagnol \u00e9crit sa quatri\u00e8me pi\u00e8ce de th\u00e9\u00e2tre, Marius. C\u2019est un tr\u00e8s gros succ\u00e8s. Le r\u00f4le de C\u00e9sar est tenu, bien entendu, par Raimu.<\/em><\/span><\/p>\n<p style=\"text-align: justify;\"><span style=\"color: #000080;\"><em>La m\u00eame ann\u00e9e, Pagnol rencontre Bob Kane, patron de la succursale fran\u00e7aise de la Paramount, et devient son ami. Il d\u00e9couvre le cin\u00e9ma parlant et d\u00e9cide de devenir r\u00e9alisateur. Devant le succ\u00e8s de Marius qui est jou\u00e9 depuis deux ans, Bob Kane veut tourner un film d\u2019apr\u00e8s la pi\u00e8ce, mais avec de \u00ab\u00a0vrais\u00a0\u00bb acteurs de cin\u00e9ma. Pagnol le convainc de garder la troupe de th\u00e9\u00e2tre. C\u2019est Alexandre Korda, r\u00e9alisateur autrichien de talent, qui met le film en sc\u00e8ne. <\/em><\/span><\/p>\n<p style=\"text-align: justify;\"><span style=\"color: #000080;\"><em>Dans \u00ab\u00a0Cin\u00e9maturgie de Paris\u00a0\u00bb, Pagnol raconte cette sc\u00e8ne (que je vous conseille de lire avec l\u2019accent)\u00a0:<\/em><\/span><\/p>\n<p style=\"text-align: justify;\"><strong>\u2026<\/strong><\/p>\n<p style=\"text-align: justify;\">Le premier jour, un <em>soundman<\/em> fit son apparition sur le plateau\u00a0: il sortait de la villa du Myst\u00e8re, o\u00f9 tournaient en silence les d\u00e9rouleurs de la Western Electric. Il vint vers moi, et me dit d\u2019un ton d\u00e9cisif\u00a0:<\/p>\n<p style=\"text-align: justify;\">&#8211; Il est impossible d\u2019enregistrer la voix de Raimu.<\/p>\n<p style=\"text-align: justify;\">&#8211; Pourtant, dis-je, il a d\u00e9j\u00e0 fait plus <!--more-->de cent disques de phonographe, et un film Le Blanc et le Noir.<\/p>\n<p style=\"text-align: justify;\">&#8211; Sa voix n\u2019est pas phonog\u00e9nique, reprit le sorcier. Nous avons ici les meilleurs appareils du monde\u00a0: et pourtant, je n\u2019arrive pas \u00e0 un bon r\u00e9sultat.<\/p>\n<p style=\"text-align: justify;\">&#8211; Qu\u2019est-ce que \u00e7a\u00a0? dit Korda, de loin.<\/p>\n<p style=\"text-align: justify;\">&#8211; Ce monsieur affirme qu\u2019il ne peut pas enregistrer la voix de Raimu.<\/p>\n<p style=\"text-align: justify;\">&#8211; C\u2019est bien dommage pour lui, dit Korda. Parce qu\u2019on ne peut pas remplacer Jules. Mais lui, on peut.<\/p>\n<p style=\"text-align: justify;\">Le <em>soundman<\/em> parut tr\u00e8s \u00e9tonn\u00e9\u00a0: mais il le fut au sens ancien du mot quand il vit Raimu s\u2019avancer vers lui.<\/p>\n<p style=\"text-align: justify;\">Depuis le d\u00e9but de notre travail, le grand Jules \u00e9tait rest\u00e9 souriant et paisible, \u00e0 cause de son admiration pour Korda. Il avait donc une \u00e9norme provision de col\u00e8re et de cris rentr\u00e9s.<\/p>\n<p style=\"text-align: justify;\">Il marcha lentement sur le <em>soundman<\/em>, gonfla sa vaste poitrine et dit\u00a0:<\/p>\n<p style=\"text-align: justify;\">&#8211;\u00a0 Ah\u00a0! C\u2019est vous le t\u00e9l\u00e9phoniste\u00a0? C\u2019est vous qui n\u2019entendez pas ma voix. Vous voulez que je crie\u00a0? Voil\u00e0, monsieur\u00a0: \u00ab<em>\u00a0Monsieur Brun, ne le dites \u00e0 personne qu\u2019Escartefigues est cocu\u00a0! \u00c7a pourrait se r\u00e9p\u00e9ter\u00a0!\u00a0<\/em>\u00bb<\/p>\n<p style=\"text-align: justify;\">Il hurla deux fois cette phrase, avec cette voix hom\u00e9rique qui passait sans effort de la contrebasse \u00e0 la trompette.<\/p>\n<p style=\"text-align: justify;\">Le <em>soundman<\/em> avait bondi vers le microphone, non point pour s\u2019en servir comme d\u2019une arme, mais pour le cacher sous son veston, et tremblant d\u2019inqui\u00e9tude, il suppliait\u00a0:<\/p>\n<p style=\"text-align: justify;\">&#8211;\u00a0 Pas si fort\u00a0! Faites le taire\u00a0! Il va me f\u00ealer la pastille\u00a0!<\/p>\n<p style=\"text-align: justify;\">Malgr\u00e9 l\u2019\u00e9tranget\u00e9 de cette plainte, Raimu comprit que la m\u00e9canique demandait gr\u00e2ce \u2013 et c\u2019est \u00e0 voix haute qu\u2019il d\u00e9clara\u00a0:<\/p>\n<p style=\"text-align: justify;\">&#8211;\u00a0 Monsieur, lorsque je t\u00e9l\u00e9phone en ville, tout le monde me comprend\u00a0: mais vos appareils am\u00e9ricains ne savent pas encore le fran\u00e7ais. Maintenant, puisqu\u2019il est midi, venez prendre l\u2019ap\u00e9ritif avec moi, et, pour habituer votre appareil \u00e0 mon trombone, je vous r\u00e9citerai des fables.<\/p>\n<p style=\"text-align: justify;\">C\u2019est ainsi qu\u2019il devint l\u2019ami du <em>soundman<\/em> et que sa voix fut parfaitement enregistr\u00e9e.<\/p>\n<p style=\"text-align: justify;\">\u2026<\/p>\n<p style=\"text-align: justify;\"><span style=\"color: #0000ff;\"><em>Marcel Pagnol, Cin\u00e9maturgie de Paris<\/em><\/span><\/p>\n<p style=\"text-align: justify;\"><span style=\"color: #0000ff;\"><em>\u00ab\u00a0Cin\u00e9maturgie de Paris\u00a0\u00bb est l\u2019un des livres les plus int\u00e9ressants que j\u2019ai jamais lu sur le cin\u00e9ma. C\u2019est en tout cas certainement le plus dr\u00f4le. Pagnol y raconte comment il a d\u00e9couvert le cin\u00e9ma parlant, comment il a compris que c\u2019\u00e9tait l\u2019avenir de cette industrie, comment il a d\u00e9cid\u00e9 de s\u2019y consacrer. Il y d\u00e9crit ses projets, ses m\u00e9thodes, ses trouvailles, ses \u00e9checs, ses succ\u00e8s. C\u2019est passionnant et indispensable \u00e0 tous les amateurs ou professionnels du cin\u00e9ma.<\/em><\/span><\/p>\n<p>&nbsp;<\/p>\n","protected":false},"excerpt":{"rendered":"<p>En 1929, Marcel Pagnol \u00e9crit sa quatri\u00e8me pi\u00e8ce de th\u00e9\u00e2tre, Marius. C\u2019est un tr\u00e8s gros succ\u00e8s. Le r\u00f4le de C\u00e9sar est tenu, bien entendu, par Raimu. La m\u00eame ann\u00e9e, Pagnol rencontre Bob Kane, patron de la succursale fran\u00e7aise de la Paramount, et devient son ami. Il d\u00e9couvre le cin\u00e9ma parlant et d\u00e9cide de devenir r\u00e9alisateur. &hellip; <a href=\"https:\/\/www.leblogdescoutheillas.com\/?p=6441\" class=\"more-link\">Continuer la lecture de <span class=\"screen-reader-text\">Pagnol, Raimu et la Western Electric<\/span> <span class=\"meta-nav\">&rarr;<\/span><\/a><\/p>\n","protected":false},"author":1,"featured_media":0,"comment_status":"open","ping_status":"open","sticky":false,"template":"","format":"standard","meta":{"_mo_disable_npp":"","jetpack_post_was_ever_published":false,"_jetpack_newsletter_access":"","_jetpack_dont_email_post_to_subs":false,"_jetpack_newsletter_tier_id":0,"_jetpack_memberships_contains_paywalled_content":false,"_jetpack_memberships_contains_paid_content":false,"footnotes":"","jetpack_publicize_message":"","jetpack_publicize_feature_enabled":true,"jetpack_social_post_already_shared":true,"jetpack_social_options":{"image_generator_settings":{"template":"highway","default_image_id":0,"font":"","enabled":false},"version":2}},"categories":[4],"tags":[1057,1056,1055,1054],"class_list":["post-6441","post","type-post","status-publish","format-standard","hentry","category-citations","tag-korda","tag-marius","tag-pagnol","tag-raimu"],"jetpack_publicize_connections":[],"jetpack_featured_media_url":"","jetpack_sharing_enabled":true,"_links":{"self":[{"href":"https:\/\/www.leblogdescoutheillas.com\/index.php?rest_route=\/wp\/v2\/posts\/6441","targetHints":{"allow":["GET"]}}],"collection":[{"href":"https:\/\/www.leblogdescoutheillas.com\/index.php?rest_route=\/wp\/v2\/posts"}],"about":[{"href":"https:\/\/www.leblogdescoutheillas.com\/index.php?rest_route=\/wp\/v2\/types\/post"}],"author":[{"embeddable":true,"href":"https:\/\/www.leblogdescoutheillas.com\/index.php?rest_route=\/wp\/v2\/users\/1"}],"replies":[{"embeddable":true,"href":"https:\/\/www.leblogdescoutheillas.com\/index.php?rest_route=%2Fwp%2Fv2%2Fcomments&post=6441"}],"version-history":[{"count":0,"href":"https:\/\/www.leblogdescoutheillas.com\/index.php?rest_route=\/wp\/v2\/posts\/6441\/revisions"}],"wp:attachment":[{"href":"https:\/\/www.leblogdescoutheillas.com\/index.php?rest_route=%2Fwp%2Fv2%2Fmedia&parent=6441"}],"wp:term":[{"taxonomy":"category","embeddable":true,"href":"https:\/\/www.leblogdescoutheillas.com\/index.php?rest_route=%2Fwp%2Fv2%2Fcategories&post=6441"},{"taxonomy":"post_tag","embeddable":true,"href":"https:\/\/www.leblogdescoutheillas.com\/index.php?rest_route=%2Fwp%2Fv2%2Ftags&post=6441"}],"curies":[{"name":"wp","href":"https:\/\/api.w.org\/{rel}","templated":true}]}}