{"id":6405,"date":"2016-07-11T07:07:11","date_gmt":"2016-07-11T05:07:11","guid":{"rendered":"http:\/\/leblogdescoutheillas.com\/?p=6405"},"modified":"2016-06-21T09:37:41","modified_gmt":"2016-06-21T07:37:41","slug":"marcel-proust-en-vacances-chap-1-a-la-recherche-de-marcel-2","status":"publish","type":"post","link":"https:\/\/www.leblogdescoutheillas.com\/?p=6405","title":{"rendered":"La suite de Balbec  &#8211; Chap.2-Le Grand H\u00f4tel"},"content":{"rendered":"<p><span style=\"color: #0000ff;\">Pour vous remettre dans le bain, voici la fin du chapitre pr\u00e9c\u00e9dent :<\/span><\/p>\n<p style=\"text-align: justify;\"><em>&#8230;Je cherchais Balbec et son Grand H\u00f4tel dans le Guide Michelin, mais ils n&rsquo;y \u00e9taient pas. Je dus me rendre \u00e0 l&rsquo;\u00e9vidence : Balbec n&rsquo;existait pas. Pas de probl\u00e8me, Google m\u2019apprit en moins d&rsquo;une minute que Balbec \u00e9tait en fait le faux nom de Cabourg, et qu&rsquo;il y existait bien un Grand H\u00f4tel.<\/em><\/p>\n<p><strong>2-Le Grand H\u00f4tel<\/strong><\/p>\n<p style=\"text-align: justify;\">J&rsquo;appelai l&rsquo;h\u00f4tel et je demandai \u00e0 parler au Directeur. Je lui fis part de mon projet. Un type charmant. Il m&rsquo;expliqua que lui et toute son \u00e9quipe seraient ravis d&rsquo;accueillir un auteur sur les traces du grand Marcel Proust. Il ajouta qu&rsquo;ils avaient une grande habitude de mon genre de client\u00e8le. En effet, me dit-il, depuis plus d\u2019un demi-si\u00e8cle, le Grand H\u00f4tel avait l&rsquo;honneur de recevoir chaque ann\u00e9e au moins un \u00e9crivain et deux ou trois journalistes ayant le m\u00eame souci : se replonger dans l&rsquo;ambiance proustienne du tournant du dix-neuvi\u00e8me si\u00e8cle. Le Grand H\u00f4tel avait donc mis au point une offre sp\u00e9ciale qu&rsquo;elle avait appel\u00e9e \u00ab\u00a0<em>Une suite \u00e0 Balbec<\/em>\u00ab\u00a0. Propos\u00e9e uniquement aux professionnels, \u00e9crivains, cin\u00e9astes, journalistes et assimil\u00e9s et pour un s\u00e9jour minimal d&rsquo;une semaine, \u00ab\u00a0<em>Une suite \u00e0 Balbec<\/em>\u00a0\u00bb comprenait la jouissance de la suite m\u00eame o\u00f9 Monsieur Proust avait s\u00e9journ\u00e9, le petit d\u00e9jeuner continental servi dans la chambre, et les deux repas principaux \u00e0 la table que l&rsquo;auteur de la Recherche avait honor\u00e9e de sa pr\u00e9sence. Selon les humeurs du temps, le th\u00e9 pouvait \u00eatre servi sur la terrasse ou dans le petit salon. La d\u00e9coration de la suite \u00ab\u00a0<em>Balbec<\/em>\u00a0\u00bb avait \u00e9t\u00e9 refaite enti\u00e8rement l&rsquo;ann\u00e9e pr\u00e9c\u00e9dente, mais en stricte conformit\u00e9 avec ce qu&rsquo;elle \u00e9tait du temps <!--more-->du grand \u00e9crivain. On y avait apport\u00e9 le maximum de confort moderne compatible avec le respect qui \u00e9tait d\u00fb \u00e0 ce lieu historique, et sur simple demande, le grand \u00e9cran TV extra plat dissimul\u00e9 derri\u00e8re une marine sign\u00e9e Eltzir pouvait \u00eatre d\u00e9pos\u00e9.<\/p>\n<p style=\"text-align: justify;\">L&rsquo;ensemble \u00e9tait propos\u00e9 au prix de 3855 \u20ac par semaine en haute saison. Comme nous n&rsquo;\u00e9tions qu&rsquo;au mois de mars, le prix ne serait que de 3156 \u20ac, champagne non compris.<\/p>\n<p style=\"text-align: justify;\">Cottard m\u2019accorda 4.000 \u20ac suppl\u00e9mentaires, \u00e0 la condition que je fournisse \u00e9galement des photos de l\u2019h\u00f4tel et de la suite. Je r\u00e9servai donc pour une semaine, en me disant que si c\u2019\u00e9tait trop court, je pourrais toujours rallonger de quelques jours \u00e0 mes frais ou finir l\u2019essai chez moi, \u00e0 Paris.<\/p>\n<p style=\"text-align: justify;\">Mais depuis quatre jours que j&rsquo;\u00e9tais l\u00e0, je n\u2019avais pas \u00e9crit une seule ligne valable. Par contre, d&rsquo;abord dans le train, ensuite \u00e0 l\u2019h\u00f4tel, quand je d\u00e9cidais de faire une pause dans mes tentatives d\u2019\u00e9critures, j\u2019avais commenc\u00e9 \u00ab Du c\u00f4t\u00e9 de chez Swann \u00bb. Il ne s&rsquo;y passe pas grand-chose, mais une fois qu\u2019on s\u2019est habitu\u00e9 \u00e0 quelques bizarreries, \u00e7a se laisse lire. J\u2019avais aussi entrepris de me renseigner sur le bonhomme, comment il \u00e9crivait, o\u00f9, quand, avec quoi, qui il fr\u00e9quentait, o\u00f9 il habitait, tout \u00e7a. Je commen\u00e7ais \u00e0 le trouver un peu aga\u00e7ant avec son snobisme et ses \u00e9mois de jeune fille. Mais, en m\u00eame temps, sa perspicacit\u00e9, son incroyable don pour la description, son ironie et surtout sa fragilit\u00e9 me le rendaient sympathique. Je me mis \u00e0 l\u2019appeler \u00ab le petit Marcel \u00bb.<\/p>\n<p style=\"text-align: justify;\">Je le connaissais de mieux en mieux, le petit Marcel. Je connaissais aussi de mieux en mieux le Grand H\u00f4tel, que je parcourais en tous sens, \u00e0 la recherche d\u2019une entame pour mon \u00ab<em> Proust en vacances<\/em> \u00bb. La grande salle \u00e0 manger, les salons, l\u2019escalier d\u2019honneur, l\u2019ascenseur \u2013aujourd\u2019hui sans liftier-, les cuisines, le couloir des chambres du personnel, m\u00eame le bureau du Directeur, j\u2019avais tout visit\u00e9. Mais je n\u2019arrivais toujours pas \u00e0 \u00e9crire une ligne valable.<\/p>\n<p style=\"text-align: justify;\">Je me dis que je ne m\u2019\u00e9tais pas assez mis en condition. J\u2019\u00e9tais bien dans le m\u00eame h\u00f4tel que lui, dans la m\u00eame chambre, devant la m\u00eame mer, mais j\u2019\u00e9crivais \u00e0 l\u2019aide d\u2019un clavier, sur mon MacBook, je regardais l\u2019\u00e9cran g\u00e9ant de la t\u00e9l\u00e9vision, je passais des coups de fils avec mon iPhone.<\/p>\n<p style=\"text-align: justify;\">Le petit Marcel, lui, il \u00e9crivait au stylo, dans des carnets ou sur des petits bouts de papier, ses paperoles, comme il disait. Quand il s\u2019ennuyait et qu\u2019il n\u2019\u00e9tait pas trop fatigu\u00e9, il partait visiter les \u00e9glises de la r\u00e9gion en cal\u00e8che. Sinon, il regardait passer les jeunes filles sur la promenade. Et quand il voulait parler \u00e0 sa grand-m\u00e8re rest\u00e9e \u00e0 Paris, il lui passait de temps en temps un t\u00e9l\u00e9phonage.<\/p>\n<p style=\"text-align: justify;\">Le temps pressait. Il fallait que je rentre davantage dans le cadre. Je fis enlever la t\u00e9l\u00e9vision de la chambre et je confiai mon Mac et mon iPhone au coffre de l\u2019h\u00f4tel. J&rsquo;en profitais pour demander au concierge de m&rsquo;indiquer la librairie-papeterie la plus proche.<\/p>\n<p style=\"text-align: justify;\">&#8211;<em>Les Cahiers du Temps<\/em>, me dit-il. Vous traversez les jardins du Casino derri\u00e8re l&rsquo;h\u00f4tel, vous prenez l&rsquo;Avenue de la Mer, tout droit jusqu&rsquo; \u00e0 la rue du Caporal Chassignol. Vous prenez \u00e0 gauche en restant sur le trottoir de gauche et vous tomberez dessus. Vous ne pouvez pas vous tromper.<\/p>\n<p style=\"text-align: justify;\">Il ferait bient\u00f4t nuit. Pour un mois de mars, il faisait sacr\u00e9ment froid. J&rsquo;avais remont\u00e9 le col de ma parka sur mes oreilles et enfonc\u00e9 mon bonnet jusqu&rsquo;aux yeux. Le brouillard commen\u00e7ait \u00e0 tomber sur l&rsquo;Avenue de la Mer. Quand j&rsquo;arrivais dans la rue du Caporal Machin, on n&rsquo;y voyait presque plus rien. J&rsquo;avan\u00e7ais prudemment en longeant de pr\u00e8s la fa\u00e7ade des immeubles. A un moment, je butai dans je ne sais quoi et je m&rsquo;affalai sur le sol en me cognant violemment la t\u00eate contre quelque chose d&rsquo;incroyablement dur.<\/p>\n<p style=\"text-align: justify;\">-Acr\u00e9roneteudiouderoneteudiou ! jurai-je en m&rsquo;adressant au trottoir. Acr\u00e9roneteudioudemordeldeberde !<\/p>\n<p style=\"text-align: justify;\"><strong>A suivre&#8230;<\/strong><\/p>\n<p style=\"text-align: justify;\"><strong><em>Le chapitre 3 de cette passionnante aventure, et c&rsquo;est pas fini, sera disponible ici m\u00eame et ce, d\u00e8s demain.<\/em><\/strong><\/p>\n","protected":false},"excerpt":{"rendered":"<p>Pour vous remettre dans le bain, voici la fin du chapitre pr\u00e9c\u00e9dent : &#8230;Je cherchais Balbec et son Grand H\u00f4tel dans le Guide Michelin, mais ils n&rsquo;y \u00e9taient pas. Je dus me rendre \u00e0 l&rsquo;\u00e9vidence : Balbec n&rsquo;existait pas. Pas de probl\u00e8me, Google m\u2019apprit en moins d&rsquo;une minute que Balbec \u00e9tait en fait le faux &hellip; <a href=\"https:\/\/www.leblogdescoutheillas.com\/?p=6405\" class=\"more-link\">Continuer la lecture de <span class=\"screen-reader-text\">La suite de Balbec  &#8211; Chap.2-Le Grand H\u00f4tel<\/span> <span class=\"meta-nav\">&rarr;<\/span><\/a><\/p>\n","protected":false},"author":1,"featured_media":0,"comment_status":"open","ping_status":"open","sticky":false,"template":"","format":"standard","meta":{"_mo_disable_npp":"","_jetpack_newsletter_access":"","_jetpack_dont_email_post_to_subs":false,"_jetpack_newsletter_tier_id":0,"_jetpack_memberships_contains_paywalled_content":false,"_jetpack_feature_clip_id":0,"_jetpack_memberships_contains_paid_content":false,"footnotes":"","jetpack_publicize_message":"","jetpack_publicize_feature_enabled":true,"jetpack_social_post_already_shared":true,"jetpack_social_options":{"image_generator_settings":{"template":"highway","default_image_id":0,"font":"","enabled":false},"version":2},"jetpack_post_was_ever_published":false},"categories":[13,2],"tags":[1052,276,21],"class_list":["post-6405","post","type-post","status-publish","format-standard","hentry","category-fiction","category-textes","tag-balbec","tag-marcel-proust","tag-philippe"],"jetpack_publicize_connections":[],"jetpack_sharing_enabled":true,"jetpack_featured_media_url":"","_links":{"self":[{"href":"https:\/\/www.leblogdescoutheillas.com\/index.php?rest_route=\/wp\/v2\/posts\/6405","targetHints":{"allow":["GET"]}}],"collection":[{"href":"https:\/\/www.leblogdescoutheillas.com\/index.php?rest_route=\/wp\/v2\/posts"}],"about":[{"href":"https:\/\/www.leblogdescoutheillas.com\/index.php?rest_route=\/wp\/v2\/types\/post"}],"author":[{"embeddable":true,"href":"https:\/\/www.leblogdescoutheillas.com\/index.php?rest_route=\/wp\/v2\/users\/1"}],"replies":[{"embeddable":true,"href":"https:\/\/www.leblogdescoutheillas.com\/index.php?rest_route=%2Fwp%2Fv2%2Fcomments&post=6405"}],"version-history":[{"count":0,"href":"https:\/\/www.leblogdescoutheillas.com\/index.php?rest_route=\/wp\/v2\/posts\/6405\/revisions"}],"wp:attachment":[{"href":"https:\/\/www.leblogdescoutheillas.com\/index.php?rest_route=%2Fwp%2Fv2%2Fmedia&parent=6405"}],"wp:term":[{"taxonomy":"category","embeddable":true,"href":"https:\/\/www.leblogdescoutheillas.com\/index.php?rest_route=%2Fwp%2Fv2%2Fcategories&post=6405"},{"taxonomy":"post_tag","embeddable":true,"href":"https:\/\/www.leblogdescoutheillas.com\/index.php?rest_route=%2Fwp%2Fv2%2Ftags&post=6405"}],"curies":[{"name":"wp","href":"https:\/\/api.w.org\/{rel}","templated":true}]}}