{"id":57686,"date":"2026-09-01T07:47:55","date_gmt":"2026-09-01T05:47:55","guid":{"rendered":"https:\/\/www.leblogdescoutheillas.com\/?p=57686"},"modified":"2026-08-30T15:41:09","modified_gmt":"2026-08-30T13:41:09","slug":"trois-cafes-10","status":"publish","type":"post","link":"https:\/\/www.leblogdescoutheillas.com\/?p=57686","title":{"rendered":"Trois caf\u00e9s (10)"},"content":{"rendered":"<p style=\"font-weight: 400; text-align: justify;\"><span style=\"color: #0000ff;\"><em><img loading=\"lazy\" decoding=\"async\" class=\"alignleft size-thumbnail wp-image-57633\" src=\"https:\/\/www.leblogdescoutheillas.com\/wp-content\/uploads\/2026\/07\/TROIS-CAFES-e1785433577884-150x150.png\" alt=\"\" width=\"150\" height=\"150\" \/>(&#8230;) \u2014 Des affaires\u2026 des affaires de toutes sortes, mais essentiellement des affaires confidentielles. Tu comprendras certainement s\u00fbrement que je ne puisse en dire davantage. Mais assez parl\u00e9 de moi. Parlons de toi \u00e0 pr\u00e9sent si tu veux bien. Que fais-tu dans la vie, mon ami ?<\/em><\/span><br \/>\n<span style=\"color: #0000ff;\"><em>Je vois Cottard qui se rengorge imm\u00e9diatement et d\u00e9clare, faussement modeste<\/em><\/span><br \/>\n<span style=\"color: #0000ff;\"><em>\u2014 Je suis Contr\u00f4leur G\u00e9n\u00e9ral Adjoint des Poids et Mesures \u00e0 la Mairie de Paris.<\/em><\/span><br \/>\n<span style=\"color: #0000ff;\"><em>\u2014 Fichtre ! dit Trois-caf\u00e9s d\u2019un ton admiratif. Contr\u00f4leur G\u00e9n\u00e9ral\u00a0! \u00c7a n\u2019est pas rien, \u00e7a !<\/em><\/span><\/p>\n<p style=\"font-weight: 400; text-align: justify;\">L\u00e0, faut encore que j\u2019ouvre une parenth\u00e8se. Il en a plein la bouche, Cottard, de son \u00ab\u00a0Contr\u00f4leur G\u00e9n\u00e9ral adjoint des Poids et Mesures\u00a0\u00bb. C\u2019est vrai que \u00e7a ronfle bien comme titre. Mais moi, je sais ce qu\u2019il y a derri\u00e8re. Et derri\u00e8re, y a rien ! Rien, je vous dis ! Je le sais, parce qu\u2019un jour qu\u2019il avait un peu bu, Cottard m\u2019en avait racont\u00e9 pas mal et \u00e7a m\u2019avait mis la puce \u00e0 l\u2019oreille, vous comprenez. Alors apr\u00e8s, j\u2019avais cherch\u00e9 sur internet et puis aussi, j\u2019avais pu discuter avec Toussaint, le petit-neveu \u00e0 Madame Fran\u00e7oise, qui m\u2019en avait appris encore un peu plus. Parce que Toussaint, il travaille dans la m\u00eame maison que Cottard : il est responsable de l\u2019abri \u00e0 v\u00e9lo de la Marie, alors il sait des choses ; c\u2019est pour \u00e7a. Il est marrant Toussaint, il dit tout le temps qu\u2019il faudrait&#8230; Bon, c\u2019est pas important. On s\u2019en fiche. Mais apr\u00e8s \u00e7a, je savais tout sur le boulot de Cottard ! J\u2019explique : c\u2019est vrai que Cottard est Contr\u00f4leur G\u00e9n\u00e9ral adjoint des Poids et Mesures. Vous vous y attendiez pas, \u00e0 celle-l\u00e0, pas vrai ? Vous pensiez qu\u2019il se vantait. Eh ben non ! Cottard, l\u00e0-dessus, il raconte pas de blague. S\u00e9rieux ! C\u2019est pas tout neuf, le Service des Poids et Mesures de la Ville de Paris. Il a \u00e9t\u00e9 cr\u00e9\u00e9 en 1799 par Napol\u00e9on Bonaparte. Mais ce qui devient marrant, c\u2019est quand on apprend, <em>petit a<\/em>, que le personnel du Service des Poids et Mesures de la Ville de Paris a \u00e9t\u00e9 r\u00e9duit \u00e0 deux personnes, un Contr\u00f4leur G\u00e9n\u00e9ral et un Contr\u00f4leur G\u00e9n\u00e9ral adjoint, par le Gouvernement de De Gaulle en 45, et <em>petit b<\/em>, que le Service a \u00e9t\u00e9 supprim\u00e9 en 52 par le Gouvernement Pinay. Jusque-l\u00e0, y a rien d\u2019extraordinaire, vous me direz. Peut-\u00eatre, mais le pas banal, c\u2019est que le poste de Contr\u00f4leur G\u00e9n\u00e9ral de Poids et Mesures et celui de son adjoint n\u2019ont jamais \u00e9t\u00e9 supprim\u00e9s ! Et depuis 52, Cottard est le troisi\u00e8me \u00e0 occuper le poste de Contr\u00f4leur G\u00e9n\u00e9ral adjoint dans un service qui n\u2019existe pas. Le dernier Contr\u00f4leur G\u00e9n\u00e9ral en titre a fini par mourir \u00e0 la t\u00e2che il y a cinq ans. Il n\u2019a jamais \u00e9t\u00e9 remplac\u00e9. Ce qui fait qu\u2019aujourd\u2019hui Cottard a pour fonction d\u2019\u00eatre l\u2019adjoint d\u2019un Contr\u00f4leur G\u00e9n\u00e9ral compl\u00e8tement d\u00e9funt dans un service qui n\u2019a pas d\u2019autre employ\u00e9 que lui-m\u00eame et qui d\u2019ailleurs n\u2019existe plus depuis cinquante ans. Vous voyez d\u2019ici la charge de travail ! C\u2019est pour \u00e7a que Cottard arrive \u00e0 son bureau \u2014 parce qu\u2019il a quand m\u00eame un bureau \u00e0 la mairie, avec un t\u00e9l\u00e9phone, une plante verte et m\u00eame un ordinateur ! \u2014 en m\u00eame temps que tout le monde, vers neuf heures et demi dix heures et qu\u2019il en repart vingt minutes plus tard en laissant sa veste ou son manteau sur son fauteuil pour qu\u2019on croie qu\u2019il est au WC ou en r\u00e9union. En dix minutes il est chez Georges pour s\u2019installer \u00e0 sa table habituelle \u2014 quand il me prend pas la mienne \u2014 et regarder BFM-TV en continu. Il dit qu\u2019il <em>TV-travaille. <\/em>En g\u00e9n\u00e9ral, vers trois heures, il retourne \u00e0 l\u2019H\u00f4tel de Ville parce que c\u2019est souvent \u00e0 cette heure-l\u00e0 qu\u2019il y a un pot de d\u00e9part ou d\u2019arriv\u00e9e. Ensuite, il rentre directement chez lui et on ne le revoie chez Georges que le lendemain m\u00eame heure.<\/p>\n<p style=\"font-weight: 400; text-align: justify;\">Valait le coup, la parenth\u00e8se, pas vrai\u00a0? Vous saviez pas \u00e7a, hein\u00a0!<\/p>\n<p><em><span style=\"color: #0000ff;\">A SUIVRE\u00a0<\/span><\/em><\/p>\n<blockquote>\n<p style=\"text-align: center;\">ET DEMAIN :<br \/>\nNew York\u2019s my home (2)<\/p>\n<\/blockquote>\n","protected":false},"excerpt":{"rendered":"<p>(&#8230;) \u2014 Des affaires\u2026 des affaires de toutes sortes, mais essentiellement des affaires confidentielles. Tu comprendras certainement s\u00fbrement que je ne puisse en dire davantage. Mais assez parl\u00e9 de moi. Parlons de toi \u00e0 pr\u00e9sent si tu veux bien. Que fais-tu dans la vie, mon ami ? Je vois Cottard qui se rengorge imm\u00e9diatement et &hellip; <a href=\"https:\/\/www.leblogdescoutheillas.com\/?p=57686\" class=\"more-link\">Continuer la lecture de <span class=\"screen-reader-text\">Trois caf\u00e9s (10)<\/span> <span class=\"meta-nav\">&rarr;<\/span><\/a><\/p>\n","protected":false},"author":1,"featured_media":0,"comment_status":"open","ping_status":"open","sticky":false,"template":"","format":"standard","meta":{"_mo_disable_npp":"","_jetpack_newsletter_access":"","_jetpack_dont_email_post_to_subs":false,"_jetpack_newsletter_tier_id":0,"_jetpack_memberships_contains_paywalled_content":false,"_jetpack_feature_clip_id":0,"_jetpack_memberships_contains_paid_content":false,"footnotes":"","jetpack_publicize_message":"","jetpack_publicize_feature_enabled":true,"jetpack_social_post_already_shared":true,"jetpack_social_options":{"image_generator_settings":{"template":"highway","default_image_id":0,"font":"","enabled":false},"version":2},"jetpack_post_was_ever_published":false},"categories":[13],"tags":[21,2171],"class_list":["post-57686","post","type-post","status-publish","format-standard","hentry","category-fiction","tag-philippe","tag-trois-cafes"],"jetpack_publicize_connections":[],"jetpack_sharing_enabled":true,"jetpack_featured_media_url":"","_links":{"self":[{"href":"https:\/\/www.leblogdescoutheillas.com\/index.php?rest_route=\/wp\/v2\/posts\/57686","targetHints":{"allow":["GET"]}}],"collection":[{"href":"https:\/\/www.leblogdescoutheillas.com\/index.php?rest_route=\/wp\/v2\/posts"}],"about":[{"href":"https:\/\/www.leblogdescoutheillas.com\/index.php?rest_route=\/wp\/v2\/types\/post"}],"author":[{"embeddable":true,"href":"https:\/\/www.leblogdescoutheillas.com\/index.php?rest_route=\/wp\/v2\/users\/1"}],"replies":[{"embeddable":true,"href":"https:\/\/www.leblogdescoutheillas.com\/index.php?rest_route=%2Fwp%2Fv2%2Fcomments&post=57686"}],"version-history":[{"count":5,"href":"https:\/\/www.leblogdescoutheillas.com\/index.php?rest_route=\/wp\/v2\/posts\/57686\/revisions"}],"predecessor-version":[{"id":58007,"href":"https:\/\/www.leblogdescoutheillas.com\/index.php?rest_route=\/wp\/v2\/posts\/57686\/revisions\/58007"}],"wp:attachment":[{"href":"https:\/\/www.leblogdescoutheillas.com\/index.php?rest_route=%2Fwp%2Fv2%2Fmedia&parent=57686"}],"wp:term":[{"taxonomy":"category","embeddable":true,"href":"https:\/\/www.leblogdescoutheillas.com\/index.php?rest_route=%2Fwp%2Fv2%2Fcategories&post=57686"},{"taxonomy":"post_tag","embeddable":true,"href":"https:\/\/www.leblogdescoutheillas.com\/index.php?rest_route=%2Fwp%2Fv2%2Ftags&post=57686"}],"curies":[{"name":"wp","href":"https:\/\/api.w.org\/{rel}","templated":true}]}}