{"id":56458,"date":"2026-05-01T07:47:09","date_gmt":"2026-05-01T05:47:09","guid":{"rendered":"https:\/\/www.leblogdescoutheillas.com\/?p=56458"},"modified":"2026-05-01T08:20:57","modified_gmt":"2026-05-01T06:20:57","slug":"carnet-decriture-21-caractere-et-patronyme","status":"publish","type":"post","link":"https:\/\/www.leblogdescoutheillas.com\/?p=56458","title":{"rendered":"Carnet d\u2019\u00e9criture (21)\u00a0&#8211; Caract\u00e8re et patronyme"},"content":{"rendered":"<p style=\"font-weight: 400; text-align: justify;\"><span style=\"color: #0000ff;\"><em><img loading=\"lazy\" decoding=\"async\" class=\"alignleft wp-image-34183\" src=\"https:\/\/www.leblogdescoutheillas.com\/wp-content\/uploads\/2021\/12\/images-1.jpeg\" alt=\"\" width=\"135\" height=\"135\" srcset=\"https:\/\/www.leblogdescoutheillas.com\/wp-content\/uploads\/2021\/12\/images-1.jpeg 225w, https:\/\/www.leblogdescoutheillas.com\/wp-content\/uploads\/2021\/12\/images-1-150x150.jpeg 150w\" sizes=\"auto, (max-width: 135px) 100vw, 135px\" \/>(&#8230;) \u00c7a y est ! C\u2019est d\u00e9cid\u00e9 : je vais \u00e9crire sur eux, avec eux. Mais qui sont-ils sur cette photo ? Qui est l\u00e0 ?<\/em><\/span><br \/>\n<span style=\"color: #0000ff;\"><em>Il va falloir d\u2019abord leur cr\u00e9er une \u00e9bauche de personnalit\u00e9, une \u00e9bauche seulement car, par exp\u00e9rience je sais, et je ne suis pas le seul \u00e0 le dire, qu\u2019au cours de l\u2019\u00e9criture, chaque personnage prendra de plus en plus d\u2019ind\u00e9pendance, jusqu\u2019\u00e0 en devenir \u00e9ventuellement incontr\u00f4lable. Il faudra aussi trouver ce qu\u2019ils ont pu vivre avant le jour de la photo et, pour chacun, la raison de sa pr\u00e9sence dans ce caf\u00e9, \u00e0 cet instant, sur cette photo. Ensuite, il suffira de l\u00e2cher les chevaux\u2026<\/em><\/span><\/p>\n<p><strong>Caract\u00e8re et patronyme<\/strong><\/p>\n<p style=\"text-align: justify;\"><img loading=\"lazy\" decoding=\"async\" class=\"alignleft size-medium wp-image-22721\" src=\"https:\/\/www.leblogdescoutheillas.com\/wp-content\/uploads\/2020\/04\/Le-Cujas-copie-206x300.jpeg\" alt=\"\" width=\"206\" height=\"300\" srcset=\"https:\/\/www.leblogdescoutheillas.com\/wp-content\/uploads\/2020\/04\/Le-Cujas-copie-206x300.jpeg 206w, https:\/\/www.leblogdescoutheillas.com\/wp-content\/uploads\/2020\/04\/Le-Cujas-copie-660x960.jpeg 660w, https:\/\/www.leblogdescoutheillas.com\/wp-content\/uploads\/2020\/04\/Le-Cujas-copie-768x1117.jpeg 768w, https:\/\/www.leblogdescoutheillas.com\/wp-content\/uploads\/2020\/04\/Le-Cujas-copie.jpeg 810w\" sizes=\"auto, (max-width: 206px) 100vw, 206px\" \/>Tout de suite, \u00e0 regarder la photo, on sait que les personnages principaux seront les deux \u00e9tudiants. Le plus grand, le brun, celui qui est habill\u00e9 comme un attach\u00e9 d\u2019ambassade, j\u2019en ferais bien un arriviste \u00e0 la morale un peu souple, mais je ne voudrais pas tomber dans le clich\u00e9 du type parti de rien et arriv\u00e9 \u00e0 tout. Non, il serait de bonne famille, grande bourgeoisie, p\u00e8re industriel et tout\u2026 Le jeune homme au chapeau me para\u00eet habill\u00e9 de fa\u00e7on d\u00e9cal\u00e9e, m\u00eame pour un \u00e9tudiant de 1935. J\u2019en ferais un original, un type hors de l\u2019ordinaire, hors du temps. Je le verrais bien aristocrate, grande famille, ch\u00e2teau en province, h\u00f4tel particulier \u00e0 Paris, rigueur morale et conscience de classe, un peu clich\u00e9 certes, mais vraisemblable ; j\u2019en ai rencontr\u00e9 des comme \u00e7a. Les baptiser ne fut pas difficile : pour le grand brun, j\u2019adoptais un pr\u00e9nom courant de l\u2019entre-deux guerres, Georges, et pour patronyme, celui d\u2019un personnage de la Recherche du temps perdu, le marquis de Cambremer, \u00e0 qui j\u2019\u00f4tai toute particule. Pour l\u2019autre \u00e9tudiant, dont je sentais qu\u2019il m\u2019\u00e9tait d\u00e9j\u00e0 sympathique, je choisis un beau pr\u00e9nom, \u00e9ternel, Antoine. S\u2019il existe quelque part une famille de Colmont, qu\u2019elle ne m\u2019en veuille pas d\u2019avoir utilis\u00e9 son nom, car ce n\u2019est pas elle qui a guid\u00e9 mon choix. Colmont est aussi le nom d\u2019un petit entrepreneur de l\u2019Aisne avec qui j\u2019ai travaill\u00e9 un temps. Bien qu\u2019absolument charmant et tr\u00e8s bien \u00e9lev\u00e9, je suis persuad\u00e9 que Monsieur Colmont ne poss\u00e9dait aucun quartier de noblesse. Plus tard, pour les besoins de l\u2019intrigue, j\u2019allongeai le nom d\u2019Antoine en le faisant pr\u00e9c\u00e9der de Bompar. Antoine Bompar de Colmont ! \u00c7a sonnait bien, non ?<\/p>\n<p style=\"text-align: justify;\">Une fois ces deux personnages esquiss\u00e9s, les autres se sont construits d\u2019eux-m\u00eames. La fille au chapeau cloche sera la maitresse appoint\u00e9e d\u2019Antoine, les deux autres hommes \u00e0 la terrasse des petits voyous de Pigalle et les trois personnes au comptoir ne seraient que des personnages secondaires, un artisan du quartier, une patronne de bar et un gar\u00e7on de caf\u00e9. Restait quand m\u00eame un personnage \u00e0 d\u00e9finir, le photographe lui-m\u00eame. Invisible sur la photo \u2014 les selfies n\u2019existaient pas encore en 1935 \u2014 serait-il \u00e9galement absent du roman \u00e0 venir ? Serait-il le narrateur objectif de ce qui allait advenir, uniquement soucieux de la qualit\u00e9 et de la clart\u00e9 de son r\u00e9cit comme le photographe l\u2019est de son clich\u00e9 ? Ou bien serait-il partie prenante des aventures que les huit de la photo allaient vivre lors de leur travers\u00e9e des ann\u00e9es de guerre ? Pourrait-il m\u00eame en \u00eatre le personnage central ? \u00c0 ce stade, rien n\u2019\u00e9tait encore d\u00e9cid\u00e9. Il fallait laisser vivre un peu les personnages, les faire se rencontrer et voir ce qui allait advenir. La seule contrainte \u00e9tant que, par un beau matin de printemps 1935, un \u00e9tudiant de bonne famille, son meilleur ami aristocrate, une fille entretenue, deux gouapes de Pigalle, un artisan du quartier, une patronne de bar et un gar\u00e7on de caf\u00e9 se retrouvent ensemble \u00e0 la terrasse d&rsquo;un caf\u00e9 du Boulevard Saint-Michel dans le champ de l\u2019objectif d\u2019un photographe.<span class=\"Apple-converted-space\">\u00a0 <\/span>Avec un peu d\u2019imagination, je devais pouvoir y arriver\u2026<\/p>\n<p style=\"text-align: justify;\"><em><span style=\"color: #0000ff;\">\u00c0 SUIVRE, mais avant, vous pouvez cliquer ci-dessous :\u00a0<\/span><\/em><\/p>\n<h5><a href=\"https:\/\/amzn.eu\/d\/0fpxn2k0\" target=\"_blank\" rel=\"noopener\"><span style=\"color: #ff0000;\"><em><strong>Histoire de Dashiell Stiller, en vente sur Amazon au prix modique de 10,55 \u20ac ttc !<\/strong><\/em><\/span><\/a><\/h5>\n<p><a href=\"https:\/\/amzn.eu\/d\/0fpxn2k0\" target=\"_blank\" rel=\"noopener\"><img loading=\"lazy\" decoding=\"async\" class=\"aligncenter wp-image-46291\" src=\"https:\/\/www.leblogdescoutheillas.com\/wp-content\/uploads\/2023\/07\/Couverture-HDS-189x300.png\" alt=\"\" width=\"268\" height=\"425\" srcset=\"https:\/\/www.leblogdescoutheillas.com\/wp-content\/uploads\/2023\/07\/Couverture-HDS-189x300.png 189w, https:\/\/www.leblogdescoutheillas.com\/wp-content\/uploads\/2023\/07\/Couverture-HDS.png 215w\" sizes=\"auto, (max-width: 268px) 100vw, 268px\" \/><\/a><\/p>\n","protected":false},"excerpt":{"rendered":"<p>(&#8230;) \u00c7a y est ! C\u2019est d\u00e9cid\u00e9 : je vais \u00e9crire sur eux, avec eux. Mais qui sont-ils sur cette photo ? Qui est l\u00e0 ? Il va falloir d\u2019abord leur cr\u00e9er une \u00e9bauche de personnalit\u00e9, une \u00e9bauche seulement car, par exp\u00e9rience je sais, et je ne suis pas le seul \u00e0 le dire, qu\u2019au &hellip; <a href=\"https:\/\/www.leblogdescoutheillas.com\/?p=56458\" class=\"more-link\">Continuer la lecture de <span class=\"screen-reader-text\">Carnet d\u2019\u00e9criture (21)\u00a0&#8211; Caract\u00e8re et patronyme<\/span> <span class=\"meta-nav\">&rarr;<\/span><\/a><\/p>\n","protected":false},"author":1,"featured_media":0,"comment_status":"open","ping_status":"open","sticky":false,"template":"","format":"standard","meta":{"_mo_disable_npp":"","jetpack_post_was_ever_published":false,"_jetpack_newsletter_access":"","_jetpack_dont_email_post_to_subs":false,"_jetpack_newsletter_tier_id":0,"_jetpack_memberships_contains_paywalled_content":false,"_jetpack_memberships_contains_paid_content":false,"footnotes":"","jetpack_publicize_message":"","jetpack_publicize_feature_enabled":true,"jetpack_social_post_already_shared":true,"jetpack_social_options":{"image_generator_settings":{"template":"highway","default_image_id":0,"font":"","enabled":false},"version":2}},"categories":[94],"tags":[2047,21],"class_list":["post-56458","post","type-post","status-publish","format-standard","hentry","category-critiques","tag-histoire-de-dashiell-stiller","tag-philippe"],"jetpack_publicize_connections":[],"jetpack_featured_media_url":"","jetpack_sharing_enabled":true,"_links":{"self":[{"href":"https:\/\/www.leblogdescoutheillas.com\/index.php?rest_route=\/wp\/v2\/posts\/56458","targetHints":{"allow":["GET"]}}],"collection":[{"href":"https:\/\/www.leblogdescoutheillas.com\/index.php?rest_route=\/wp\/v2\/posts"}],"about":[{"href":"https:\/\/www.leblogdescoutheillas.com\/index.php?rest_route=\/wp\/v2\/types\/post"}],"author":[{"embeddable":true,"href":"https:\/\/www.leblogdescoutheillas.com\/index.php?rest_route=\/wp\/v2\/users\/1"}],"replies":[{"embeddable":true,"href":"https:\/\/www.leblogdescoutheillas.com\/index.php?rest_route=%2Fwp%2Fv2%2Fcomments&post=56458"}],"version-history":[{"count":5,"href":"https:\/\/www.leblogdescoutheillas.com\/index.php?rest_route=\/wp\/v2\/posts\/56458\/revisions"}],"predecessor-version":[{"id":56670,"href":"https:\/\/www.leblogdescoutheillas.com\/index.php?rest_route=\/wp\/v2\/posts\/56458\/revisions\/56670"}],"wp:attachment":[{"href":"https:\/\/www.leblogdescoutheillas.com\/index.php?rest_route=%2Fwp%2Fv2%2Fmedia&parent=56458"}],"wp:term":[{"taxonomy":"category","embeddable":true,"href":"https:\/\/www.leblogdescoutheillas.com\/index.php?rest_route=%2Fwp%2Fv2%2Fcategories&post=56458"},{"taxonomy":"post_tag","embeddable":true,"href":"https:\/\/www.leblogdescoutheillas.com\/index.php?rest_route=%2Fwp%2Fv2%2Ftags&post=56458"}],"curies":[{"name":"wp","href":"https:\/\/api.w.org\/{rel}","templated":true}]}}