{"id":56450,"date":"2026-04-28T08:47:53","date_gmt":"2026-04-28T06:47:53","guid":{"rendered":"https:\/\/www.leblogdescoutheillas.com\/?p=56450"},"modified":"2026-04-29T17:42:31","modified_gmt":"2026-04-29T15:42:31","slug":"carnet-decriture-n20-qui-est-la","status":"publish","type":"post","link":"https:\/\/www.leblogdescoutheillas.com\/?p=56450","title":{"rendered":"Carnet d\u2019\u00e9criture (20) &#8211; Qui est l\u00e0 ?"},"content":{"rendered":"<p style=\"font-weight: 400; text-align: justify;\"><span style=\"color: #0000ff;\"><img loading=\"lazy\" decoding=\"async\" class=\"alignleft wp-image-34183\" src=\"https:\/\/www.leblogdescoutheillas.com\/wp-content\/uploads\/2021\/12\/images-1.jpeg\" alt=\"\" width=\"130\" height=\"130\" srcset=\"https:\/\/www.leblogdescoutheillas.com\/wp-content\/uploads\/2021\/12\/images-1.jpeg 225w, https:\/\/www.leblogdescoutheillas.com\/wp-content\/uploads\/2021\/12\/images-1-150x150.jpeg 150w\" sizes=\"auto, (max-width: 130px) 100vw, 130px\" \/>(\u2026)\u00a0 <em>je pris l\u2019habitude de lui envoyer une \u00e0 deux fois par semaine une carte postale, une carte postale de n\u2019importe o\u00f9, de n\u2019importe quoi, avec juste un petit mot dessus, un petit mot de rien du tout, quelque chose comme\u00a0\u00ab\u00a0Meilleur souvenir de la Tour Eiffel\u00a0\u00bb \u00e9crit au dos d\u2019une vue de Notre-Dame. Je pensais que que ni le message ni la photographie n\u2019\u00e9taient importants ; ce qui devait compter c\u2019\u00e9tait de recevoir du courrier : \u00ab\u00a0Nano, encore une carte postale pour vous\u00a0\u00bb. C\u2019est du moins ce que je croyais. J\u2019esp\u00e8re ne pas m\u2019\u00eatre tromp\u00e9 car combien de vues de l\u2019Arc de Triomphe sous toutes ses coutures, du Sacr\u00e9-Coeur sous tous les angles, de l\u2019Avenue de l\u2019Op\u00e9ra \u00e0 toutes les \u00e9poques\u00a0 Nano a-t-elle re\u00e7ues ? Cette habitude a dur\u00e9 longtemps, deux ans, trois peut-\u00eatre et puis je n\u2019ai plus envoy\u00e9 de cartes postales parce que Nano n\u2019\u2019\u00e9tait plus l\u00e0 pour les recevoir. C\u2019est l\u2019une de ces cartes postales qui a d\u00e9clench\u00e9 Le Cujas. Un de ces jours, je vous dirai comment et pourquoi. <\/em><\/span><\/p>\n<p style=\"font-weight: 400; text-align: justify;\">Cette carte postale, c\u2019est celle-ci :<\/p>\n<p><img loading=\"lazy\" decoding=\"async\" class=\"aligncenter  wp-image-22721\" src=\"https:\/\/www.leblogdescoutheillas.com\/wp-content\/uploads\/2020\/04\/Le-Cujas-copie-660x960.jpeg\" alt=\"\" width=\"410\" height=\"597\" srcset=\"https:\/\/www.leblogdescoutheillas.com\/wp-content\/uploads\/2020\/04\/Le-Cujas-copie-660x960.jpeg 660w, https:\/\/www.leblogdescoutheillas.com\/wp-content\/uploads\/2020\/04\/Le-Cujas-copie-206x300.jpeg 206w, https:\/\/www.leblogdescoutheillas.com\/wp-content\/uploads\/2020\/04\/Le-Cujas-copie-768x1117.jpeg 768w, https:\/\/www.leblogdescoutheillas.com\/wp-content\/uploads\/2020\/04\/Le-Cujas-copie.jpeg 810w\" sizes=\"auto, (max-width: 410px) 100vw, 410px\" \/><\/p>\n<p style=\"font-weight: 400; text-align: justify;\">Je la rencontrai \u00e0 l\u2019\u00e9tal d\u2019un marchand de souvenirs de la rue Soufflot. Au milieu des b\u00e9rets basques multicolores, des Tour-Eiffel-Porte-cl\u00e9s et des parapluies d\u2019urgence, au m\u00eame prix que les chromos\u00a0 de\u00a0 l\u2019Arc de Triomphe et de la Place du Tertre \u2014 trois cartes pour 1 euro \u2014 elle d\u00e9notait pourtant par la qualit\u00e9 de la photographie et l\u2019originalit\u00e9 de la sc\u00e8ne repr\u00e9sent\u00e9e. Au verso, sans fioritures, elle disait son titre : <!--more-->\u00ab Etudiants &#8211; Boulevard Saint-Michel &#8211; 1935 \u00bb. Je l\u2019achetai aussit\u00f4t (avec une Place Pigalle et un Pont Alexandre III) et l\u2019adressai \u00e0 Nano, non sans y avoir port\u00e9 au dos une message plein d\u2019esprit dont je n\u2019ai gard\u00e9 aucun souvenir. Par contre, je gardai une copie de la photo.<\/p>\n<p style=\"font-weight: 400; text-align: justify;\">La sc\u00e8ne \u00e9tait int\u00e9ressante : en premier plan, la terrasse d\u2019un caf\u00e9 ; en arri\u00e8re plan un bout de la salle avec son comptoir bord\u00e9 de cuivre ; assis en terrasse, au premier plan, deux hommes et une femme partagent des boissons chaudes et des viennoiseries ; c\u2019est donc l\u2019heure d\u2019un petit d\u00e9jeuner ; la femme a vu qu\u2019on les prenait en photo et elle regarde l\u2019objectif ; les deux hommes discutent entre eux ; aujourd\u2019hui nous dirions que le grand brun ressemble \u00e0 un conseiller minist\u00e9riel, l\u2019homme au chapeau \u00e0 un dandy du monde de l\u2019\u00e9dition et qu\u2019aucun des deux ne ressemble \u00e0 un \u00e9tudiant. Mais rappelez vous que nous sommes en 1935. Alors va pour \u2018\u2019\u00e9tudiants\u2019\u2019 ! Mais pas pour \u2018\u2019\u00e9tudiante\u2019\u2019 ! En aucun cas, et m\u00eame en 1935, cette fille ne peut \u00eatre \u00e9tudiante. Alors que pourrait-elle \u00eatre ? Modiste, coiffeuse, vendeuse au Printemps ?<\/p>\n<p style=\"font-weight: 400; text-align: justify;\">Toujours \u00e0 la terrasse, mais au second plan, il y a deux hommes assis. Eux aussi ont vu le photographe et celui qui porte un chapeau semble y trouver \u00e0 redire et vouloir dire deux mots \u00e0 l\u2019importun, tandis que celui qui porte la casquette para\u00eet vouloir le raisonner. Dr\u00f4le d\u2019allure, ces deux-l\u00e0 ; probablement pas du quartier !<\/p>\n<p style=\"font-weight: 400; text-align: justify;\">\u00c0 l\u2019int\u00e9rieur de la salle, largement ouverte sur la terrasse, on aper\u00e7oit un client en bleu de travail et casquette \u2014 s\u00fbrement un ouvrier \u2014 et, au del\u00e0 du comptoir, une femme \u00e0 chignon et air placide \u2014 \u00e0 coup s\u00fbr la patronne \u2014 et \u00e0 c\u00f4t\u00e9 d\u2019elle un jeune homme en tablier vert, son gar\u00e7on de caf\u00e9.<\/p>\n<p style=\"font-weight: 400; text-align: justify;\">Voil\u00e0 huit personnages bien marqu\u00e9s dans leur accoutrement et leur attitude, auxquels on pourra ajouter le photographe, neuf personnages en qu\u00eate d\u2019auteur, trois de plus que ceux de Pirandello.<\/p>\n<p style=\"font-weight: 400; text-align: justify;\">\u00c7a y est ! C\u2019est d\u00e9cid\u00e9 : je vais \u00e9crire sur eux, avec eux. Mais qui sont-ils ? Sur cette photo, qui est l\u00e0 ?<\/p>\n<p style=\"font-weight: 400; text-align: justify;\">Il va falloir d\u2019abord leur cr\u00e9er une \u00e9bauche de personnalit\u00e9, une \u00e9bauche seulement car, par exp\u00e9rience, je sais, et je ne suis pas le seul \u00e0 le dire, qu\u2019au cours de l\u2019\u00e9criture, chaque personnage prendra de plus en plus d\u2019ind\u00e9pendance, jusqu\u2019\u00e0 en devenir \u00e9ventuellement incontr\u00f4lable. Il faudra aussi trouver ce qu\u2019ils ont pu vivre avant le jour de la photo et, pour chacun, la raison de sa pr\u00e9sence dans ce caf\u00e9, \u00e0 cet instant, sur cette photo. Ensuite, il suffira de l\u00e2cher les chevaux\u2026<\/p>\n<p><em><span style=\"color: #0000ff;\">A SUIVRE, mais <span style=\"caret-color: #0000ff;\">avant, vous pouvez cliquer sur :\u00a0<\/span><\/span><\/em><\/p>\n<h5 style=\"text-align: center;\"><a href=\"https:\/\/amzn.eu\/d\/0fpxn2k0\" target=\"_blank\" rel=\"noopener\"><span style=\"color: #ff0000;\"><em><strong>Histoire de Dashiell Stiller, en vente sur Amazon au prix modique de 10,55 \u20ac ttc !<\/strong><\/em><\/span><\/a><\/h5>\n<p><a href=\"https:\/\/amzn.eu\/d\/0fpxn2k0\" target=\"_blank\" rel=\"noopener\"><img loading=\"lazy\" decoding=\"async\" class=\"aligncenter wp-image-46291\" src=\"https:\/\/www.leblogdescoutheillas.com\/wp-content\/uploads\/2023\/07\/Couverture-HDS-189x300.png\" alt=\"\" width=\"268\" height=\"425\" srcset=\"https:\/\/www.leblogdescoutheillas.com\/wp-content\/uploads\/2023\/07\/Couverture-HDS-189x300.png 189w, https:\/\/www.leblogdescoutheillas.com\/wp-content\/uploads\/2023\/07\/Couverture-HDS.png 215w\" sizes=\"auto, (max-width: 268px) 100vw, 268px\" \/><\/a><\/p>\n<p style=\"font-weight: 400; text-align: justify;\">\n","protected":false},"excerpt":{"rendered":"<p>(\u2026)\u00a0 je pris l\u2019habitude de lui envoyer une \u00e0 deux fois par semaine une carte postale, une carte postale de n\u2019importe o\u00f9, de n\u2019importe quoi, avec juste un petit mot dessus, un petit mot de rien du tout, quelque chose comme\u00a0\u00ab\u00a0Meilleur souvenir de la Tour Eiffel\u00a0\u00bb \u00e9crit au dos d\u2019une vue de Notre-Dame. Je pensais &hellip; <a href=\"https:\/\/www.leblogdescoutheillas.com\/?p=56450\" class=\"more-link\">Continuer la lecture de <span class=\"screen-reader-text\">Carnet d\u2019\u00e9criture (20) &#8211; Qui est l\u00e0 ?<\/span> <span class=\"meta-nav\">&rarr;<\/span><\/a><\/p>\n","protected":false},"author":1,"featured_media":0,"comment_status":"open","ping_status":"open","sticky":false,"template":"","format":"standard","meta":{"_mo_disable_npp":"","jetpack_post_was_ever_published":false,"_jetpack_newsletter_access":"","_jetpack_dont_email_post_to_subs":false,"_jetpack_newsletter_tier_id":0,"_jetpack_memberships_contains_paywalled_content":false,"_jetpack_memberships_contains_paid_content":false,"footnotes":"","jetpack_publicize_message":"","jetpack_publicize_feature_enabled":true,"jetpack_social_post_already_shared":true,"jetpack_social_options":{"image_generator_settings":{"template":"highway","default_image_id":0,"font":"","enabled":false},"version":2}},"categories":[94],"tags":[2047,21],"class_list":["post-56450","post","type-post","status-publish","format-standard","hentry","category-critiques","tag-histoire-de-dashiell-stiller","tag-philippe"],"jetpack_publicize_connections":[],"jetpack_featured_media_url":"","jetpack_sharing_enabled":true,"_links":{"self":[{"href":"https:\/\/www.leblogdescoutheillas.com\/index.php?rest_route=\/wp\/v2\/posts\/56450","targetHints":{"allow":["GET"]}}],"collection":[{"href":"https:\/\/www.leblogdescoutheillas.com\/index.php?rest_route=\/wp\/v2\/posts"}],"about":[{"href":"https:\/\/www.leblogdescoutheillas.com\/index.php?rest_route=\/wp\/v2\/types\/post"}],"author":[{"embeddable":true,"href":"https:\/\/www.leblogdescoutheillas.com\/index.php?rest_route=\/wp\/v2\/users\/1"}],"replies":[{"embeddable":true,"href":"https:\/\/www.leblogdescoutheillas.com\/index.php?rest_route=%2Fwp%2Fv2%2Fcomments&post=56450"}],"version-history":[{"count":8,"href":"https:\/\/www.leblogdescoutheillas.com\/index.php?rest_route=\/wp\/v2\/posts\/56450\/revisions"}],"predecessor-version":[{"id":56673,"href":"https:\/\/www.leblogdescoutheillas.com\/index.php?rest_route=\/wp\/v2\/posts\/56450\/revisions\/56673"}],"wp:attachment":[{"href":"https:\/\/www.leblogdescoutheillas.com\/index.php?rest_route=%2Fwp%2Fv2%2Fmedia&parent=56450"}],"wp:term":[{"taxonomy":"category","embeddable":true,"href":"https:\/\/www.leblogdescoutheillas.com\/index.php?rest_route=%2Fwp%2Fv2%2Fcategories&post=56450"},{"taxonomy":"post_tag","embeddable":true,"href":"https:\/\/www.leblogdescoutheillas.com\/index.php?rest_route=%2Fwp%2Fv2%2Ftags&post=56450"}],"curies":[{"name":"wp","href":"https:\/\/api.w.org\/{rel}","templated":true}]}}