{"id":5606,"date":"2016-05-23T07:07:47","date_gmt":"2016-05-23T05:07:47","guid":{"rendered":"http:\/\/leblogdescoutheillas.com\/?p=5606"},"modified":"2016-02-03T13:36:19","modified_gmt":"2016-02-03T11:36:19","slug":"ceramique-13","status":"publish","type":"post","link":"https:\/\/www.leblogdescoutheillas.com\/?p=5606","title":{"rendered":"C\u00e9ramique 13"},"content":{"rendered":"<p><span style=\"color: #000000; font-family: Calibri;\">C\u00e9ramiques d\u2019isabelle Rispal-Pietroni<\/span><br \/>\n<span style=\"color: #000080;\">P<span style=\"font-family: Calibri;\">ots, vases et plateau TRIO <\/span><\/span><br \/>\n<span style=\"color: #000080; font-family: Calibri;\"> S\u00e9rie en gr\u00e8s \u00e9maill\u00e9 bleu lavande et vert canard. Cuisson 1250\u00b0\u00a0<\/span><br \/>\n<span style=\"color: #000080;\"> P<span style=\"font-family: Calibri;\">ots diam\u00e8tres 5 \u00e0 12cm . V<\/span><span style=\"font-family: Calibri;\">ases H. 10 \u00e0 15cm\u00a0. P<\/span><span style=\"font-family: Calibri;\">lateau diam\u00e8tre 22cm<\/span><\/span><\/p>\n<p><a href=\"http:\/\/leblogdescoutheillas.com\/wp-content\/uploads\/2016\/02\/Ceram-13-TRIO-Jardins-de-table-1.jpg\"><img loading=\"lazy\" decoding=\"async\" class=\"alignleft size-large wp-image-5613\" src=\"http:\/\/leblogdescoutheillas.com\/wp-content\/uploads\/2016\/02\/Ceram-13-TRIO-Jardins-de-table-1-960x892.jpg\" alt=\"Ceram 13 TRIO Jardins de table 1\" width=\"604\" height=\"561\" srcset=\"https:\/\/www.leblogdescoutheillas.com\/wp-content\/uploads\/2016\/02\/Ceram-13-TRIO-Jardins-de-table-1-960x892.jpg 960w, https:\/\/www.leblogdescoutheillas.com\/wp-content\/uploads\/2016\/02\/Ceram-13-TRIO-Jardins-de-table-1-300x279.jpg 300w\" sizes=\"auto, (max-width: 604px) 100vw, 604px\" \/><\/a><\/p>\n","protected":false},"excerpt":{"rendered":"<p>C\u00e9ramiques d\u2019isabelle Rispal-Pietroni Pots, vases et plateau TRIO S\u00e9rie en gr\u00e8s \u00e9maill\u00e9 bleu lavande et vert canard. Cuisson 1250\u00b0\u00a0 Pots diam\u00e8tres 5 \u00e0 12cm . Vases H. 10 \u00e0 15cm\u00a0. Plateau diam\u00e8tre 22cm<\/p>\n","protected":false},"author":1,"featured_media":0,"comment_status":"open","ping_status":"open","sticky":false,"template":"","format":"standard","meta":{"_mo_disable_npp":"","_jetpack_newsletter_access":"","_jetpack_dont_email_post_to_subs":false,"_jetpack_newsletter_tier_id":0,"_jetpack_memberships_contains_paywalled_content":false,"_jetpack_feature_clip_id":0,"_jetpack_memberships_contains_paid_content":false,"footnotes":"","jetpack_publicize_message":"","jetpack_publicize_feature_enabled":true,"jetpack_social_post_already_shared":true,"jetpack_social_options":{"image_generator_settings":{"template":"highway","default_image_id":0,"font":"","enabled":false},"version":2},"jetpack_post_was_ever_published":false},"categories":[3],"tags":[945],"class_list":["post-5606","post","type-post","status-publish","format-standard","hentry","category-photos","tag-isabelle"],"jetpack_publicize_connections":[],"jetpack_sharing_enabled":true,"jetpack_featured_media_url":"","_links":{"self":[{"href":"https:\/\/www.leblogdescoutheillas.com\/index.php?rest_route=\/wp\/v2\/posts\/5606","targetHints":{"allow":["GET"]}}],"collection":[{"href":"https:\/\/www.leblogdescoutheillas.com\/index.php?rest_route=\/wp\/v2\/posts"}],"about":[{"href":"https:\/\/www.leblogdescoutheillas.com\/index.php?rest_route=\/wp\/v2\/types\/post"}],"author":[{"embeddable":true,"href":"https:\/\/www.leblogdescoutheillas.com\/index.php?rest_route=\/wp\/v2\/users\/1"}],"replies":[{"embeddable":true,"href":"https:\/\/www.leblogdescoutheillas.com\/index.php?rest_route=%2Fwp%2Fv2%2Fcomments&post=5606"}],"version-history":[{"count":0,"href":"https:\/\/www.leblogdescoutheillas.com\/index.php?rest_route=\/wp\/v2\/posts\/5606\/revisions"}],"wp:attachment":[{"href":"https:\/\/www.leblogdescoutheillas.com\/index.php?rest_route=%2Fwp%2Fv2%2Fmedia&parent=5606"}],"wp:term":[{"taxonomy":"category","embeddable":true,"href":"https:\/\/www.leblogdescoutheillas.com\/index.php?rest_route=%2Fwp%2Fv2%2Fcategories&post=5606"},{"taxonomy":"post_tag","embeddable":true,"href":"https:\/\/www.leblogdescoutheillas.com\/index.php?rest_route=%2Fwp%2Fv2%2Ftags&post=5606"}],"curies":[{"name":"wp","href":"https:\/\/api.w.org\/{rel}","templated":true}]}}