{"id":55881,"date":"2026-01-20T07:47:47","date_gmt":"2026-01-20T06:47:47","guid":{"rendered":"https:\/\/www.leblogdescoutheillas.com\/?p=55881"},"modified":"2026-01-20T18:21:31","modified_gmt":"2026-01-20T17:21:31","slug":"souvenirs-souvenirs","status":"publish","type":"post","link":"https:\/\/www.leblogdescoutheillas.com\/?p=55881","title":{"rendered":"Souvenirs, souvenirs\u2026\u00a0"},"content":{"rendered":"<p style=\"text-align: justify;\">Il y a quelques jours, j\u2019ai publi\u00e9 un article intitul\u00e9 \u00ab\u00a0Journal intime\u00a0\u00bb suivi d\u2019une date, le 3 d\u00e9cembre 2012. Pendant quelques semaines, de mani\u00e8re espac\u00e9e et pour un temps limit\u00e9, je continuerai \u00e0 publier des articles portant ce titre suivi d\u2019une autre date. Mais pourquoi donc, se demande-t-on \u00e0 voix basse sous la feuill\u00e9e ? \u00c0 voix basse sous la feuill\u00e9e, on se demande<br \/>\nPourquoi publier un journal intime ?<br \/>\nEt aussi, pourquoi \u00e9crire un journal intime ?<br \/>\nEt surtout, qu\u2019est-ce qu\u2019un journal intime ?<br \/>\nMais d\u2019abord, pourquoi cette question ?<\/p>\n<p style=\"text-align: justify;\">Eh bien voil\u00e0 :<span class=\"Apple-converted-space\">\u00a0<\/span><\/p>\n<p style=\"text-align: justify;\">Pendant quelques ann\u00e9es, plus pr\u00e9cis\u00e9ment de 2005 \u00e0 2013, j\u2019ai tenu un journal intime. Oui, j\u2019ai eu cette faiblesse. Pourtant, avant que cela n&rsquo;arrive, combien de fois m\u2019\u00e9tais-je moqu\u00e9 de cette pr\u00e9ciosit\u00e9 de jeune fille de pensionnat ?<span class=\"Apple-converted-space\">\u00a0 <\/span>Confier \u00e0 un cahier \u00e0 spirale ses \u00e9tats d\u2019\u00e2me, ses joies, ses espoirs et ses d\u00e9ceptions, \u00e7a n\u2019est pas tr\u00e8s viril-viril me direz\u2014vous, ni m\u00eame tr\u00e8s int\u00e9ressant, non ? \u00c0 quoi je vous r\u00e9pondrai que, pour dire \u00e7a,<span class=\"Apple-converted-space\">\u00a0 c&rsquo;est que <\/span>vous n\u2019avez pas lu le journal intime de Paul Morand, ni celui <!--more-->de Julien Green.<br \/>\nCar moi, je ne vous parle pas l\u00e0 de journaux juv\u00e9niles, pleins de pr\u00e9ciosit\u00e9s et de questions que personne ne pense plus \u00e0 se poser une fois pass\u00e9 vingt ans. Ce dont je vous parle, c\u2019est de journaux de la maturit\u00e9 et de la vieillesse, pleins de v\u00e9rit\u00e9s premi\u00e8res et d\u00e9sabus\u00e9es sur la vie, l\u2019amour, la mort et la dangerosit\u00e9 des trottinettes.<span class=\"Apple-converted-space\"><br \/>\n<\/span>Si mon journal intime, \u00e9crit entre les \u00e2ges de 63 et 70 ans, est bien un journal de la maturit\u00e9 avanc\u00e9e, il n\u2019est pas pour autant rempli de sages consid\u00e9rations universelles ou d&rsquo;am\u00e8res constatations existentielles, car lorsque je l\u2019ai entrepris, mon intention n\u2019\u00e9tait pas de \u00ab\u00a0prendre du recul\u00a0\u00bb ni de \u00ab\u00a0faire le point\u00a0\u00bb. Non, ce que je voulais, c\u2019\u00e9tait rassembler des faits pour constituer une sorte d\u2019album photo que je pourrais consulter parfois pour me souvenir de mon existence pass\u00e9e. En effet, jeune, j\u2019avais \u00e9t\u00e9 frapp\u00e9 par un aphorisme dont j\u2019ai oubli\u00e9 l\u2019auteur et qui disait : \u00ab <em>L\u2019homme n\u2019existe qu\u2019autant qu\u2019il est m\u00e9moire<\/em> \u00bb. Autrement dit, ce qui fait l\u2019homme ce sont les souvenirs. Cette sentence d\u00e9finitive m\u2019avait inqui\u00e9t\u00e9 car \u00e0 cette \u00e9poque, j\u2019avais d\u00e9j\u00e0 constat\u00e9 que ma m\u00e9moire \u00e9tait d\u00e9plorable et, pour pallier cette d\u00e9ficience, \u00e0 plusieurs reprises, j\u2019avais commenc\u00e9 puis, autant de fois, abandonn\u00e9 l\u2019\u00e9criture d\u2019un journal intime.<span class=\"Apple-converted-space\"><br \/>\n<\/span>La tentative qui a dur\u00e9 le plus longtemps, c\u2019est celle qui a commenc\u00e9 \u00e0 la fin de l\u2019ann\u00e9e 2006. Elle s\u2019est termin\u00e9e en juillet 2013, peu de temps avant la premi\u00e8re parution du Journal des Coutheillas, en novembre.<span class=\"Apple-converted-space\">\u00a0<\/span><\/p>\n<p style=\"text-align: justify;\">Il y a quelques jours, je l\u2019ai relu in extenso, ce journal. J\u2019en ai conclu, premi\u00e8rement, que j\u2019avais bien fait de le tenir, deuxi\u00e8mement, que j\u2019aurais d\u00fb pers\u00e9v\u00e9rer et, troisi\u00e8mement, qu\u2019il n\u2019est pas publiable en l\u2019\u00e9tat.<span class=\"Apple-converted-space\">\u00a0<\/span><\/p>\n<p style=\"text-align: justify;\">Premi\u00e8rement, j\u2019avais bien fait de le tenir car sa lecture m\u2019a rappel\u00e9 tout un tas de choses que j\u2019avais totalement oubli\u00e9es et ce n\u2019\u00e9tait pas tant les faits qui \u00e9taient tomb\u00e9s dans mon oubli que mes \u00e9tats d\u2019esprit devant leur survenance. Deuxi\u00e8mement, j\u2019aurais d\u00fb continuer \u00e0 le tenir, car cela m\u2019aurait permis de ne pas oublier comment j\u2019avais r\u00e9agi \u00e0 ce qui s\u2019\u00e9tait pass\u00e9 depuis la fin de 2013 ni \u00e0 qui j\u2019avais pr\u00eat\u00e9 les deux DVD de la Recherche du temps perdu qu\u2019avait r\u00e9alis\u00e9s Nina Companez. Et troisi\u00e8mement, le journal n\u2019\u00e9tait pas publiable en l\u2019\u00e9tat ni surtout in extenso. J\u2019ai l\u2019habitude de dire que lorsqu\u2019on \u00e9crit, on s\u2019expose. Bon, d\u2019accord, mais il y a des limites \u00e0 l\u2019exhibitionnisme. J\u2019ai donc d\u00fb effectuer une s\u00e9lection s\u00e9v\u00e8re dans mon journal intime et ne retenir pour la publication que les textes qui selon moi, pourraient pr\u00e9senter un int\u00e9r\u00eat anecdotique ou m\u00eame litt\u00e9raire sans trop franchir le mur de ma vie priv\u00e9e. Ceux qui voudront en savoir davantage n\u2019auront qu\u2019\u00e0 attendre que mon \u00e9diteur posthume ait retrouv\u00e9 et publi\u00e9 mon journal. Et c\u2019est pas demain la veille.<span class=\"Apple-converted-space\">\u00a0<\/span><\/p>\n","protected":false},"excerpt":{"rendered":"<p>Il y a quelques jours, j\u2019ai publi\u00e9 un article intitul\u00e9 \u00ab\u00a0Journal intime\u00a0\u00bb suivi d\u2019une date, le 3 d\u00e9cembre 2012. Pendant quelques semaines, de mani\u00e8re espac\u00e9e et pour un temps limit\u00e9, je continuerai \u00e0 publier des articles portant ce titre suivi d\u2019une autre date. Mais pourquoi donc, se demande-t-on \u00e0 voix basse sous la feuill\u00e9e ? &hellip; <a href=\"https:\/\/www.leblogdescoutheillas.com\/?p=55881\" class=\"more-link\">Continuer la lecture de <span class=\"screen-reader-text\">Souvenirs, souvenirs\u2026\u00a0<\/span> <span class=\"meta-nav\">&rarr;<\/span><\/a><\/p>\n","protected":false},"author":1,"featured_media":0,"comment_status":"open","ping_status":"open","sticky":false,"template":"","format":"standard","meta":{"_mo_disable_npp":"","jetpack_post_was_ever_published":false,"_jetpack_newsletter_access":"","_jetpack_dont_email_post_to_subs":false,"_jetpack_newsletter_tier_id":0,"_jetpack_memberships_contains_paywalled_content":false,"_jetpack_memberships_contains_paid_content":false,"footnotes":"","jetpack_publicize_message":"","jetpack_publicize_feature_enabled":true,"jetpack_social_post_already_shared":true,"jetpack_social_options":{"image_generator_settings":{"template":"highway","default_image_id":0,"font":"","enabled":false},"version":2}},"categories":[12],"tags":[],"class_list":["post-55881","post","type-post","status-publish","format-standard","hentry","category-recit"],"jetpack_publicize_connections":[],"jetpack_featured_media_url":"","jetpack_sharing_enabled":true,"_links":{"self":[{"href":"https:\/\/www.leblogdescoutheillas.com\/index.php?rest_route=\/wp\/v2\/posts\/55881","targetHints":{"allow":["GET"]}}],"collection":[{"href":"https:\/\/www.leblogdescoutheillas.com\/index.php?rest_route=\/wp\/v2\/posts"}],"about":[{"href":"https:\/\/www.leblogdescoutheillas.com\/index.php?rest_route=\/wp\/v2\/types\/post"}],"author":[{"embeddable":true,"href":"https:\/\/www.leblogdescoutheillas.com\/index.php?rest_route=\/wp\/v2\/users\/1"}],"replies":[{"embeddable":true,"href":"https:\/\/www.leblogdescoutheillas.com\/index.php?rest_route=%2Fwp%2Fv2%2Fcomments&post=55881"}],"version-history":[{"count":0,"href":"https:\/\/www.leblogdescoutheillas.com\/index.php?rest_route=\/wp\/v2\/posts\/55881\/revisions"}],"wp:attachment":[{"href":"https:\/\/www.leblogdescoutheillas.com\/index.php?rest_route=%2Fwp%2Fv2%2Fmedia&parent=55881"}],"wp:term":[{"taxonomy":"category","embeddable":true,"href":"https:\/\/www.leblogdescoutheillas.com\/index.php?rest_route=%2Fwp%2Fv2%2Fcategories&post=55881"},{"taxonomy":"post_tag","embeddable":true,"href":"https:\/\/www.leblogdescoutheillas.com\/index.php?rest_route=%2Fwp%2Fv2%2Ftags&post=55881"}],"curies":[{"name":"wp","href":"https:\/\/api.w.org\/{rel}","templated":true}]}}