{"id":55732,"date":"2026-01-10T07:47:46","date_gmt":"2026-01-10T06:47:46","guid":{"rendered":"https:\/\/www.leblogdescoutheillas.com\/?p=55732"},"modified":"2026-01-10T08:59:03","modified_gmt":"2026-01-10T07:59:03","slug":"en-escrivant-cette-parole-a-peu-que-le-coeur-ne-me-fend","status":"publish","type":"post","link":"https:\/\/www.leblogdescoutheillas.com\/?p=55732","title":{"rendered":"En escrivant cette parole, \u00e0 peu que le c\u0153ur ne me fend !"},"content":{"rendered":"<p style=\"text-align: justify;\"><b><span style=\"color: #0000ff;\"><em>\u00ab\u00a0CNews a \u00e9t\u00e9 pour la premi\u00e8re fois en t\u00eate des cha\u00eenes d\u2019information en 2025, devant BFMTV.\u00a0\u00bb<\/em><\/span><br \/>\n<\/b><em>(La Presse, fin d\u00e9cembre 2025)<\/em><\/p>\n<p style=\"text-align: justify;\">Encore un petit effort ! Encore un petit coup de pouce de Sarkozy, encore une exigence de Faure,<span class=\"Apple-converted-space\">\u00a0 <\/span>encore une na\u00efve roublardise du Pingouin, une vacherie de Fillon, un l\u00e2ch\u00e9 de de Villepin, une \u00e2nerie \u00e9colo et on y sera ! On y sera, au pays de la vraie droite, bien dure, bien b\u00eate. On y sera, au pays dont on ne revient pas.<br \/>\n<img loading=\"lazy\" decoding=\"async\" class=\"alignright wp-image-55734\" src=\"https:\/\/www.leblogdescoutheillas.com\/wp-content\/uploads\/2026\/01\/Marionette-.png\" alt=\"\" width=\"65\" height=\"103\" \/>On commencera par avoir pour Pr\u00e9sident un clone de d\u00e9l\u00e9gu\u00e9 commercial de chez Arts et Fen\u00eatres enti\u00e8rement fabriqu\u00e9 par l&rsquo;I.A. sur imprimante 3D. Mais bient\u00f4t, devant sa vacuit\u00e9, ne tarderont pas \u00e0 venir tirer sur ses fils depuis les coulisses tous les Garaud, les Juillet, les Frey, les Pasqua d\u2019aujourd\u2019hui, ceux qui consultent, conseillent et concoctent depuis des ann\u00e9es.<\/p>\n<p style=\"text-align: justify;\"><em>\u2014\u2014\u2014\u2014<br \/>\nN.B. : Le titre est de Fran\u00e7ois Villon (1431-1463)- Je plains le temps de ma jeunesse<\/em><\/p>\n","protected":false},"excerpt":{"rendered":"<p>\u00ab\u00a0CNews a \u00e9t\u00e9 pour la premi\u00e8re fois en t\u00eate des cha\u00eenes d\u2019information en 2025, devant BFMTV.\u00a0\u00bb (La Presse, fin d\u00e9cembre 2025) Encore un petit effort ! Encore un petit coup de pouce de Sarkozy, encore une exigence de Faure,\u00a0 encore une na\u00efve roublardise du Pingouin, une vacherie de Fillon, un l\u00e2ch\u00e9 de de Villepin, une &hellip; <a href=\"https:\/\/www.leblogdescoutheillas.com\/?p=55732\" class=\"more-link\">Continuer la lecture de <span class=\"screen-reader-text\">En escrivant cette parole, \u00e0 peu que le c\u0153ur ne me fend !<\/span> <span class=\"meta-nav\">&rarr;<\/span><\/a><\/p>\n","protected":false},"author":1,"featured_media":0,"comment_status":"open","ping_status":"open","sticky":false,"template":"","format":"standard","meta":{"_mo_disable_npp":"","jetpack_post_was_ever_published":false,"_jetpack_newsletter_access":"","_jetpack_dont_email_post_to_subs":false,"_jetpack_newsletter_tier_id":0,"_jetpack_memberships_contains_paywalled_content":false,"_jetpack_memberships_contains_paid_content":false,"footnotes":"","jetpack_publicize_message":"","jetpack_publicize_feature_enabled":true,"jetpack_social_post_already_shared":true,"jetpack_social_options":{"image_generator_settings":{"template":"highway","default_image_id":0,"font":"","enabled":false},"version":2}},"categories":[6],"tags":[2139,21],"class_list":["post-55732","post","type-post","status-publish","format-standard","hentry","category-news","tag-cnews","tag-philippe"],"jetpack_publicize_connections":[],"jetpack_featured_media_url":"","jetpack_sharing_enabled":true,"_links":{"self":[{"href":"https:\/\/www.leblogdescoutheillas.com\/index.php?rest_route=\/wp\/v2\/posts\/55732","targetHints":{"allow":["GET"]}}],"collection":[{"href":"https:\/\/www.leblogdescoutheillas.com\/index.php?rest_route=\/wp\/v2\/posts"}],"about":[{"href":"https:\/\/www.leblogdescoutheillas.com\/index.php?rest_route=\/wp\/v2\/types\/post"}],"author":[{"embeddable":true,"href":"https:\/\/www.leblogdescoutheillas.com\/index.php?rest_route=\/wp\/v2\/users\/1"}],"replies":[{"embeddable":true,"href":"https:\/\/www.leblogdescoutheillas.com\/index.php?rest_route=%2Fwp%2Fv2%2Fcomments&post=55732"}],"version-history":[{"count":0,"href":"https:\/\/www.leblogdescoutheillas.com\/index.php?rest_route=\/wp\/v2\/posts\/55732\/revisions"}],"wp:attachment":[{"href":"https:\/\/www.leblogdescoutheillas.com\/index.php?rest_route=%2Fwp%2Fv2%2Fmedia&parent=55732"}],"wp:term":[{"taxonomy":"category","embeddable":true,"href":"https:\/\/www.leblogdescoutheillas.com\/index.php?rest_route=%2Fwp%2Fv2%2Fcategories&post=55732"},{"taxonomy":"post_tag","embeddable":true,"href":"https:\/\/www.leblogdescoutheillas.com\/index.php?rest_route=%2Fwp%2Fv2%2Ftags&post=55732"}],"curies":[{"name":"wp","href":"https:\/\/api.w.org\/{rel}","templated":true}]}}