{"id":55137,"date":"2026-01-21T07:47:54","date_gmt":"2026-01-21T06:47:54","guid":{"rendered":"https:\/\/www.leblogdescoutheillas.com\/?p=55137"},"modified":"2026-01-21T16:18:58","modified_gmt":"2026-01-21T15:18:58","slug":"quest-ce-quun-suisse","status":"publish","type":"post","link":"https:\/\/www.leblogdescoutheillas.com\/?p=55137","title":{"rendered":"Qu&rsquo;est-ce qu&rsquo;un Suisse ?"},"content":{"rendered":"<p style=\"font-weight: 400; text-align: justify;\"><span style=\"color: #0000ff;\"><em>Premi\u00e8re parution\u00a0: 13\/11\/2017<\/em><\/span><br \/>\n<span style=\"color: #0000ff;\"><em>Entre 1849 et 1852, Flaubert effectue un long p\u00e9riple en Orient. Pendant le voyage, il \u00e9crit \u00e9norm\u00e9ment de lettres, dans lesquelles il raconte tout, vraiment tout. Dans cette lettre dat\u00e9e d&rsquo;Ath\u00e8nes, il raconte Constantinople. Visionnaire, Gustave ? Pas tant que \u00e7a ! En tout cas, il n&rsquo;avait pas pr\u00e9vu Erdogan ! Ni le reste !<\/em><\/span><\/p>\n<p style=\"font-weight: 400; text-align: justify;\"><strong>Lettre de Flaubert \u00e0 Louis Bouilhet<\/strong><strong>\u00a0<\/strong><sup>(1)<\/sup><br \/>\n<em>Ath\u00e8nes, au Lazaret<\/em><em>\u00a0<\/em><sup>(2)<\/sup><em>\u00a0<\/em><em>du Pir\u00e9e<\/em><em>\u00a0<\/em><sup>(3)<\/sup><em>,19 d\u00e9cembre 1850. Jeudi<\/em><\/p>\n<p style=\"font-weight: 400; text-align: justify;\">(\u2026) Dans un autre lupanar\u00a0<sup>(4)<\/sup>\u00a0nous avons bais\u00e9 des Grecques et des Arm\u00e9niennes passables. \u2014La maison \u00e9tait tenue par une ancienne maitresse de notre drogman\u00a0<sup>(5)<\/sup>. On \u00e9tait l\u00e0 chez soi. Au mur, il y avait des gravures tendres, et les sc\u00e8nes de la vie d&rsquo;H\u00e9lo\u00efse et d&rsquo;Ab\u00e9lard\u00a0<sup>(6)<\/sup>\u00a0avec texte explicatif en fran\u00e7ais et en espagnol. \u2014\u00d4 Orient, o\u00f9 es-tu ? \u2014 Il ne sera bient\u00f4t plus que dans le soleil. A Constantinople\u00a0<sup>(7)<\/sup>, la plupart des hommes sont habill\u00e9s \u00e0 l&rsquo;europ\u00e9enne, on y joue l&rsquo;op\u00e9ra, il y a des cabinets de lecture, des modistes, etc. ! Dans cent ans d&rsquo;ici, le harem\u00a0<sup>(8)<\/sup>, envahi graduellement par la fr\u00e9quentation des dames franques, croulera de soi seul, sous le feuilleton et le vaudeville. Bient\u00f4t, le voile, de plus en plus mince, s&rsquo;en ira de la figure des femmes, et le musulmanisme avec lui s&rsquo;en ira tout \u00e0 fait. Le nombre de p\u00e8lerins de La Mecque\u00a0<sup>(9)<\/sup>\u00a0diminue de jour <!--more-->en jour. Les ul\u00e9mas se grisent comme des Suisses. \u00a0On parle de Voltaire<sup>\u00a0<\/sup><sup>(10)<\/sup>\u00a0! Tout craque ici, comme chez nous. Qui vivra s&rsquo;amusera !\u00a0<sup>(11)<\/sup>\u00a0(\u2026)<\/p>\n<p style=\"font-weight: 400; text-align: justify;\"><em><strong><u>Notes<\/u><\/strong><\/em><strong><em><u>\u00a0<\/u><\/em><\/strong><\/p>\n<p style=\"font-weight: 400; text-align: justify;\"><span style=\"color: #0000ff;\"><em>1\u2014 \u00c9crivain, 1822-1869, ami et \u00ab\u00a0conscience critique\u00a0\u00bb de Flaubert. Il est l&rsquo;inspirateur de \u00ab\u00a0Madame Bovary\u00a0\u00bb \u00e0 partir d&rsquo;un fait divers normand.<\/em><\/span><br \/>\n<span style=\"color: #0000ff;\"><em>2\u2014\u00c9tablissement d&rsquo;isolement, de quarantaine<\/em><\/span><br \/>\n<span style=\"color: #0000ff;\"><em>3\u2014Port d&rsquo;Ath\u00e8nes<\/em><\/span><br \/>\n<span style=\"color: #0000ff;\"><em>4\u2014Bordel<\/em><\/span><br \/>\n<span style=\"color: #0000ff;\"><em>5\u2014Interpr\u00e8te<\/em><\/span><br \/>\n<span style=\"color: #0000ff;\"><em>6\u2014Couple c\u00e9l\u00e8bre, passionn\u00e9 et dramatique<\/em><\/span><br \/>\n<span style=\"color: #0000ff;\"><em>7\u2014Istanbul<\/em><em>\u00a0<\/em><\/span><br \/>\n<span style=\"color: #0000ff;\"><em>8\u2014R\u00e9sidence des concubines d&rsquo;un personnage important<\/em><\/span><br \/>\n<span style=\"color: #0000ff;\"><em>9\u2014Ville sainte en Arabie saoudite<\/em><\/span><br \/>\n<span style=\"color: #0000ff;\"><em>10\u2014Ecrivain philosophe fran\u00e7ais<\/em><\/span><br \/>\n<span style=\"color: #0000ff;\"><em>11\u2014C&rsquo;est aga\u00e7ant, toutes ces notes, vous ne trouvez pas ?<\/em><\/span><\/p>\n<p style=\"font-weight: 400; text-align: justify;\"><span style=\"color: #0000ff;\"><strong>A l\u2019\u00e9poque de sa premi\u00e8re parution, cet article avait fait l\u2019objet d\u2019un commentaire de la part de Bruno\u00a0:<br \/>\n<\/strong><\/span>\u00ab\u00a0Oui, le myst\u00e8re des notes. Pourquoi n\u2019y en a-t-il pas pour \u00ab ul\u00e9ma \u00bb ? Quelle phrase tout de m\u00eame : \u00ab Les ul\u00e9mas se grisent comme des Suisses \u00bb ! Mais, d\u2019ailleurs, pourquoi les Suisses ? Cela aurait m\u00e9rit\u00e9 une autre note sur la relation qu\u2019entretenait Flaubert avec les Suisses, non ?\u00a0\u00bb<\/p>\n<p style=\"font-weight: 400; text-align: justify;\"><span style=\"color: #0000ff;\"><strong>Ce qui, aussit\u00f4t avait suscit\u00e9 la r\u00e9ponse suivante de la part de Philippe (moi)<br \/>\n<\/strong><\/span>\u00a0\u00ab\u00a0<em>Les ul\u00e9mas se grisent comme des Suisses<\/em>\u00a0\u00bb<br \/>\nEffectivement, Bruno, sans note explicative, cette phrase demeure bien myst\u00e9rieuse\u2026 non pas que quiconque ignore aujourd\u2019hui qu\u2019un ul\u00e9ma est une sorte d\u2019intellectuel de l\u2019islam, mais un Suisse ?<br \/>\nQu\u2019est-ce qu\u2019un Suisse, apr\u00e8s tout ?<br \/>\nLe Suisse, n\u2019est-il que la plus petite partie discernable d\u2019un peuple de conf\u00e9d\u00e9r\u00e9s helv\u00e9tiques ? N\u2019est-il que ce personnage historiquement neutre qui, s\u2019il n\u2019avait pas d\u2019accent, passerait sans d\u00e9ranger personne entre le mur et le papier peint ? N\u2019est-il que l\u2019inventeur du fromage \u00e0 trous et de cette stupide pendule murale qu\u2019on appelle Coucou ? N\u2019est-il que cet obs\u00e9d\u00e9 du scrutin qui vote pour d\u00e9cider si on doit ramasser les poubelles le mardi matin ou le jeudi soir ? \u00a0N\u2019est-il que ce banquier blanchisseur bien habill\u00e9 ? N\u2019est-il que ce type en culotte de peau soufflant et crachant dans une sorte de pipe g\u00e9ante sur un piton rocheux ? N\u2019est-il que ce soldat d\u2019\u00e9lite, grassement pay\u00e9 autrefois par les rois de France et aujourd\u2019hui par le Pape, ou bien, quand il est petit, n\u2019est-il que ce minuscule cylindre de fromage frais entour\u00e9 de papier humide ? N\u2019est-il que ce bouffeur de fondue et ce buveur de Fendant ou ce sportif qui, le dimanche et pour sauver sa patrie, tire sur sa prog\u00e9niture \u00e0 l\u2019arbal\u00e8te ?<br \/>\nEh bien, oui, le Suisse est tout cela \u00e0 la fois ! Il est tous ces clich\u00e9s en m\u00eame temps. Mais rien de tout cela n\u2019explique pourquoi il donne le mauvais exemple \u00e0 l\u2019ul\u00e9ma ordinaire en se grisant comme un Polonais. Et d\u2019abord, pourquoi le Polonais a-t-il cette tendance reconnue \u00e0 se saouler ? Mais parce qu\u2019il n\u2019est pas Suisse, bien entendu.<br \/>\nPlus s\u00e9rieusement, mais pour rire quand m\u00eame, si tu veux savoir vraiment ce qu\u2019est un Suisse, il faut voir le film (suisse) dont le titre est, \u00e9tonnamment, \u00ab <em>Bienvenue en Suisse !<\/em>\u00a0\u00bb<\/p>\n<h3 style=\"font-weight: 400; text-align: center;\"><span style=\"color: #0000ff;\">*<\/span><\/h3>\n<p style=\"font-weight: 400; text-align: justify;\">Aujourd\u2019hui, c\u2019est \u00e0 dire huit ans plus tard, je n\u2019ai rien \u00e0 ajouter si ce n&rsquo;est \u00a0la d\u00e9finition que la 9\u00e8me \u00e9dition du dictionnaire de l\u2019Acad\u00e9mie Fran\u00e7aise donne du mot <strong><em>ul\u00e9ma<\/em><\/strong> (s\u2019\u00e9crit aussi <strong><em>oul\u00e9ma<\/em><\/strong>) : <em>Titre donn\u00e9 par les musulmans aux docteurs de la loi coranique, garants du respect et de l\u2019application des principes de l\u2019islam.<\/em><\/p>\n<p style=\"font-weight: 400; text-align: justify;\"><strong>\u00a0<\/strong><\/p>\n<p style=\"font-weight: 400; text-align: justify;\">\n","protected":false},"excerpt":{"rendered":"<p>Premi\u00e8re parution\u00a0: 13\/11\/2017 Entre 1849 et 1852, Flaubert effectue un long p\u00e9riple en Orient. Pendant le voyage, il \u00e9crit \u00e9norm\u00e9ment de lettres, dans lesquelles il raconte tout, vraiment tout. Dans cette lettre dat\u00e9e d&rsquo;Ath\u00e8nes, il raconte Constantinople. Visionnaire, Gustave ? Pas tant que \u00e7a ! En tout cas, il n&rsquo;avait pas pr\u00e9vu Erdogan ! Ni &hellip; <a href=\"https:\/\/www.leblogdescoutheillas.com\/?p=55137\" class=\"more-link\">Continuer la lecture de <span class=\"screen-reader-text\">Qu&rsquo;est-ce qu&rsquo;un Suisse ?<\/span> <span class=\"meta-nav\">&rarr;<\/span><\/a><\/p>\n","protected":false},"author":1,"featured_media":0,"comment_status":"open","ping_status":"open","sticky":false,"template":"","format":"standard","meta":{"_mo_disable_npp":"","jetpack_post_was_ever_published":false,"_jetpack_newsletter_access":"","_jetpack_dont_email_post_to_subs":false,"_jetpack_newsletter_tier_id":0,"_jetpack_memberships_contains_paywalled_content":false,"_jetpack_memberships_contains_paid_content":false,"footnotes":"","jetpack_publicize_message":"","jetpack_publicize_feature_enabled":true,"jetpack_social_post_already_shared":true,"jetpack_social_options":{"image_generator_settings":{"template":"highway","default_image_id":0,"font":"","enabled":false},"version":2}},"categories":[4,94],"tags":[632,21,1309],"class_list":["post-55137","post","type-post","status-publish","format-standard","hentry","category-citations","category-critiques","tag-flaubert","tag-philippe","tag-suisse"],"jetpack_publicize_connections":[],"jetpack_featured_media_url":"","jetpack_sharing_enabled":true,"_links":{"self":[{"href":"https:\/\/www.leblogdescoutheillas.com\/index.php?rest_route=\/wp\/v2\/posts\/55137","targetHints":{"allow":["GET"]}}],"collection":[{"href":"https:\/\/www.leblogdescoutheillas.com\/index.php?rest_route=\/wp\/v2\/posts"}],"about":[{"href":"https:\/\/www.leblogdescoutheillas.com\/index.php?rest_route=\/wp\/v2\/types\/post"}],"author":[{"embeddable":true,"href":"https:\/\/www.leblogdescoutheillas.com\/index.php?rest_route=\/wp\/v2\/users\/1"}],"replies":[{"embeddable":true,"href":"https:\/\/www.leblogdescoutheillas.com\/index.php?rest_route=%2Fwp%2Fv2%2Fcomments&post=55137"}],"version-history":[{"count":0,"href":"https:\/\/www.leblogdescoutheillas.com\/index.php?rest_route=\/wp\/v2\/posts\/55137\/revisions"}],"wp:attachment":[{"href":"https:\/\/www.leblogdescoutheillas.com\/index.php?rest_route=%2Fwp%2Fv2%2Fmedia&parent=55137"}],"wp:term":[{"taxonomy":"category","embeddable":true,"href":"https:\/\/www.leblogdescoutheillas.com\/index.php?rest_route=%2Fwp%2Fv2%2Fcategories&post=55137"},{"taxonomy":"post_tag","embeddable":true,"href":"https:\/\/www.leblogdescoutheillas.com\/index.php?rest_route=%2Fwp%2Fv2%2Ftags&post=55137"}],"curies":[{"name":"wp","href":"https:\/\/api.w.org\/{rel}","templated":true}]}}