{"id":55132,"date":"2025-12-03T07:47:06","date_gmt":"2025-12-03T06:47:06","guid":{"rendered":"https:\/\/www.leblogdescoutheillas.com\/?p=55132"},"modified":"2025-12-03T15:19:04","modified_gmt":"2025-12-03T14:19:04","slug":"les-tribulations-dun-museomane-en-automne","status":"publish","type":"post","link":"https:\/\/www.leblogdescoutheillas.com\/?p=55132","title":{"rendered":"Les tribulations d&rsquo;un\u00a0mus\u00e9omane en automne"},"content":{"rendered":"<pre style=\"text-align: center;\">\r\n ou<\/pre>\n<h3 style=\"font-weight: 400; text-align: center;\"><strong>Ma th\u00e9orie du paratonnerre<\/strong><\/h3>\n<p style=\"text-align: center;\"><span style=\"color: #0000ff;\"><em>par Lorenzo dell&rsquo;Acqua<\/em><\/span><\/p>\n<p style=\"font-weight: 400; text-align: justify;\">Hier, ce fut une journ\u00e9e paratonnerre. Paratonnerre est une expression de Max pour qualifier l\u2019accumulation de p\u00e9pins de sant\u00e9 chez une m\u00eame victime qui \u00e9vite \u00e0 d\u2019autres d\u2019avoir ces m\u00eames p\u00e9pins selon la th\u00e9orie des vases communicants. Vous avez devin\u00e9 que mon ami Max est plut\u00f4t un litt\u00e9raire. La mienne, aussi discutable et farfelue que la sienne, concerne les emmerdements.<br \/>\nNous sommes donc partis ce samedi matin ma femme et moi avec pour objectif l\u2019exposition Condo au MAM. Ce peintre am\u00e9ricain contemporain dont j\u2019ignorais l\u2019existence avent ma premi\u00e8re visite est dans la mouvance Basquiat mais \u00e0 mon avis plus int\u00e9ressant car plus vari\u00e9. Cela dit, m\u00eame si j\u2019en avais les moyens, je n\u2019en mettrai pas dans mon salon\u2026 D\u2019abord, arriv\u00e9s dans la rue, il pleuvait et nous n\u2019avions pas pris de parapluie (1). Avec l\u2019\u00e2ge, je ne supporte plus d\u2019avoir la t\u00eate mouill\u00e9e et surtout mon abondante chevelure. Le m\u00e9tro ligne 6 n\u2019a pas pos\u00e9 de probl\u00e8mes : il n\u2019y avait pas grand monde et nous \u00e9tions assis. Un peu de marche ne nous effrayant pas (trop), nous anticipons et descendons \u00e0 Trocad\u00e9ro pour rejoindre ensuite le mus\u00e9e \u00e0 pied. La pluie a cess\u00e9. Passage obligatoire dans<!--more--> le sas de s\u00e9curit\u00e9 o\u00f9 il faut non pas se d\u00e9shabiller mais vider nos poches des cl\u00e9s, appareils photos, smart phones, etc. Quelques minutes dans un sens et puis dans l\u2019autre pour d\u00e9couvrir qu\u2019exceptionnellement aujourd\u2019hui, samedi 29 novembre, l\u2019exposition Condo est ferm\u00e9e sans la moindre explication (2). D\u00e9solant ! Bon, o\u00f9 aller ? Anne n\u2019ayant plus de th\u00e9 parfum\u00e9 \u00e0 je ne sais pas quoi, nous optons pour le mus\u00e9e Guimet qui propose une exposition de c\u00e9ramiques et Anne adore la c\u00e9ramique. Nous y voil\u00e0. Il n\u2019y a plus son th\u00e9 favori (3) et l\u2019exposition de c\u00e9ramiques est virtuelle (4) \u2026 On se balade un peu mais le peu de visiteurs s\u2019est concentr\u00e9 au troisi\u00e8me \u00e9tage \u00e0 l\u2019exposition sur les Manga. Je ne m\u2019en tire pas trop mal avec le peu de mat\u00e9riel \u00e0 ma disposition. D\u00e9part ensuite en bus ligne 63 pour rejoindre la station Buci sur le boulevard Saint Germain o\u00f9 nous avons r\u00e9serv\u00e9 dans au restaurant italien d\u00e9licieux, Il Vicino, rue Mazarine \u00e0 12h30. La porte avant du bus ne fonctionne pas malgr\u00e9 les efforts \u00e0 r\u00e9p\u00e9tition du conducteur que ce p\u00e9pin \u00e9nerve beaucoup vu le nombre de coups de pied assourdissants qu\u2019il ass\u00e8ne \u00e0 ladite porte (5). Le trajet prend donc deux fois plus de temps que pr\u00e9vu mais nous arriverons tout de m\u00eame juste \u00e0 l\u2019heure. La proposition du jour ne nous convenant pas, nous choisissons des plats \u00e0 la carte avec des cons\u00e9quences financi\u00e8res pr\u00e9visibles surtout pour les rougets. Le vrai probl\u00e8me qui nous arrive n\u2019a pas de rapport avec la nourriture toujours excellente mais avec le brouhaha aussi assourdissant que dans le bus mais permanent. On ne s\u2019entend plus Anne et moi (6) alors que nous avions le souvenir d\u2019une salle calme et silencieuse\u2026 Retour sans dessert ni caf\u00e9 par le m\u00e9tro ligne 6 avec les d\u00e9sagr\u00e9ments olfactifs habituels mais, quand on a \u00e9t\u00e9 proctologue par le pass\u00e9, on sature tr\u00e8s vite ses r\u00e9cepteurs et \u00e7a va \u00e0 peu pr\u00e8s pour moi, mais un peu moins pour Anne qui n\u2019\u00e9tait que gyn\u00e9cologue et donc moins expos\u00e9e \u00e0 ces nuisances<\/p>\n<p style=\"font-weight: 400; text-align: justify;\">Ma th\u00e9orie est que les emmerdements surviennent toujours le m\u00eame jour et toujours par trois ce qui me permet de rester tranquille le reste du mois avant qu\u2019une nouvelle journ\u00e9e paratonnerre ne survienne in\u00e9vitablement. N\u00e9anmoins, la journ\u00e9e du samedi 29 novembre a \u00e9t\u00e9 particuli\u00e8rement favorable car j\u2019ai connu non pas trois emmerdements mais six. J\u2019ose donc esp\u00e9rer que je vais rester sans le moindre emmerdement pendant deux fois plus de temps que d\u2019habitude.<\/p>\n<p style=\"font-weight: 400; text-align: justify;\">\n","protected":false},"excerpt":{"rendered":"<p>ou Ma th\u00e9orie du paratonnerre par Lorenzo dell&rsquo;Acqua Hier, ce fut une journ\u00e9e paratonnerre. Paratonnerre est une expression de Max pour qualifier l\u2019accumulation de p\u00e9pins de sant\u00e9 chez une m\u00eame victime qui \u00e9vite \u00e0 d\u2019autres d\u2019avoir ces m\u00eames p\u00e9pins selon la th\u00e9orie des vases communicants. Vous avez devin\u00e9 que mon ami Max est plut\u00f4t un &hellip; <a href=\"https:\/\/www.leblogdescoutheillas.com\/?p=55132\" class=\"more-link\">Continuer la lecture de <span class=\"screen-reader-text\">Les tribulations d&rsquo;un\u00a0mus\u00e9omane en automne<\/span> <span class=\"meta-nav\">&rarr;<\/span><\/a><\/p>\n","protected":false},"author":1,"featured_media":0,"comment_status":"open","ping_status":"open","sticky":false,"template":"","format":"standard","meta":{"_mo_disable_npp":"","jetpack_post_was_ever_published":false,"_jetpack_newsletter_access":"","_jetpack_dont_email_post_to_subs":false,"_jetpack_newsletter_tier_id":0,"_jetpack_memberships_contains_paywalled_content":false,"_jetpack_memberships_contains_paid_content":false,"footnotes":"","jetpack_publicize_message":"","jetpack_publicize_feature_enabled":true,"jetpack_social_post_already_shared":true,"jetpack_social_options":{"image_generator_settings":{"template":"highway","default_image_id":0,"font":"","enabled":false},"version":2}},"categories":[12],"tags":[1563],"class_list":["post-55132","post","type-post","status-publish","format-standard","hentry","category-recit","tag-lorenzo-dellacqua"],"jetpack_publicize_connections":[],"jetpack_featured_media_url":"","jetpack_sharing_enabled":true,"_links":{"self":[{"href":"https:\/\/www.leblogdescoutheillas.com\/index.php?rest_route=\/wp\/v2\/posts\/55132","targetHints":{"allow":["GET"]}}],"collection":[{"href":"https:\/\/www.leblogdescoutheillas.com\/index.php?rest_route=\/wp\/v2\/posts"}],"about":[{"href":"https:\/\/www.leblogdescoutheillas.com\/index.php?rest_route=\/wp\/v2\/types\/post"}],"author":[{"embeddable":true,"href":"https:\/\/www.leblogdescoutheillas.com\/index.php?rest_route=\/wp\/v2\/users\/1"}],"replies":[{"embeddable":true,"href":"https:\/\/www.leblogdescoutheillas.com\/index.php?rest_route=%2Fwp%2Fv2%2Fcomments&post=55132"}],"version-history":[{"count":0,"href":"https:\/\/www.leblogdescoutheillas.com\/index.php?rest_route=\/wp\/v2\/posts\/55132\/revisions"}],"wp:attachment":[{"href":"https:\/\/www.leblogdescoutheillas.com\/index.php?rest_route=%2Fwp%2Fv2%2Fmedia&parent=55132"}],"wp:term":[{"taxonomy":"category","embeddable":true,"href":"https:\/\/www.leblogdescoutheillas.com\/index.php?rest_route=%2Fwp%2Fv2%2Fcategories&post=55132"},{"taxonomy":"post_tag","embeddable":true,"href":"https:\/\/www.leblogdescoutheillas.com\/index.php?rest_route=%2Fwp%2Fv2%2Ftags&post=55132"}],"curies":[{"name":"wp","href":"https:\/\/api.w.org\/{rel}","templated":true}]}}