{"id":54998,"date":"2025-12-31T07:47:03","date_gmt":"2025-12-31T06:47:03","guid":{"rendered":"https:\/\/www.leblogdescoutheillas.com\/?p=54998"},"modified":"2025-12-31T19:06:18","modified_gmt":"2025-12-31T18:06:18","slug":"carnet-decriture-13-haro-sur-hidalgo","status":"publish","type":"post","link":"https:\/\/www.leblogdescoutheillas.com\/?p=54998","title":{"rendered":"Carnet d\u2019\u00c9criture (13) &#8211; Haro sur Hidalgo"},"content":{"rendered":"<p style=\"font-weight: 400; text-align: justify;\"><span style=\"color: #0000ff;\"><em>(&#8230;) <img loading=\"lazy\" decoding=\"async\" class=\"alignleft wp-image-34183\" src=\"https:\/\/www.leblogdescoutheillas.com\/wp-content\/uploads\/2021\/12\/images-1.jpeg\" alt=\"\" width=\"135\" height=\"135\" srcset=\"https:\/\/www.leblogdescoutheillas.com\/wp-content\/uploads\/2021\/12\/images-1.jpeg 225w, https:\/\/www.leblogdescoutheillas.com\/wp-content\/uploads\/2021\/12\/images-1-150x150.jpeg 150w\" sizes=\"auto, (max-width: 135px) 100vw, 135px\" \/>Voil\u00e0 donc ce que m\u2019avait dit mon p\u00e8re par cette belle matin\u00e9e de printemps alors que nous attendions la sortie des classes devant le Cour Desir.<\/em><\/span><br \/>\n<span style=\"color: #0000ff;\"><em>Bien que la connaissance de cette curiosit\u00e9 citadine ne m\u2019ait jamais servi \u00e0 rien, je l\u2019ai conserv\u00e9e pr\u00e9cieusement dans un coin de mon cerveau, comme on garde dans une vielle boite \u00e0 cigare la montre LIP irr\u00e9m\u00e9diablement fig\u00e9e \u00e0 9 heures 17 que vous a laiss\u00e9e votre oncle Archibald. Mais un jour&#8230;<\/em><\/span><\/p>\n<p style=\"font-weight: 400; text-align: justify;\">Mais un jour&#8230; Un jour qu&rsquo;\u00e9tait pas fait comme les autres, un jour que vous cherchez un sujet pour une belle histoire \u00e0 raconter qui puisse \u00e9tonner le lecteur blas\u00e9 de T\u00e9l\u00e9rama, instruire les enfants abandonn\u00e9s \u00e0 leur ignorance par l\u2019\u00c9ducation Nationale, et sortir de l\u2019embarras le chauffeur de taxi malgache, un jour donc, les bulles de souvenir de cette incongruit\u00e9 urbanistique remontent \u00e0 la surface de votre marais c\u00e9r\u00e9bral comme les feux follets dans un mar\u00e9cage poitevin , et vous vous dites in petto \u00ab Merci Papa \u00bb.<\/p>\n<p style=\"font-weight: 400; text-align: justify;\">Plus simplement, un jour vous vous dites \u00ab\u00a0Tiens, j\u2019avais oubli\u00e9\u00a0: les quarante premiers num\u00e9ros de la rue de Rennes n\u2019existent pas\u00a0! C\u2019est mon p\u00e8re qui m\u2019avait dit \u00e7a.\u00bb Pour peu que vous soyez un peu \u00e0 court de horions \u00e0 lancer sur Anne Hidalgo, vous sentez confus\u00e9ment qu\u2019il y a l\u00e0 une mine de possibilit\u00e9s pour la couvrir d\u2019opprobre et de ridicule. Alors, vous vous<!--more--> mettez \u00e0 creuser\u00a0:<\/p>\n<p style=\"font-weight: 400; text-align: justify;\">\u2014 40 num\u00e9ros de la rue de Rennes ont disparu\u00a0!<br \/>\n\u2014 Que fait la Police\u00a0?<br \/>\n\u2014 Non, pas la police, la Mairie\u00a0!<br \/>\n\u2014 Alors, que fait la Mairie\u00a0?<br \/>\n\u2014 Non, pas la Mairie, la Maire\u00a0!<br \/>\n\u2014 Alors, que fait Anne Hidalgo\u00a0?<\/p>\n<p style=\"font-weight: 400; text-align: justify;\">Et \u00e0 partir de l\u00e0, tout est possible. Avec le caract\u00e8re autoritaire et col\u00e9rique de Madame not\u2019Maire, son sectarisme hypocrite, son hypocrisie sectaire, son int\u00e9grisme \u00e0 front de taureau, le tout appuy\u00e9, il faut bien l&rsquo;admettre, par une inflexible volont\u00e9, tout devient possible. Et quand toutes ces qualit\u00e9s sont servies par une administration administrative pl\u00e9thorique, terrifi\u00e9e et, comme c\u2019est l\u2019usage, enti\u00e8rement occup\u00e9e \u00e0 s\u2019administrer elle-m\u00eame, alors l\u00e0, \u00e7a devient m\u00eame trop facile.<\/p>\n<p style=\"font-weight: 400; text-align: justify;\">Vous y ajoutez un zest de presse de gauche, un soup\u00e7on de chef de service frustr\u00e9, un chou\u00efa b\u00e9gayant de Dir Cab b, une tranche de femme d\u2019employ\u00e9 municipal arriviste et auvergnate, un peu d\u2019Empereur des Fran\u00e7ais, un \u00e9chantillon de stagiaire enthousiaste, une petite portion de maison de repos dans la Creuse.<\/p>\n<p style=\"font-weight: 400; text-align: justify;\">Agitez le tout, laissez reposer, saupoudrez de notes de bas de page, imprimez ad libitum et servez sur canap\u00e9 <em><strong>les disparus de la rue de Rennes !<\/strong><\/em><\/p>\n<h3 style=\"font-weight: 400; text-align: center;\"><a href=\"https:\/\/amzn.eu\/d\/ip7WY01\" target=\"_blank\" rel=\"noopener\"><strong>LES DISPARUS DE LA RUE DE RENNES\u00a0<\/strong><\/a><\/h3>\n<p style=\"text-align: center;\"><a href=\"https:\/\/amzn.eu\/d\/ip7WY01\" target=\"_blank\" rel=\"noopener\"><span style=\"color: #0000ff;\"><em>disponible sur Amazon (cliquez sur le titre ci-dessus)\u00a0<\/em><\/span><\/a><\/p>\n<p><img loading=\"lazy\" decoding=\"async\" class=\"aligncenter size-medium wp-image-48375\" src=\"https:\/\/www.leblogdescoutheillas.com\/wp-content\/uploads\/2023\/12\/Couverture-Rennes-18-MO-214x300.jpg\" alt=\"\" width=\"214\" height=\"300\" srcset=\"https:\/\/www.leblogdescoutheillas.com\/wp-content\/uploads\/2023\/12\/Couverture-Rennes-18-MO-214x300.jpg 214w, https:\/\/www.leblogdescoutheillas.com\/wp-content\/uploads\/2023\/12\/Couverture-Rennes-18-MO-686x960.jpg 686w, https:\/\/www.leblogdescoutheillas.com\/wp-content\/uploads\/2023\/12\/Couverture-Rennes-18-MO-768x1075.jpg 768w, https:\/\/www.leblogdescoutheillas.com\/wp-content\/uploads\/2023\/12\/Couverture-Rennes-18-MO-1097x1536.jpg 1097w, https:\/\/www.leblogdescoutheillas.com\/wp-content\/uploads\/2023\/12\/Couverture-Rennes-18-MO-1463x2048.jpg 1463w, https:\/\/www.leblogdescoutheillas.com\/wp-content\/uploads\/2023\/12\/Couverture-Rennes-18-MO-scaled.jpg 1828w\" sizes=\"auto, (max-width: 214px) 100vw, 214px\" \/><\/p>\n","protected":false},"excerpt":{"rendered":"<p>(&#8230;) Voil\u00e0 donc ce que m\u2019avait dit mon p\u00e8re par cette belle matin\u00e9e de printemps alors que nous attendions la sortie des classes devant le Cour Desir. Bien que la connaissance de cette curiosit\u00e9 citadine ne m\u2019ait jamais servi \u00e0 rien, je l\u2019ai conserv\u00e9e pr\u00e9cieusement dans un coin de mon cerveau, comme on garde dans &hellip; <a href=\"https:\/\/www.leblogdescoutheillas.com\/?p=54998\" class=\"more-link\">Continuer la lecture de <span class=\"screen-reader-text\">Carnet d\u2019\u00c9criture (13) &#8211; Haro sur Hidalgo<\/span> <span class=\"meta-nav\">&rarr;<\/span><\/a><\/p>\n","protected":false},"author":1,"featured_media":0,"comment_status":"open","ping_status":"open","sticky":false,"template":"","format":"standard","meta":{"_mo_disable_npp":"","jetpack_post_was_ever_published":false,"_jetpack_newsletter_access":"","_jetpack_dont_email_post_to_subs":false,"_jetpack_newsletter_tier_id":0,"_jetpack_memberships_contains_paywalled_content":false,"_jetpack_memberships_contains_paid_content":false,"footnotes":"","jetpack_publicize_message":"","jetpack_publicize_feature_enabled":true,"jetpack_social_post_already_shared":true,"jetpack_social_options":{"image_generator_settings":{"template":"highway","default_image_id":0,"font":"","enabled":false},"version":2}},"categories":[94],"tags":[2048,21],"class_list":["post-54998","post","type-post","status-publish","format-standard","hentry","category-critiques","tag-les-disparus-de-la-rue-de-rennes","tag-philippe"],"jetpack_publicize_connections":[],"jetpack_featured_media_url":"","jetpack_sharing_enabled":true,"_links":{"self":[{"href":"https:\/\/www.leblogdescoutheillas.com\/index.php?rest_route=\/wp\/v2\/posts\/54998","targetHints":{"allow":["GET"]}}],"collection":[{"href":"https:\/\/www.leblogdescoutheillas.com\/index.php?rest_route=\/wp\/v2\/posts"}],"about":[{"href":"https:\/\/www.leblogdescoutheillas.com\/index.php?rest_route=\/wp\/v2\/types\/post"}],"author":[{"embeddable":true,"href":"https:\/\/www.leblogdescoutheillas.com\/index.php?rest_route=\/wp\/v2\/users\/1"}],"replies":[{"embeddable":true,"href":"https:\/\/www.leblogdescoutheillas.com\/index.php?rest_route=%2Fwp%2Fv2%2Fcomments&post=54998"}],"version-history":[{"count":0,"href":"https:\/\/www.leblogdescoutheillas.com\/index.php?rest_route=\/wp\/v2\/posts\/54998\/revisions"}],"wp:attachment":[{"href":"https:\/\/www.leblogdescoutheillas.com\/index.php?rest_route=%2Fwp%2Fv2%2Fmedia&parent=54998"}],"wp:term":[{"taxonomy":"category","embeddable":true,"href":"https:\/\/www.leblogdescoutheillas.com\/index.php?rest_route=%2Fwp%2Fv2%2Fcategories&post=54998"},{"taxonomy":"post_tag","embeddable":true,"href":"https:\/\/www.leblogdescoutheillas.com\/index.php?rest_route=%2Fwp%2Fv2%2Ftags&post=54998"}],"curies":[{"name":"wp","href":"https:\/\/api.w.org\/{rel}","templated":true}]}}