{"id":54759,"date":"2025-11-27T07:47:09","date_gmt":"2025-11-27T06:47:09","guid":{"rendered":"https:\/\/www.leblogdescoutheillas.com\/?p=54759"},"modified":"2025-12-27T16:56:36","modified_gmt":"2025-12-27T15:56:36","slug":"carnet-decriture-8-ecrire-daccord-mais-avec-ou-sans-accent","status":"publish","type":"post","link":"https:\/\/www.leblogdescoutheillas.com\/?p=54759","title":{"rendered":"Carnet d&rsquo;\u00c9criture (8) &#8211; \u00c9crire, avec ou sans accent ?"},"content":{"rendered":"<p style=\"font-weight: 400; text-align: justify;\"><img loading=\"lazy\" decoding=\"async\" class=\"alignleft wp-image-34183\" src=\"https:\/\/www.leblogdescoutheillas.com\/wp-content\/uploads\/2021\/12\/images-1.jpeg\" alt=\"\" width=\"113\" height=\"113\" srcset=\"https:\/\/www.leblogdescoutheillas.com\/wp-content\/uploads\/2021\/12\/images-1.jpeg 225w, https:\/\/www.leblogdescoutheillas.com\/wp-content\/uploads\/2021\/12\/images-1-150x150.jpeg 150w\" sizes=\"auto, (max-width: 113px) 100vw, 113px\" \/>Autrefois, nous allions souvent \u00e0 Aix en Provence et, de l\u00e0, nous allions parfois \u00e0 Peynier. M\u00eame, une ann\u00e9e, nous y avions lou\u00e9 une maison pour le mois d\u2019Aout.\u00a0 Peynier, c\u2019est un village situ\u00e9 \u00e0 une vingtaine de kilom\u00e8tres d\u2019Aix, sur la route de Saint-Maximin-la-Sainte-Baume. Quand vous habitez l\u00e0, pour faire vos courses, vous roulez quatre kilom\u00e8tres vers l\u2019est et vous arrivez \u00e0 Trets (prononcez Tretse).<\/p>\n<p style=\"font-weight: 400; text-align: justify;\">Trets, dix mille habitants, sa Basilique Saint Maximin, son Ch\u00e2teau des Remparts, son Avenue Mirabeau et ses platanes, sa Place de la Mairie et ses platanes, son Cours Esquiros et ses platanes, ses platanes&#8230;<\/p>\n<p style=\"font-weight: 400; text-align: justify;\">Si vous avez pass\u00e9 un tant soit peu de temps dans le Midi et si en cet instant vous \u00eates de bonne humeur, je vous d\u00e9fie de prononcer cette suite de mots sans finir, au bout du troisi\u00e8me, par prendre l\u2019accent : Aix en Provence, Peynier, Saint Maximin, Sainte Baume, Esquiros, Platanes. Allez-y ! Essayez ! Moi, je n\u2019y arrive pas.<\/p>\n<p style=\"font-weight: 400; text-align: justify;\">Ah\u00a0! l\u2019Accent\u00a0! L\u2019<em>Assan<\/em>\u00a0! Longtemps, j\u2019ai cru que l\u2019<em>assan<\/em> \u00e9tait une invention de Marcel Pagnol destin\u00e9e \u00e0 donner <!--more-->un aspect plus folklorique \u00e0 ses films. Allons donc, me disais-je, personne ne peut parler comme \u00e7a, c\u2019est tr\u00e8s <em>ezzag\u00e9r\u00e9<\/em>\u00a0! Eh bien non, ce n\u2019est pas exag\u00e9r\u00e9 et, pour avoir int\u00e9gr\u00e9 une famille de la r\u00e9gion, je peux vous confirmer que les gens, pas tous, mais quand m\u00eame pas mal, parlent vraiment comme \u00e7a. \u00c7a ne facilite pas toujours la compr\u00e9hension, mais \u00e7a met du soleil et de l\u2019huile d\u2019olive dans les conversations.<\/p>\n<p style=\"font-weight: 400; text-align: justify;\">Alors, un jour, je me suis souvenu de Trets et j\u2019ai eu envie d\u2019\u00e9crire une histoire <em>av\u00e9 l\u2019assan<\/em>. Mais, probl\u00e8me : l\u2019accent du midi, le vrai, le naturel, ne peut \u00eatre que tr\u00e8s imparfaitement rendu avec notre alphabet. Voici par exemple ce qu\u2019un nordiste devra \u00e9crire pour figurer un dialogue entre Marseillais\u00a0:<br \/>\n<em>\u2014 Aloreu\u00a0! Tu la mengeu ton orengeu\u00a0?<br \/>\n<\/em><em>\u2014 \u00c9 non, peuch\u00e9reu\u00a0! Je la gardeu pour deming\u00a0!<br \/>\n<\/em>D\u00e9testable, non\u00a0? Et totalement ridicule aussi.<\/p>\n<p style=\"font-weight: 400; text-align: justify;\">Sans doute l\u2019alphabet phon\u00e9tique permettrait-il de mieux rendre la vraie sonorit\u00e9 de ce dialogue, par ailleurs absurde, mais je n\u2019en connais pas l\u2019usage, et quand bien m\u00eame je connaitrais cette \u00e9trange \u00e9criture, vous, vous ne sauriez pas la lire et nous ne serions pas plus avanc\u00e9s.<\/p>\n<p style=\"font-weight: 400; text-align: justify;\">Ayant pris conscience de cette difficult\u00e9 mais tenant toujours \u00e0 mon projet, j\u2019ai pens\u00e9 que le meilleur moyen de faire entendre l\u2019accent dans des phrases \u00e9crites, c\u2019\u00e9tait tout d\u2019abord de planter soigneusement le d\u00e9cor, un d\u00e9cor fait de tuiles romaines, de rues \u00e9troites, de places ombrag\u00e9es et de terrasses de caf\u00e9s sous les platanes. Pour cela j\u2019ai pris pour mod\u00e8le la petite ville de Trets. Ensuite, je me suis dit qu\u2019il faudrait adopter certaines formes de phrases et utiliser certains mots particuliers, mais sans exag\u00e9ration. En dernier lieu, il devrait suffire de broder \u00e0 partir d\u2019un arch\u00e9type m\u00e9ridional, c\u2019est \u00e0 dire une intrigue pagnolesque, un clich\u00e9 reconnu et assum\u00e9.<\/p>\n<p style=\"text-align: justify;\"><span style=\"color: #0000ff;\"><em>A SUIVRE\u00a0<\/em><\/span><\/p>\n<p style=\"text-align: justify;\"><span style=\"color: #0000ff;\"><em>Avant la parution de l&rsquo;\u00e9pisode suivant, pour \u00eatre en avance sur les autres lecteurs, vous devriez aller sur Amazon pour acheter LA MITRO, c&rsquo;est un conseil que je vous donne. Cliquez donc sur le titre l\u00e0-dessous :\u00a0<\/em><\/span><\/p>\n<h5 style=\"font-weight: 400; text-align: center;\"><a href=\"https:\/\/amzn.eu\/d\/bufzsz6\" target=\"_blank\" rel=\"noopener\"><strong>LA MITRO<br \/>\n<\/strong>et autres dr\u00f4les d\u2019histoires<\/a><\/h5>\n<p style=\"font-weight: 400; text-align: justify;\">C\u2019est un recueil de nouvelles qui porte le titre de la premi\u00e8re d\u2019entre elles. Assez inspir\u00e9e par Marcel Pagnol, il faut la lire avec l\u2019accent. Les autres nouvelles revisitent aussi bien l\u2019assassinat de Jules C\u00e9sar que les jeux t\u00e9l\u00e9vis\u00e9s, les petits meurtres sans importance, l\u2019effet papillon ou la mani\u00e8re d\u2019acc\u00e9der au Paradis.<img loading=\"lazy\" decoding=\"async\" class=\"aligncenter wp-image-44568\" src=\"https:\/\/www.leblogdescoutheillas.com\/wp-content\/uploads\/2023\/04\/La-mitro-188x300.png\" alt=\"\" width=\"278\" height=\"444\" srcset=\"https:\/\/www.leblogdescoutheillas.com\/wp-content\/uploads\/2023\/04\/La-mitro-188x300.png 188w, https:\/\/www.leblogdescoutheillas.com\/wp-content\/uploads\/2023\/04\/La-mitro.png 288w\" sizes=\"auto, (max-width: 278px) 100vw, 278px\" \/><\/p>\n","protected":false},"excerpt":{"rendered":"<p>Autrefois, nous allions souvent \u00e0 Aix en Provence et, de l\u00e0, nous allions parfois \u00e0 Peynier. M\u00eame, une ann\u00e9e, nous y avions lou\u00e9 une maison pour le mois d\u2019Aout.\u00a0 Peynier, c\u2019est un village situ\u00e9 \u00e0 une vingtaine de kilom\u00e8tres d\u2019Aix, sur la route de Saint-Maximin-la-Sainte-Baume. Quand vous habitez l\u00e0, pour faire vos courses, vous roulez &hellip; <a href=\"https:\/\/www.leblogdescoutheillas.com\/?p=54759\" class=\"more-link\">Continuer la lecture de <span class=\"screen-reader-text\">Carnet d&rsquo;\u00c9criture (8) &#8211; \u00c9crire, avec ou sans accent ?<\/span> <span class=\"meta-nav\">&rarr;<\/span><\/a><\/p>\n","protected":false},"author":1,"featured_media":0,"comment_status":"open","ping_status":"open","sticky":false,"template":"","format":"standard","meta":{"_mo_disable_npp":"","jetpack_post_was_ever_published":false,"_jetpack_newsletter_access":"","_jetpack_dont_email_post_to_subs":false,"_jetpack_newsletter_tier_id":0,"_jetpack_memberships_contains_paywalled_content":false,"_jetpack_memberships_contains_paid_content":false,"footnotes":"","jetpack_publicize_message":"","jetpack_publicize_feature_enabled":true,"jetpack_social_post_already_shared":true,"jetpack_social_options":{"image_generator_settings":{"template":"highway","default_image_id":0,"font":"","enabled":false},"version":2}},"categories":[94],"tags":[2007,21],"class_list":["post-54759","post","type-post","status-publish","format-standard","hentry","category-critiques","tag-la-mitro","tag-philippe"],"jetpack_publicize_connections":[],"jetpack_featured_media_url":"","jetpack_sharing_enabled":true,"_links":{"self":[{"href":"https:\/\/www.leblogdescoutheillas.com\/index.php?rest_route=\/wp\/v2\/posts\/54759","targetHints":{"allow":["GET"]}}],"collection":[{"href":"https:\/\/www.leblogdescoutheillas.com\/index.php?rest_route=\/wp\/v2\/posts"}],"about":[{"href":"https:\/\/www.leblogdescoutheillas.com\/index.php?rest_route=\/wp\/v2\/types\/post"}],"author":[{"embeddable":true,"href":"https:\/\/www.leblogdescoutheillas.com\/index.php?rest_route=\/wp\/v2\/users\/1"}],"replies":[{"embeddable":true,"href":"https:\/\/www.leblogdescoutheillas.com\/index.php?rest_route=%2Fwp%2Fv2%2Fcomments&post=54759"}],"version-history":[{"count":0,"href":"https:\/\/www.leblogdescoutheillas.com\/index.php?rest_route=\/wp\/v2\/posts\/54759\/revisions"}],"wp:attachment":[{"href":"https:\/\/www.leblogdescoutheillas.com\/index.php?rest_route=%2Fwp%2Fv2%2Fmedia&parent=54759"}],"wp:term":[{"taxonomy":"category","embeddable":true,"href":"https:\/\/www.leblogdescoutheillas.com\/index.php?rest_route=%2Fwp%2Fv2%2Fcategories&post=54759"},{"taxonomy":"post_tag","embeddable":true,"href":"https:\/\/www.leblogdescoutheillas.com\/index.php?rest_route=%2Fwp%2Fv2%2Ftags&post=54759"}],"curies":[{"name":"wp","href":"https:\/\/api.w.org\/{rel}","templated":true}]}}