{"id":54659,"date":"2025-11-30T07:47:10","date_gmt":"2025-11-30T06:47:10","guid":{"rendered":"https:\/\/www.leblogdescoutheillas.com\/?p=54659"},"modified":"2025-12-01T07:56:06","modified_gmt":"2025-12-01T06:56:06","slug":"le-livre-de-lethiopien-2-5","status":"publish","type":"post","link":"https:\/\/www.leblogdescoutheillas.com\/?p=54659","title":{"rendered":"Le livre de l&rsquo;\u00c9thiopien (2\/5)"},"content":{"rendered":"<p><span style=\"color: #0000ff;\"><strong><em>Premi\u00e8re diffusion le 8\/12\/2018<\/em><\/strong><\/span><\/p>\n<p style=\"text-align: justify;\">Il n&rsquo;y a pas si longtemps, je vous ai racont\u00e9 comment le <strong>Livre de l&rsquo;\u00c9thiopien<\/strong> m&rsquo;\u00e9tait tomb\u00e9 entre les mains. Si vous avez rat\u00e9 cet \u00e9pisode essentiel de ma vie intellectuelle, vous pouvez toujours <a href=\"http:\/\/www.leblogdescoutheillas.com\/?p=14644\" target=\"_blank\" rel=\"noopener\"><span style=\"color: #ff0000;\"><strong>CLIQUER ICI<\/strong><\/span> <\/a>pour le retrouver. A cette occasion je vous avais parl\u00e9 de Rutebeuf, ce po\u00e8te oubli\u00e9 de tous sauf de L\u00e9o Ferr\u00e9. Aujourd&rsquo;hui, j&rsquo;aimerais vous parler de du Bellay.<\/p>\n<p style=\"text-align: justify;\">A l&rsquo;\u00e9cole, je n&rsquo;aimais pas du Bellay. Je l&rsquo;avais toujours consid\u00e9r\u00e9 comme un raseur de premi\u00e8re, alors que Ronsard, non. Pourtant, chez les c\u00e9l\u00e8bres duettistes Lagarde et Michard, Ronsard et du Bellay \u00e9taient toujours associ\u00e9s, comme Bouvard \u00e0 P\u00e9cuchet et Roux \u00e0 Combaluzier. Mais le<a href=\"https:\/\/poesie.webnet.fr\/lesgrandsclassiques\/poemes\/pierre_de_ronsard\/mignonne_allons_voir_si_la_rose\" target=\"_blank\" rel=\"noopener\"> \u00ab\u00a0<em>Mignonne, allons voir si la rose..;<\/em>\u00a0\u00bb <\/a>de Ronsard avait, par son c\u00f4t\u00e9 dragueur coquin, quelque chose de plaisant pour les adolescents rigolards et frustr\u00e9s que nous \u00e9tions, alors que le <a href=\"https:\/\/poesie.webnet.fr\/lesgrandsclassiques\/poemes\/joachim_du_bellay\/heureux_qui_comme_ulysse_a_fait_un_beau_voyage\" target=\"_blank\" rel=\"noopener\">\u00ab\u00a0<em>Heureux qui comme Ulysse&#8230;<\/em> \u00ab\u00a0<\/a> qui commen\u00e7ait par deux r\u00e9f\u00e9rences mythologiques brumeuses ne faisait rien pour m&rsquo;attirer&#8230; <img loading=\"lazy\" decoding=\"async\" class=\"alignleft size-full wp-image-14655\" src=\"http:\/\/www.leblogdescoutheillas.com\/wp-content\/uploads\/2018\/09\/du-Bellay.jpeg\" alt=\"\" width=\"201\" height=\"251\" \/>Et puis, on n&rsquo;avait pas id\u00e9e de tirer une pareille t\u00eate d&rsquo;enterrement en plus de s&rsquo;appeler Joachim !<\/p>\n<p style=\"text-align: justify;\">Un jour, en feuilletant le\u00a0<strong>Livre de l&rsquo;\u00c9thiopien<\/strong>, <!--more-->je tombai in\u00e9vitablement sur le tr\u00e8s fameux sonnet \u00ab\u00a0<em>Heureux qui&#8230;<\/em>\u00a0\u00bb que je sautai aussit\u00f4t pour retomber sur un autre, \u00ab\u00a0<em>Au retour d&rsquo;Italie\u00a0\u00bb<\/em>. Ecrit \u00e0 son retour de Rome o\u00f9 du Bellay \u00e9tait parti en poste \u00e0 la cour pontificale, po\u00e8me inconnu, de moi tout au moins, je le trouvai bien plus beau que l&rsquo;<em>Ulysse<\/em>.<\/p>\n<p style=\"text-align: justify;\">Dans la succession des infinitifs \u2014 <em>Marcher&#8230;, balancer&#8230;, entremesler&#8230;, discourir&#8230;, etc..<\/em> \u2014, j&rsquo;ai vu une tr\u00e8s belle fa\u00e7on, que je croyais moderne uniquement, d&rsquo;exprimer l&rsquo;affectation d&rsquo;une attitude pour cacher le v\u00e9ritable \u00e9tat d&rsquo;esprit de l&rsquo;auteur, ici, la d\u00e9ception. D\u00e9\u00e7u par Rome, par les Romains, par les diplomates et par la cour aupr\u00e8s du Pape, du Bellay \u00e9tait rentr\u00e9 en France <em>mal mont\u00e9, mal sain, mal vestu<\/em>, ruin\u00e9. D&rsquo;o\u00f9 ce triste et beau sonnet d\u00e9sabus\u00e9.<\/p>\n<p><span style=\"color: #0000ff;\"><em>Joachim du Bellay (1522-1560)<\/em><\/span><\/p>\n<p style=\"text-align: left;\"><span style=\"color: #0000ff;\"><strong>AU RETOUR D&rsquo;ITALIE<\/strong><\/span><br \/>\n<span style=\"color: #0000ff;\">Sonnet<\/span><\/p>\n<p style=\"text-align: left;\"><span style=\"color: #0000ff;\"><strong>Marcher d&rsquo;un grave pas et d&rsquo;un grave sourci,<\/strong><\/span><br \/>\n<span style=\"color: #0000ff;\"><strong>Et d&rsquo;un grave souris \u00e0 chacun faire feste,<\/strong><\/span><br \/>\n<span style=\"color: #0000ff;\"><strong>Balancer tous ses mots, r\u00e9pondre de la teste,<\/strong><\/span><br \/>\n<span style=\"color: #0000ff;\"><strong>Avec un <em>messer no<\/em>, ou bien un <em>messer si<\/em> ;<\/strong><\/span><br \/>\n<span style=\"color: #0000ff;\"><strong>\u00a0<\/strong><\/span><br \/>\n<span style=\"color: #0000ff;\"><strong>Entremesler souvent un petit <em>va cosi<\/em>,<\/strong><\/span><br \/>\n<span style=\"color: #0000ff;\"><strong>Et d&rsquo;un, <em>son serviteur<\/em>, contrefaire l&rsquo;honneste ;<\/strong><\/span><br \/>\n<span style=\"color: #0000ff;\"><strong>Et, comme si l&rsquo;on eust part \u00e0 la conqueste,<\/strong><\/span><br \/>\n<span style=\"color: #0000ff;\"><strong>Discourir sur Florence et sur Naples aussi ;<\/strong><\/span><br \/>\n<span style=\"color: #0000ff;\"><strong>\u00a0<\/strong><\/span><br \/>\n<span style=\"color: #0000ff;\"><strong>Seigneuriser chacun d&rsquo;un baisement de main,<\/strong><\/span><br \/>\n<span style=\"color: #0000ff;\"><strong>Et, suivant la fa\u00e7on du courtisan romain,<\/strong><\/span><br \/>\n<span style=\"color: #0000ff;\"><strong>Cacher sa pauvret\u00e9 d&rsquo;une brave apparence ;<\/strong><\/span><br \/>\n<span style=\"color: #0000ff;\"><strong>\u00a0<\/strong><\/span><br \/>\n<span style=\"color: #0000ff;\"><strong>Voil\u00e0 de cette cour la plus grande vertu,<\/strong><\/span><br \/>\n<span style=\"color: #0000ff;\"><strong>Dont souvent, mal mont\u00e9, mal sain et mal vestu,<\/strong><\/span><br \/>\n<span style=\"color: #0000ff;\"><strong>Sans barbe et sans argent on s&rsquo;en retourne en France.<\/strong><\/span><\/p>\n<p><span style=\"color: #993300;\"><em>N.B. : si par hasard vous vouiez relire le \u00ab\u00a0Mignonne allons voir\u00a0\u00bb et le \u00ab\u00a0Heureux qui comme\u00a0\u00bb, remontez dans le texte et cliquez sur les titres en rouge.<\/em><\/span><\/p>\n<p>&nbsp;<\/p>\n","protected":false},"excerpt":{"rendered":"<p>Premi\u00e8re diffusion le 8\/12\/2018 Il n&rsquo;y a pas si longtemps, je vous ai racont\u00e9 comment le Livre de l&rsquo;\u00c9thiopien m&rsquo;\u00e9tait tomb\u00e9 entre les mains. Si vous avez rat\u00e9 cet \u00e9pisode essentiel de ma vie intellectuelle, vous pouvez toujours CLIQUER ICI pour le retrouver. A cette occasion je vous avais parl\u00e9 de Rutebeuf, ce po\u00e8te oubli\u00e9 &hellip; <a href=\"https:\/\/www.leblogdescoutheillas.com\/?p=54659\" class=\"more-link\">Continuer la lecture de <span class=\"screen-reader-text\">Le livre de l&rsquo;\u00c9thiopien (2\/5)<\/span> <span class=\"meta-nav\">&rarr;<\/span><\/a><\/p>\n","protected":false},"author":1,"featured_media":0,"comment_status":"open","ping_status":"open","sticky":false,"template":"","format":"standard","meta":{"_mo_disable_npp":"","jetpack_post_was_ever_published":false,"_jetpack_newsletter_access":"","_jetpack_dont_email_post_to_subs":false,"_jetpack_newsletter_tier_id":0,"_jetpack_memberships_contains_paywalled_content":false,"_jetpack_memberships_contains_paid_content":false,"footnotes":"","jetpack_publicize_message":"","jetpack_publicize_feature_enabled":true,"jetpack_social_post_already_shared":true,"jetpack_social_options":{"image_generator_settings":{"template":"highway","default_image_id":0,"font":"","enabled":false},"version":2}},"categories":[4,12],"tags":[1438,21,1863],"class_list":["post-54659","post","type-post","status-publish","format-standard","hentry","category-citations","category-recit","tag-du-bellay","tag-philippe","tag-rediffusion"],"jetpack_publicize_connections":[],"jetpack_featured_media_url":"","jetpack_sharing_enabled":true,"_links":{"self":[{"href":"https:\/\/www.leblogdescoutheillas.com\/index.php?rest_route=\/wp\/v2\/posts\/54659","targetHints":{"allow":["GET"]}}],"collection":[{"href":"https:\/\/www.leblogdescoutheillas.com\/index.php?rest_route=\/wp\/v2\/posts"}],"about":[{"href":"https:\/\/www.leblogdescoutheillas.com\/index.php?rest_route=\/wp\/v2\/types\/post"}],"author":[{"embeddable":true,"href":"https:\/\/www.leblogdescoutheillas.com\/index.php?rest_route=\/wp\/v2\/users\/1"}],"replies":[{"embeddable":true,"href":"https:\/\/www.leblogdescoutheillas.com\/index.php?rest_route=%2Fwp%2Fv2%2Fcomments&post=54659"}],"version-history":[{"count":0,"href":"https:\/\/www.leblogdescoutheillas.com\/index.php?rest_route=\/wp\/v2\/posts\/54659\/revisions"}],"wp:attachment":[{"href":"https:\/\/www.leblogdescoutheillas.com\/index.php?rest_route=%2Fwp%2Fv2%2Fmedia&parent=54659"}],"wp:term":[{"taxonomy":"category","embeddable":true,"href":"https:\/\/www.leblogdescoutheillas.com\/index.php?rest_route=%2Fwp%2Fv2%2Fcategories&post=54659"},{"taxonomy":"post_tag","embeddable":true,"href":"https:\/\/www.leblogdescoutheillas.com\/index.php?rest_route=%2Fwp%2Fv2%2Ftags&post=54659"}],"curies":[{"name":"wp","href":"https:\/\/api.w.org\/{rel}","templated":true}]}}