{"id":54581,"date":"2025-10-23T07:47:55","date_gmt":"2025-10-23T05:47:55","guid":{"rendered":"https:\/\/www.leblogdescoutheillas.com\/?p=54581"},"modified":"2025-10-23T10:43:27","modified_gmt":"2025-10-23T08:43:27","slug":"et-a-part-ca-madame-la-marquise","status":"publish","type":"post","link":"https:\/\/www.leblogdescoutheillas.com\/?p=54581","title":{"rendered":"Et \u00e0 part \u00e7a, Madame la Marquise ?\u00a0"},"content":{"rendered":"<p style=\"text-align: justify;\">Vous vous \u00eates sans doute \u00e9tonn\u00e9 de ce que, depuis plusieurs semaines, je me suis appliqu\u00e9, non sans quelque regret, une s\u00e9v\u00e8re autocensure sur tout ce qui concerne la Nouvelle Am\u00e9rique.<span class=\"Apple-converted-space\"><br \/>\n<\/span>Vous aurez peut-\u00eatre not\u00e9 \u00e9galement que la personne de la Maire de Paris ne remplit plus mes colonnes d\u2019amertume et d\u2019ironie. En tout cas, beaucoup moins, car \u00e0 quoi bon continuer \u00e0 tirer sur une ambulance municipale ?<span class=\"Apple-converted-space\">\u00a0<\/span><\/p>\n<p style=\"text-align: justify;\">Par contre, vous n\u2019aurez pas \u00e9t\u00e9 sans remarquer une certaine agitation dans le JdC, articles et commentaires, d\u00e8s qu\u2019il s\u2019agit de la politique nationale, et plus particuli\u00e8rement quand c\u2019est le Parti Socialiste qui fait l\u2019actualit\u00e9.<span class=\"Apple-converted-space\"><br \/>\n<\/span>Par exemple tenez, encore aujourd\u2019hui, (ou hier ou demain, c\u2019est pareil) : le PS, devenu<!--more--> parti charni\u00e8re (charni\u00e8re : sorte de petits gond) a obtenu \u00e0 peu pr\u00e8s tout ce qu\u2019il voulait du gouvernement alors qu\u2019il n\u2019a repr\u00e9sent\u00e9 aux derni\u00e8res \u00e9lections que quelques ridicules points de pourcentage, et qu\u2019il promet d\u2019obtenir encore plus de d\u00e9penses dans le proche avenir, sinon\u2026<br \/>\nLe RN, qui se fait tellement silencieux de peur d\u2019effaroucher les LR qui pensent d\u00e9j\u00e0 \u00e0 le rejoindre un jour, ne r\u00e9clame pas \u00e0 tout bout de champ ni \u00e0 grand bruit la suspension de la r\u00e9forme des retraites, mais l\u2019a bel et bien dans son programme.<span class=\"Apple-converted-space\"><br \/>\n<\/span>De l\u2019autre c\u00f4t\u00e9, le gouvernement et son socle commun ne sait qu\u2019inventer de nouveaux imp\u00f4ts et taxes suppl\u00e9mentaires, sur les \u00ab\u00a0riches\u00a0\u00bb, les successions, les plus-values immobili\u00e8res des r\u00e9sidences principales.<span class=\"Apple-converted-space\"><br \/>\n<\/span>Et voil\u00e0 m\u00eame le \u00a0Pr\u00e9sident qui propose un referendum sur le r\u00e9gime des retraites ! Un r\u00e9f\u00e9rendum sur cette question ? Mais la r\u00e9ponse \u00e0 venir est \u00e9vidente : retour \u00e0 l\u2019\u00e2ge de d\u00e9part \u00e0 60 ans comme l\u2019avait d\u00e9cid\u00e9 Pierre Mauroy en 1981 sous l\u2019\u00e9gide de Fran\u00e7ois Mitterrand (autrement dit le commencement de la fin)<\/p>\n<p style=\"text-align: justify;\">Mais pourquoi les gouvernants sont-il dans l\u2019incapacit\u00e9 de mettre en oeuvre ou m\u00eame seulement d&rsquo;imaginer des mesures d\u2019\u00e9conomie qui, si on ne les prend pas, nous seront impos\u00e9es par d\u2019autres dans deux ou trois ans ?<br \/>\nSans doute par peur de la rue.<span class=\"Apple-converted-space\"><br \/>\n<\/span>Mais pourquoi les gouvernants ont-ils si peur de la rue ?<span class=\"Apple-converted-space\">\u00a0<\/span><br \/>\nSans doute parce qu\u2019ils se souviennent de la violence de l\u2019\u00e9pisode des Gilets Jaunes et surtout du soutien massif qu\u2019ils avaient obtenus de la part de la population.<br \/>\nMais pourquoi ce soutien ? Insatisfaction, frustration, veulerie, envie de toujours plus et tout de suite conform\u00e9ment \u00e0 ce que leur ont fait entrer dans le cr\u00e2ne quarante cinq ann\u00e9es de promesses d\u00e9magogiques.<span class=\"Apple-converted-space\">\u00a0<\/span><\/p>\n<p style=\"text-align: justify;\">Politiquement, il est maintenant certain que le prochain gouvernement et le prochain Pr\u00e9sident seront issus du RN. Les LR commencent \u00e0 penser, avec une majorit\u00e9 de Fran\u00e7ais que ce n\u2019est pas si grave, que les libert\u00e9s seront prot\u00e9g\u00e9es par notre Constitution. Mais une telle protection est illusoire, une Constitution \u00e7a se modifie, \u00e7a se remplace, et m\u00eame sans la modifier ni la remplacer, on peut tr\u00e8s bien jouer avec pendant des ann\u00e9es.<\/p>\n<p style=\"text-align: justify;\">Il suffit de regarder dehors pour en trouver chaque matin de nouveaux \u00a0exemples frappants.<span class=\"Apple-converted-space\">\u00a0<\/span><\/p>\n","protected":false},"excerpt":{"rendered":"<p>Vous vous \u00eates sans doute \u00e9tonn\u00e9 de ce que, depuis plusieurs semaines, je me suis appliqu\u00e9, non sans quelque regret, une s\u00e9v\u00e8re autocensure sur tout ce qui concerne la Nouvelle Am\u00e9rique. Vous aurez peut-\u00eatre not\u00e9 \u00e9galement que la personne de la Maire de Paris ne remplit plus mes colonnes d\u2019amertume et d\u2019ironie. En tout cas, &hellip; <a href=\"https:\/\/www.leblogdescoutheillas.com\/?p=54581\" class=\"more-link\">Continuer la lecture de <span class=\"screen-reader-text\">Et \u00e0 part \u00e7a, Madame la Marquise ?\u00a0<\/span> <span class=\"meta-nav\">&rarr;<\/span><\/a><\/p>\n","protected":false},"author":1,"featured_media":0,"comment_status":"open","ping_status":"open","sticky":false,"template":"","format":"standard","meta":{"_mo_disable_npp":"","jetpack_post_was_ever_published":false,"_jetpack_newsletter_access":"","_jetpack_dont_email_post_to_subs":false,"_jetpack_newsletter_tier_id":0,"_jetpack_memberships_contains_paywalled_content":false,"_jetpack_memberships_contains_paid_content":false,"footnotes":"","jetpack_publicize_message":"","jetpack_publicize_feature_enabled":true,"jetpack_social_post_already_shared":true,"jetpack_social_options":{"image_generator_settings":{"template":"highway","default_image_id":0,"font":"","enabled":false},"version":2}},"categories":[94],"tags":[21],"class_list":["post-54581","post","type-post","status-publish","format-standard","hentry","category-critiques","tag-philippe"],"jetpack_publicize_connections":[],"jetpack_featured_media_url":"","jetpack_sharing_enabled":true,"_links":{"self":[{"href":"https:\/\/www.leblogdescoutheillas.com\/index.php?rest_route=\/wp\/v2\/posts\/54581","targetHints":{"allow":["GET"]}}],"collection":[{"href":"https:\/\/www.leblogdescoutheillas.com\/index.php?rest_route=\/wp\/v2\/posts"}],"about":[{"href":"https:\/\/www.leblogdescoutheillas.com\/index.php?rest_route=\/wp\/v2\/types\/post"}],"author":[{"embeddable":true,"href":"https:\/\/www.leblogdescoutheillas.com\/index.php?rest_route=\/wp\/v2\/users\/1"}],"replies":[{"embeddable":true,"href":"https:\/\/www.leblogdescoutheillas.com\/index.php?rest_route=%2Fwp%2Fv2%2Fcomments&post=54581"}],"version-history":[{"count":0,"href":"https:\/\/www.leblogdescoutheillas.com\/index.php?rest_route=\/wp\/v2\/posts\/54581\/revisions"}],"wp:attachment":[{"href":"https:\/\/www.leblogdescoutheillas.com\/index.php?rest_route=%2Fwp%2Fv2%2Fmedia&parent=54581"}],"wp:term":[{"taxonomy":"category","embeddable":true,"href":"https:\/\/www.leblogdescoutheillas.com\/index.php?rest_route=%2Fwp%2Fv2%2Fcategories&post=54581"},{"taxonomy":"post_tag","embeddable":true,"href":"https:\/\/www.leblogdescoutheillas.com\/index.php?rest_route=%2Fwp%2Fv2%2Ftags&post=54581"}],"curies":[{"name":"wp","href":"https:\/\/api.w.org\/{rel}","templated":true}]}}