{"id":54573,"date":"2025-10-28T07:47:06","date_gmt":"2025-10-28T06:47:06","guid":{"rendered":"https:\/\/www.leblogdescoutheillas.com\/?p=54573"},"modified":"2025-10-29T07:19:06","modified_gmt":"2025-10-29T06:19:06","slug":"un-truc-pour-ecrire","status":"publish","type":"post","link":"https:\/\/www.leblogdescoutheillas.com\/?p=54573","title":{"rendered":"Un truc pour \u00e9crire"},"content":{"rendered":"<p><span style=\"color: #0000ff;\"><em>Rediffusion<\/em><\/span><\/p>\n<p><em><span style=\"color: #000000;\"><img loading=\"lazy\" decoding=\"async\" class=\"alignleft wp-image-34183\" src=\"https:\/\/www.leblogdescoutheillas.com\/wp-content\/uploads\/2021\/12\/images-1.jpeg\" alt=\"\" width=\"143\" height=\"143\" srcset=\"https:\/\/www.leblogdescoutheillas.com\/wp-content\/uploads\/2021\/12\/images-1.jpeg 225w, https:\/\/www.leblogdescoutheillas.com\/wp-content\/uploads\/2021\/12\/images-1-150x150.jpeg 150w\" sizes=\"auto, (max-width: 143px) 100vw, 143px\" \/><span style=\"color: #0000ff;\"><strong>Ne vous y trompez pas, ce que je vous propose, ce n&rsquo;est pas un stylo, mais une m\u00e9thode. C&rsquo;est bien mieux et c&rsquo;est moins cher.<\/strong><\/span><\/span><\/em><\/p>\n<p><em><span style=\"color: #000000;\"><span style=\"color: #0000ff;\"><strong>\u00a0<\/strong><\/span>Ecrire n&rsquo;est pas facile en g\u00e9n\u00e9ral, surtout quand on est \u00e9quip\u00e9 d&rsquo;un peu de sens critique, car, la plupart du temps, il vous conseillera de passer votre production au broyeur. Mais le plus souvent, c&rsquo;est une m\u00e9thode qui manque au d\u00e9butant et la lecture de ce qui suit pourrait lui faire gagner un peu de temps. Celle que je pr\u00e9conise est celle du \u00ab\u00a0<strong>Je me souviens<\/strong>\u00ab\u00a0, \u00e9prouv\u00e9e d\u00e8s 1970 par Joe Brainard dans son recueil \u00ab\u00a0<strong>I remember<\/strong>\u00ab\u00a0, puis par Georges Perec en 1978 avec son \u00ab\u00a0Je me souviens\u00a0\u00bb. \u00a0Voici ce que j&rsquo;en disais il y a quelques ann\u00e9es :<\/span><\/em><\/p>\n<p style=\"text-align: justify;\">Le <em>Je me souviens<\/em> est exercice d&rsquo;\u00e9criture courant. Il consiste \u00e0 dresser une suite de bribes de souvenirs dont chacune commence par les mots <em>Je me souviens<\/em>. Ces bribes refl\u00e8tent des souvenirs personnels propres \u00e0 leur auteur en m\u00eame temps qu&rsquo;elles \u00e9voquent une \u00e9poque. C&rsquo;est un exercice que je recommande chaudement \u00e0 ceux que titille une vague envie d&rsquo;\u00e9crire. Quitte \u00e0 raconter quelque chose, autant commencer par ce qu&rsquo;on croit connaitre : sa vie. Voici la m\u00e9thode :<!--more--><\/p>\n<p style=\"text-align: justify;\">a) Choisir un apr\u00e8s-midi gris\u00e2tre et une pi\u00e8ce o\u00f9 il fera doux, s&rsquo;installer sans h\u00e2te et confortablement, faire le vide dans sa t\u00eate, mais pas trop longtemps car l&rsquo;habitude s&rsquo;en prend vite.<\/p>\n<p style=\"text-align: justify;\">b) Choisir un lieu, une maison, un appartement, pr\u00e9f\u00e9rablement de son enfance, le parcourir des yeux et de la m\u00e9moire, s&rsquo;arr\u00eater \u00e0 la premi\u00e8re image un peu nette, et \u00e9crire son premier <em>je me souviens<\/em>, ensuite, et pour quelques instants, quelques instants seulement, ne pas r\u00e9sister \u00e0<em> l&rsquo;immense \u00e9difice du souvenir<\/em>, \u00e9crire un deuxi\u00e8me puis un troisi\u00e8me souvenir.<\/p>\n<p style=\"text-align: justify;\">c) S&rsquo;arr\u00eater obligatoirement avant le quatri\u00e8me, car on n&rsquo;\u00e9crit pas une autobiographie, n&rsquo;est-ce pas ? Pas encore. Relire, raturer, remplacer, simplifier, \u00e9purer, r\u00e9duire. Chasser les adverbes comme s&rsquo;ils \u00e9taient des fautes d&rsquo;orthographe et les adjectifs comme s&rsquo;ils \u00e9taient des pr\u00e9ciosit\u00e9s.<\/p>\n<p style=\"text-align: justify;\">d) Pour chaque souvenir, se limiter \u00e0 une seule phrase. Une proposition subordonn\u00e9e est autoris\u00e9e, \u00e0 la condition qu&rsquo;elle soit \u00e0 l&rsquo;imparfait, l&rsquo;effet de nostalgie n&rsquo;en sera que meilleur. La phrase devra \u00eatre suffisamment <em>vague et soluble dans l&rsquo;air<\/em> pour n&rsquo;\u00eatre pas totalement explicite et que seuls certains lecteurs puissent voir exactement de quoi on a voulu parler.<\/p>\n<p style=\"text-align: justify;\">e) Maintenant, changer de lieu, \u00e9ventuellement changer d&rsquo;\u00e9poque et repartir en b) ci-dessus.<\/p>\n<p style=\"text-align: justify;\">f) Quand la boucle <em>b-c-d-e<\/em> aura \u00e9t\u00e9 boucl\u00e9e quatre ou cinq fois, laisser reposer. Le d\u00e9lai de repos sera au minimum d&rsquo;une journ\u00e9e. Aucun maximum ne lui est impos\u00e9.<\/p>\n<p style=\"text-align: justify;\">g) Une fois ce d\u00e9lai \u00e9coul\u00e9, se relire et si, \u00e0 la lecture de ce qu&rsquo;on n&rsquo;aura pas jet\u00e9 \u00e0 la corbeille, survient une l\u00e9g\u00e8re \u00e9motion ou une envie de sourire, ce sera presque gagn\u00e9 : on pourra \u00e9crire la suite en reprenant \u00e0 l&rsquo;\u00e9tape a).<\/p>\n<p style=\"text-align: justify;\">Dans quelques semaines ou quelques ann\u00e9es, muni de votre petit cahier noir plein de <em>je me souviens<\/em>, vous en choisirez deux ou trois pour tenter d&rsquo;en faire l&rsquo;i<em>ncipit<\/em> d&rsquo;une histoire br\u00e8ve, d&rsquo;une nouvelle ou d&rsquo;un roman. Et plus tard, beaucoup plus tard, quand vous aurez compris que votre vie n&rsquo;int\u00e9resse personne, vous passerez \u00e0 la fiction.<\/p>\n<p style=\"text-align: justify;\">Les plus c\u00e9l\u00e8bres <em>Je me souviens<\/em> de la litt\u00e9rature fran\u00e7aise sont ceux de Georges Perec. Voici quelques-uns des miens, \u00e9crits il y a une dizaine d&rsquo;ann\u00e9es.<br \/>\nAvant que vous ne m&rsquo;accusiez de plagier Perec, sachez qu&rsquo;il n&rsquo;a pas \u00e9t\u00e9 l&rsquo;inventeur de cette technique. Son recueil \u00ab\u00a0Je me souviens\u00a0\u00bb (Hachette-1978) \u00e9tait directement inspir\u00e9 de \u00ab\u00a0<em>I remember<\/em>\u00a0\u00bb de Joe Brainard (Angel Hair Books \u2013 1970). Dans ces conditions, je ne vois pas pourquoi je me priverais. Voici donc :<\/p>\n<p style=\"text-align: justify;\"><em><strong>Je me souviens<\/strong><\/em><\/p>\n<p style=\"text-align: justify;\"><em>Je me souviens des sucettes Pierrot Gourmand fich\u00e9es dans la t\u00eate de clown en pl\u00e2tre blanc comme des plumes sur la t\u00eate de Sitting Bull<\/em><\/p>\n<p><em> Je me souviens des trois marches qu&rsquo;il fallait monter pour entrer dans la boutique blanche du confiseur.<\/em><\/p>\n<p><em> Je me souviens des trois marches qu\u2019il fallait descendre pour entrer dans l&rsquo;\u00e9cole de filles de la rue Pierre Nicole, o\u00f9 on acceptait les gar\u00e7ons jusqu&rsquo;\u00e0 la septi\u00e8me.<\/em><\/p>\n<p><em> Je me souviens de la fille de la rue Flatters.<\/em><\/p>\n<p><em> Je me souviens de mes patins \u00e0 roulettes qui faisaient sonner les grilles du caniveau central du boulevard de Port Royal<\/em><\/p>\n<p><em> Je me souviens des d\u00e9parts \u00e0 Andr\u00e9sy avec mon ami Ren\u00e9-Jean.<\/em><\/p>\n<p><em> Je me souviens de la petite Simca 5, peut-\u00eatre 6, d\u00e9capotable et presque toujours d\u00e9capot\u00e9e, dans laquelle son p\u00e8re nous emmenait.<\/em><\/p>\n<p><em> Je me souviens du tunnel de St Cloud avec son rev\u00eatement en carreaux de fa\u00efence et son puits d&rsquo;a\u00e9ration central que nous attendions avec impatience parce qu&rsquo;il cr\u00e9ait au passage un formidable courant d&rsquo;air ascendant.<\/em><em>.<\/em><\/p>\n<p><em> Je me souviens de mon premier professeur d&rsquo;anglais, qui sentait le vin et pin\u00e7ait les joues tr\u00e8s fort.<\/em><\/p>\n<p><em> Je me souviens des Peters Sisters et des S\u0153urs \u00c9tienne et du grand orchestre de Ray Ventura<\/em><\/p>\n<p><em> Je me souviens des retours de chasse, le dimanche soir \u00e0 travers la nuit, install\u00e9 \u00e0 l\u2019arri\u00e8re de la 203, puis de la 403, puis \u00e0 l&rsquo;avant de la 404, puis au volant de la 504.<\/em><\/p>\n<p><em> Je me souviens du ballet grin\u00e7ant des balais d&rsquo;essuie-glace et de l&rsquo;angoisse des devoirs non faits qui montait au fur et \u00e0 mesure que la porte de Ch\u00e2tillon approchait.<\/em><\/p>\n<p><em> Je me souviens du 83, autobus \u00e0 plateforme qui m&#8217;emmenait au lyc\u00e9e.<\/em><\/p>\n<p><em> Je me souviens de la cha\u00eene \u00e0 poign\u00e9e de bois que le receveur tirait vigoureusement pour donner au chauffeur le signal du d\u00e9part.<\/em><\/p>\n<p><em> Je me souviens de son geste de la main gauche pour ouvrir plus ou moins la fente de la machine \u00e0 composter qu&rsquo;il portait viss\u00e9e sur le ventre, puis du moulinet de son poignet droit pour lancer l&rsquo;impression des tickets.<\/em><\/p>\n<p><em> Je me souviens du bruit du moteur et du num\u00e9ro d&rsquo;immatriculation de ma premi\u00e8re voiture, 3610 BT 75.<\/em><\/p>\n<p>etc&#8230;<\/p>\n","protected":false},"excerpt":{"rendered":"<p>Rediffusion Ne vous y trompez pas, ce que je vous propose, ce n&rsquo;est pas un stylo, mais une m\u00e9thode. C&rsquo;est bien mieux et c&rsquo;est moins cher. \u00a0Ecrire n&rsquo;est pas facile en g\u00e9n\u00e9ral, surtout quand on est \u00e9quip\u00e9 d&rsquo;un peu de sens critique, car, la plupart du temps, il vous conseillera de passer votre production au &hellip; <a href=\"https:\/\/www.leblogdescoutheillas.com\/?p=54573\" class=\"more-link\">Continuer la lecture de <span class=\"screen-reader-text\">Un truc pour \u00e9crire<\/span> <span class=\"meta-nav\">&rarr;<\/span><\/a><\/p>\n","protected":false},"author":1,"featured_media":0,"comment_status":"open","ping_status":"open","sticky":false,"template":"","format":"standard","meta":{"_mo_disable_npp":"","jetpack_post_was_ever_published":false,"_jetpack_newsletter_access":"","_jetpack_dont_email_post_to_subs":false,"_jetpack_newsletter_tier_id":0,"_jetpack_memberships_contains_paywalled_content":false,"_jetpack_memberships_contains_paid_content":false,"footnotes":"","jetpack_publicize_message":"","jetpack_publicize_feature_enabled":true,"jetpack_social_post_already_shared":true,"jetpack_social_options":{"image_generator_settings":{"template":"highway","default_image_id":0,"font":"","enabled":false},"version":2}},"categories":[15],"tags":[1550,21,1863],"class_list":["post-54573","post","type-post","status-publish","format-standard","hentry","category-themes","tag-ecriture","tag-philippe","tag-rediffusion"],"jetpack_publicize_connections":[],"jetpack_featured_media_url":"","jetpack_sharing_enabled":true,"_links":{"self":[{"href":"https:\/\/www.leblogdescoutheillas.com\/index.php?rest_route=\/wp\/v2\/posts\/54573","targetHints":{"allow":["GET"]}}],"collection":[{"href":"https:\/\/www.leblogdescoutheillas.com\/index.php?rest_route=\/wp\/v2\/posts"}],"about":[{"href":"https:\/\/www.leblogdescoutheillas.com\/index.php?rest_route=\/wp\/v2\/types\/post"}],"author":[{"embeddable":true,"href":"https:\/\/www.leblogdescoutheillas.com\/index.php?rest_route=\/wp\/v2\/users\/1"}],"replies":[{"embeddable":true,"href":"https:\/\/www.leblogdescoutheillas.com\/index.php?rest_route=%2Fwp%2Fv2%2Fcomments&post=54573"}],"version-history":[{"count":0,"href":"https:\/\/www.leblogdescoutheillas.com\/index.php?rest_route=\/wp\/v2\/posts\/54573\/revisions"}],"wp:attachment":[{"href":"https:\/\/www.leblogdescoutheillas.com\/index.php?rest_route=%2Fwp%2Fv2%2Fmedia&parent=54573"}],"wp:term":[{"taxonomy":"category","embeddable":true,"href":"https:\/\/www.leblogdescoutheillas.com\/index.php?rest_route=%2Fwp%2Fv2%2Fcategories&post=54573"},{"taxonomy":"post_tag","embeddable":true,"href":"https:\/\/www.leblogdescoutheillas.com\/index.php?rest_route=%2Fwp%2Fv2%2Ftags&post=54573"}],"curies":[{"name":"wp","href":"https:\/\/api.w.org\/{rel}","templated":true}]}}