{"id":54372,"date":"2025-10-02T07:47:30","date_gmt":"2025-10-02T05:47:30","guid":{"rendered":"https:\/\/www.leblogdescoutheillas.com\/?p=54372"},"modified":"2025-10-03T08:06:16","modified_gmt":"2025-10-03T06:06:16","slug":"la-republique-de-weimar","status":"publish","type":"post","link":"https:\/\/www.leblogdescoutheillas.com\/?p=54372","title":{"rendered":"La R\u00e9publique de Weimar"},"content":{"rendered":"<p style=\"text-align: justify;\">Je n\u2019ai pas une grande confiance en Franck Ferrand en tant qu\u2019historien. Ma m\u00e9fiance est n\u00e9e le jour o\u00f9 j\u2019ai lu un livre qu\u2019un ami qui connaissait mon gout pour l\u2019Iliade m\u2019avait offert. Ce bouquin complotiste dont j\u2019ai vite oubli\u00e9 et l\u2019auteur et le titre \u00e9tait enti\u00e8rement consacr\u00e9<span class=\"Apple-converted-space\">\u00a0 <\/span>\u00e0 d\u00e9montrer que la ville de Troie ne se trouvait pas en Turquie, mais quelque part en Angleterre ou en \u00c9cosse, je ne sais plus\u2026 Il se trouve que Franck Ferrand avait pr\u00e9fac\u00e9 et promu ce livre ridicule, d\u2019o\u00f9 ma m\u00e9fiance. D\u2019ailleurs,<span class=\"Apple-converted-space\">\u00a0 <\/span>je ne connaissais pas F.F. avant de me mettre \u00e0 \u00e9couter Radio Classique comme seule et unique radio d\u2019information. Leur matinale, de 7 heures \u00e0 9 heures me convient tr\u00e8s bien (mis \u00e0 part l\u2019invitation du lundi de Luc Ferry). Or, chaque jour, entre 9h et 9h30, Franck Ferrand reprend l\u2019antenne pour raconter un \u00e9v\u00e9nement historique.<span class=\"Apple-converted-space\"> Historiquement exact<\/span>e ou complaisamment am\u00e9lior\u00e9 \u2014 \u00e7a m\u2019est \u00e9gal \u2014 l\u2019\u00e9v\u00e8nement est agr\u00e9ablement racont\u00e9, parfois instructif, souvent surprenant.<span class=\"Apple-converted-space\">\u00a0<\/span><\/p>\n<p style=\"text-align: justify;\">Le sujet de ce matin du 20 septembre 2025 \u00e9tait la R\u00e9publique de Weimar, cette r\u00e9publique<!--more--> qui a dur\u00e9 en Allemagne de 1918 \u00e0 1933 et qui s\u2019est achev\u00e9e comme on le sait avec l\u2019av\u00e8nement du r\u00e9gime nazi.<span class=\"Apple-converted-space\">\u00a0<\/span><\/p>\n<p style=\"text-align: justify;\">Dans plusieurs pays europ\u00e9ens, les ann\u00e9es 20 ont \u00e9t\u00e9 le temps d\u2019extraordinaires progr\u00e8s technologiques et \u00e9conomiques. Elles ont \u00e9t\u00e9 aussi le cadre d\u2019une radicale \u00e9volution sociale et artistique. On les a d\u00e9sign\u00e9es sous le syntagme <em>ann\u00e9es folles<\/em>. L\u2019Allemagne, et plus particuli\u00e8rement Berlin, ont \u00e9t\u00e9 le th\u00e9\u00e2tre le plus actif de cette r\u00e9volution culturelle et de la lib\u00e9ration des m\u0153urs qui l\u2019a accompagn\u00e9e. Mais cette \u00e9volution \u00e9tait surtout l\u2019apanage d\u2019une certaine \u00e9lite intellectuelle, principalement berlinoise. Elle n\u2019\u00e9tait pas du go\u00fbt des milieux conservateurs, aristocratie, grande bourgeoisie, monde des affaires, petite bourgeoisie ni m\u00eame du monde ouvrier. Tous se sentaient m\u00e9pris\u00e9s, sans doute \u00e0 raison, par ce monde fou, fou, fou qu\u2019\u00e9tait alors Berlin.<\/p>\n<p style=\"text-align: justify;\">C\u2019est en grande partie en r\u00e9action \u00e0 cette \u00e9volution culturelle, consid\u00e9r\u00e9e comme la cons\u00e9quence d\u2019une d\u00e9cadence morale, que le nazisme a b\u00e2ti sa propagande pour rencontrer le succ\u00e8s massif que l\u2019on sait aupr\u00e8s des \u00e9lecteurs allemands, succ\u00e8s favoris\u00e9 par les tr\u00e8s durs effets de la crise de 1929 sur l\u2019\u00e9conomie allemande.<span class=\"Apple-converted-space\">\u00a0<\/span><\/p>\n<p style=\"text-align: justify;\">C\u2019est en \u00e9coutant Franck Ferrand me raconter Weimar et sa chute qu\u2019une analogie est venue s\u2019imposer \u00e0 moi. Vous avez dit : <em>\u00c9volution culturelle d\u2019une \u00e9lite radicalis\u00e9e<\/em> ? <em>M\u00e9pris et incompr\u00e9hension \u00e0 l\u2019encontre des autres classes de la soci\u00e9t\u00e9<\/em> ? <em>Progression d\u2019un populisme r\u00e9actionnaire<\/em> ? <em>Victoire \u00e9lectorale<\/em> ? <em>Mise en place rapide d\u2019un r\u00e9gime autoritaire<\/em> ? <em>Peur<\/em> ? <em>Autocensure<\/em> ? <em>Censure<\/em> ?\u00a0<span class=\"Apple-converted-space\"><br \/>\nBien s\u00fbr, comparaison n\u2019est pas raison, mais analogie est logie\u2026\u00a0<\/span><\/p>\n<p><span style=\"color: #0000ff;\"><em>N.B. : Attention, vous avez ici un exemple typique d&rsquo; <strong>AUTOCENSURE !\u00a0<\/strong><\/em><\/span><\/p>\n<p style=\"text-align: justify;\">\n","protected":false},"excerpt":{"rendered":"<p>Je n\u2019ai pas une grande confiance en Franck Ferrand en tant qu\u2019historien. Ma m\u00e9fiance est n\u00e9e le jour o\u00f9 j\u2019ai lu un livre qu\u2019un ami qui connaissait mon gout pour l\u2019Iliade m\u2019avait offert. Ce bouquin complotiste dont j\u2019ai vite oubli\u00e9 et l\u2019auteur et le titre \u00e9tait enti\u00e8rement consacr\u00e9\u00a0 \u00e0 d\u00e9montrer que la ville de Troie &hellip; <a href=\"https:\/\/www.leblogdescoutheillas.com\/?p=54372\" class=\"more-link\">Continuer la lecture de <span class=\"screen-reader-text\">La R\u00e9publique de Weimar<\/span> <span class=\"meta-nav\">&rarr;<\/span><\/a><\/p>\n","protected":false},"author":1,"featured_media":0,"comment_status":"open","ping_status":"open","sticky":false,"template":"","format":"standard","meta":{"_mo_disable_npp":"","jetpack_post_was_ever_published":false,"_jetpack_newsletter_access":"","_jetpack_dont_email_post_to_subs":false,"_jetpack_newsletter_tier_id":0,"_jetpack_memberships_contains_paywalled_content":false,"_jetpack_memberships_contains_paid_content":false,"footnotes":"","jetpack_publicize_message":"","jetpack_publicize_feature_enabled":true,"jetpack_social_post_already_shared":true,"jetpack_social_options":{"image_generator_settings":{"template":"highway","default_image_id":0,"font":"","enabled":false},"version":2}},"categories":[15],"tags":[2121,21],"class_list":["post-54372","post","type-post","status-publish","format-standard","hentry","category-themes","tag-franck-ferrand","tag-philippe"],"jetpack_publicize_connections":[],"jetpack_featured_media_url":"","jetpack_sharing_enabled":true,"_links":{"self":[{"href":"https:\/\/www.leblogdescoutheillas.com\/index.php?rest_route=\/wp\/v2\/posts\/54372","targetHints":{"allow":["GET"]}}],"collection":[{"href":"https:\/\/www.leblogdescoutheillas.com\/index.php?rest_route=\/wp\/v2\/posts"}],"about":[{"href":"https:\/\/www.leblogdescoutheillas.com\/index.php?rest_route=\/wp\/v2\/types\/post"}],"author":[{"embeddable":true,"href":"https:\/\/www.leblogdescoutheillas.com\/index.php?rest_route=\/wp\/v2\/users\/1"}],"replies":[{"embeddable":true,"href":"https:\/\/www.leblogdescoutheillas.com\/index.php?rest_route=%2Fwp%2Fv2%2Fcomments&post=54372"}],"version-history":[{"count":0,"href":"https:\/\/www.leblogdescoutheillas.com\/index.php?rest_route=\/wp\/v2\/posts\/54372\/revisions"}],"wp:attachment":[{"href":"https:\/\/www.leblogdescoutheillas.com\/index.php?rest_route=%2Fwp%2Fv2%2Fmedia&parent=54372"}],"wp:term":[{"taxonomy":"category","embeddable":true,"href":"https:\/\/www.leblogdescoutheillas.com\/index.php?rest_route=%2Fwp%2Fv2%2Fcategories&post=54372"},{"taxonomy":"post_tag","embeddable":true,"href":"https:\/\/www.leblogdescoutheillas.com\/index.php?rest_route=%2Fwp%2Fv2%2Ftags&post=54372"}],"curies":[{"name":"wp","href":"https:\/\/api.w.org\/{rel}","templated":true}]}}