{"id":53571,"date":"2025-08-05T07:47:48","date_gmt":"2025-08-05T05:47:48","guid":{"rendered":"https:\/\/www.leblogdescoutheillas.com\/?p=53571"},"modified":"2025-08-06T13:18:01","modified_gmt":"2025-08-06T11:18:01","slug":"imagine","status":"publish","type":"post","link":"https:\/\/www.leblogdescoutheillas.com\/?p=53571","title":{"rendered":"Imagine"},"content":{"rendered":"<blockquote>\n<p style=\"text-align: center;\"><strong>C&rsquo;est le programme minimum de l&rsquo;\u00e9t\u00e9. <\/strong><\/p>\n<p style=\"text-align: center;\"><strong>Alors, on rediffuse :\u00a0<\/strong><\/p>\n<\/blockquote>\n<p style=\"text-align: justify;\"><strong><em>Institut Imagine,<\/em><\/strong><em> 24 boulevard du Montparnasse, site de l\u2019h\u00f4pital Necker-Enfants malades.<\/em><\/p>\n<p style=\"text-align: justify;\">Ca fait maintenant une vingtaine de minutes que je rode aupr\u00e8s du b\u00e2timent en cherchant \u00e0 \u00a0m\u2019approcher de l\u2019une de ses fa\u00e7ades. La construction qui m\u2019intrigue occupe une bonne longueur du c\u00f4t\u00e9 pair du Boulevard du Montparnasse mais ne pr\u00e9sente aucune entr\u00e9e ni ouverture de ce c\u00f4t\u00e9. De plus, une grille emp\u00eache d\u2019approcher la fa\u00e7ade. \u00c7a m\u2019ennuie parce que j\u2019ai rep\u00e9r\u00e9 sur cet immeuble une chose \u00e9trange que je voudrais bien v\u00e9rifier.<\/p>\n<p style=\"text-align: justify;\">Cet immeuble imposant a \u00e9t\u00e9 achev\u00e9 il y a quelques mois. La longue et haute fa\u00e7ade \u2013peut-\u00eatre\u00a0 huit \u00e9tages- est enti\u00e8rement constitu\u00e9e de panneaux de verre. Certains sont gris et opaques et d\u2019autres transparents. Sans doute pour \u00e9gayer ce lugubre damier, la fa\u00e7ade ne s\u2019inscrit pas dans un seul plan, mais dans quatre plans d\u2019inclinaisons diff\u00e9rentes. Au milieu de ce quartier d\u2019immeubles haussmannien et de constructions parisiennes plus anciennes, c\u2019est du plus bel effet. Bon, mais des immeubles officiels lourdingues avec du verre en fa\u00e7ade pour seule originalit\u00e9, on commence \u00e0 en avoir l\u2019habitude.<br \/>\n<a href=\"http:\/\/leblogdescoutheillas.com\/wp-content\/uploads\/2014\/06\/Imagine-1.jpg\"><img loading=\"lazy\" decoding=\"async\" class=\" wp-image-1320 aligncenter\" src=\"http:\/\/leblogdescoutheillas.com\/wp-content\/uploads\/2014\/06\/Imagine-1-300x225.jpg\" alt=\"Imagine 1\" width=\"487\" height=\"365\" srcset=\"https:\/\/www.leblogdescoutheillas.com\/wp-content\/uploads\/2014\/06\/Imagine-1-300x225.jpg 300w, https:\/\/www.leblogdescoutheillas.com\/wp-content\/uploads\/2014\/06\/Imagine-1.jpg 650w\" sizes=\"auto, (max-width: 487px) 100vw, 487px\" \/><\/a><br \/>\nJe n\u2019ai donc fait que <!--more-->bougonner un petit peu quand j\u2019ai vu cet immeuble hors d\u2019eau, et j\u2019ai attribu\u00e9 aux al\u00e9as du chantier les traces blanch\u00e2tres qui affectaient une bonne partie des panneaux de fa\u00e7ade.<br \/>\nLe temps passant sans que le nettoyage ne se fasse, j\u2019ai d\u00fb changer d\u2019hypoth\u00e8se\u00a0: ce qui paraissait des salissures devait en fait provenir de malfa\u00e7ons, du genre condensation dans les doubles vitrages ou bullage du film anti-UV. On en aurait pour des ann\u00e9es avant que le litige ne soit r\u00e9gl\u00e9.<\/p>\n<p style=\"text-align: justify;\">Et puis, la semaine derni\u00e8re, alors que je remontais \u00e0 pied le boulevard, que je disposais de temps et d\u2019un appareil photo, j\u2019ai d\u00e9cid\u00e9 d\u2019en avoir le c\u0153ur net. La fa\u00e7ade sur boulevard s\u2019av\u00e9rant imp\u00e9n\u00e9trable, j\u2019ai long\u00e9 celle de \u00a0la rue du Cherche-Midi, plus sagement verticale mais tout aussi grande et affect\u00e9e des m\u00eames d\u00e9sordres.<br \/>\n<a href=\"http:\/\/leblogdescoutheillas.com\/wp-content\/uploads\/2014\/05\/Imagine-2.jpg\"><img loading=\"lazy\" decoding=\"async\" class=\" wp-image-1322 aligncenter\" src=\"http:\/\/leblogdescoutheillas.com\/wp-content\/uploads\/2014\/05\/Imagine-2-300x225.jpg\" alt=\"Imagine 2\" width=\"435\" height=\"326\" srcset=\"https:\/\/www.leblogdescoutheillas.com\/wp-content\/uploads\/2014\/05\/Imagine-2-300x225.jpg 300w, https:\/\/www.leblogdescoutheillas.com\/wp-content\/uploads\/2014\/05\/Imagine-2.jpg 480w\" sizes=\"auto, (max-width: 435px) 100vw, 435px\" \/><\/a><br \/>\nLa vue d\u2019une nacelle m\u2019a confirm\u00e9 dans ma derni\u00e8re hypoth\u00e8se\u00a0: on \u00e9tait en train de proc\u00e9der \u00e0 des examens ou m\u00eame des essais de remplacement.<br \/>\nJe finis par trouver une entr\u00e9e qui semble de service et je p\u00e9n\u00e8tre en h\u00e9sitant dans l\u2019enceinte. El\u00e9gant manteau noir flottant au vent, attach\u00e9 case ultra plat, t\u00e9l\u00e9phone coll\u00e9 \u00e0 l\u2019oreille, un homme jeune et press\u00e9 me d\u00e9passe\u00a0:<\/p>\n<p style=\"text-align: justify;\">&#8211;<em>Tu te rends compte, ce truc a cout\u00e9 des millions d&rsquo;euros et on est d\u00e9j\u00e0 en train de changer les vitres. C\u2019est vraiment un scandale\u00a0! Y a des esp\u00e8ces de train\u00e9es blanches, un d\u00e9faut dans le verre ou quoi, je ne sais pas\u2026<\/em><\/p>\n<p style=\"text-align: justify;\">Je me dis que ce jeune homme affair\u00e9 ne conna\u00eet pas la vie, que les malfa\u00e7ons dans les fa\u00e7ades modernes, c\u2019est regrettable, mais que c\u2019est courant et qu\u2019on finira bien par r\u00e9gler ce probl\u00e8me\u2026<br \/>\nPendant que j\u2019agitais ces pens\u00e9es pleines de l\u2019indulgence qui d\u00e9coule tout naturellement de l\u2019exp\u00e9rience, je me suis approch\u00e9 de la fa\u00e7ade jusqu\u2019\u00e0 la toucher et j\u2019ai vu\u00a0ce qui pour les non-initi\u00e9s, c&rsquo;est-\u00e0-dire vraisemblablement pour 97,5% des passants du boulevard, restera des salissures jusqu\u2019\u00e0 ce que quelqu\u2019un les d\u00e9trompe, comme je vais le faire maintenant\u00a0: ces salissures ineffa\u00e7ables, ces bullages malvenus, ces malfa\u00e7ons regrettables sont en fait des pixels s\u00e9rigraphi\u00e9s, c&rsquo;est-\u00e0-dire, en clair et en l\u2019occurrence, des petits carr\u00e9s blancs, d\u2019environ un millim\u00e8tre de c\u00f4t\u00e9, imprim\u00e9s sur la surface du verre dans un d\u00e9sordre apparent qui ne doit certainement rien au hasard.<br \/>\n<a href=\"http:\/\/leblogdescoutheillas.com\/wp-content\/uploads\/2014\/05\/Imagine-3.jpg\"><img loading=\"lazy\" decoding=\"async\" class=\"alignleft size-medium wp-image-1323\" src=\"http:\/\/leblogdescoutheillas.com\/wp-content\/uploads\/2014\/05\/Imagine-3-300x219.jpg\" alt=\"Imagine 3\" width=\"300\" height=\"219\" srcset=\"https:\/\/www.leblogdescoutheillas.com\/wp-content\/uploads\/2014\/05\/Imagine-3-300x219.jpg 300w, https:\/\/www.leblogdescoutheillas.com\/wp-content\/uploads\/2014\/05\/Imagine-3.jpg 548w\" sizes=\"auto, (max-width: 300px) 100vw, 300px\" \/><\/a><br \/>\nTout cela a donc \u00e9t\u00e9 voulu, con\u00e7u, d\u00e9fini, calcul\u00e9, r\u00e9alis\u00e9, install\u00e9, r\u00e9ceptionn\u00e9, pay\u00e9 et admir\u00e9 par ceux-l\u00e0 m\u00eame qui l&rsquo;avaient\u00a0voulu, con\u00e7u, d\u00e9fini, calcul\u00e9, r\u00e9alis\u00e9, install\u00e9, r\u00e9ceptionn\u00e9, et pay\u00e9. Et, \u00e0 moins d&rsquo;une malfa\u00e7on sur laquelle on ne peut tout de m\u00eame pas compter, tout cela va durer et cet \u00e9norme \u00a0b\u00e2timent disgracieux sera pour l&rsquo;\u00e9ternit\u00e9 mal lav\u00e9.<\/p>\n<p style=\"text-align: justify;\">De retour chez moi, c&rsquo;est \u00e0 dire de retour devant Google, je me suis renseign\u00e9. Et voici le r\u00e9sultat de mes recherches.<br \/>\nCe b\u00e2timent tout neuf est inclus dans l&rsquo;enceinte de l&rsquo;H\u00f4pital des Enfants Malades. Il abrite un centre de recherche et de traitement des maladies g\u00e9n\u00e9tiques. Sur le plan architectural, nous le devons \u00e0 deux cabinets diff\u00e9rents: Valero-Gadan et Ateliers Jean Nouvel.<\/p>\n<p style=\"text-align: justify;\">Il n&rsquo;est pas question ici de critiquer ou m\u00eame d&rsquo;\u00e9mettre un avis sur l&rsquo;organisation architecturale interne de cet Institut. Mais je voudrais bien savoir quel est, entre ces deux architectes, le concepteur de ce parti de fa\u00e7ades d\u00e9lav\u00e9es. Mes recherches, peu approfondies je l&rsquo;avoue, ne m&rsquo;ont pas permis de le d\u00e9terminer, ce qui ne m&#8217;emp\u00eache pas de soup\u00e7onner fortement Monsieur Nouvel. Nous devons \u00e0 cet architecte quelques belles r\u00e9alisations, la Fondation Cartier \u00e0 Paris, le Mus\u00e9e du Quai Branly, et pour la plupart des gens, l&rsquo;Institut du Monde Arabe. Malheureusement, nous lui devons aussi le centre commercial Euralille (la premi\u00e8re fois que je l&rsquo;ai vu, j&rsquo;ai \u00e9clat\u00e9 de rire tellement l&rsquo;une de ses tours ressemble \u00e0 un \u00e9norme flipper-billard-\u00e9lectrique), la tour Agbar \u00e0 Barcelone, l&rsquo;immeuble Burj \u00e0 Doha\u2026Quant \u00e0 la Philharmonie de Paris, pour juger de ce projet, on devra attendre encore quelques temps qu&rsquo;il ait fini de ruiner Paris, tant le chantier a pris de retard et support\u00e9 d&rsquo;augmentations de co\u00fbt.<\/p>\n<p style=\"text-align: justify;\">Depuis quelques ann\u00e9es, la marque de Jean Nouvel, c&rsquo;est le verre. Il faut reconna\u00eetre qu&rsquo;il n&rsquo;est pas le seul \u00e0 \u00eatre tomb\u00e9 dans cette facilit\u00e9. Du verre, encore du verre, toujours du verre, du verre color\u00e9, du verre s\u00e9rigraphi\u00e9, du verre incrust\u00e9 de m\u00e9canismes, du verre pour faire joli, du verre pour impressionner, du verre pour cacher les formes, parfois pour pallier le manque d&rsquo;imagination.<\/p>\n<p style=\"text-align: justify;\">Revenons \u00e0 Imagine. Voici ce qu\u2019on pouvait lire dans la description du projet\u00a0:<\/p>\n<p style=\"text-align: justify;\"><em>\u00ab L\u2019angle du boulevard du Montparnasse et de la rue du Cherche Midi est on ne peut plus parisien. Nous l\u2019aimerions hospitalier\u00a0dans le double sens du mot.<\/em><\/p>\n<p style=\"text-align: justify;\">Et on ajoute\u00a0:<\/p>\n<p style=\"text-align: justify;\">:<em>\u00ab\u2026.Privil\u00e9giant le verre et les mat\u00e9riaux naturels, s\u2019int\u00e9grant parfaitement\u00a0dans le paysage urbain, le futur Institut Imagine sera \u00e9galement\u00a0dot\u00e9 de plusieurs jardins, dont un ext\u00e9rieur ouvert au public.\u00a0Les fa\u00e7ades seront agr\u00e9ment\u00e9es de verre s\u00e9rigraphi\u00e9 rappelant\u00a0une s\u00e9quence ADN, illustrant ainsi de mani\u00e8re symbolique la raison\u00a0d\u2019\u00eatre de cet Institut des Maladies G\u00e9n\u00e9tiques\u2026\u00a0\u00bb<\/em><\/p>\n<p style=\"text-align: justify;\">Pour ce qui est de s\u2019int\u00e9grer dans le paysage urbain, par sa masse, son aspect et sa forme, \u00e7a, on peut dire qu\u2019il s\u2019int\u00e8gre\u00a0!<\/p>\n<p style=\"text-align: justify;\">Pour ce qui est de la fine allusion \u00e0 l\u2019ADN, on peut penser qu\u2019elle n\u2019aura \u00e9chapp\u00e9 \u00e0 personne, sauf \u00e0 la totalit\u00e9 des passants du boulevard.<\/p>\n<p style=\"text-align: justify;\">\n","protected":false},"excerpt":{"rendered":"<p>C&rsquo;est le programme minimum de l&rsquo;\u00e9t\u00e9. Alors, on rediffuse :\u00a0 Institut Imagine, 24 boulevard du Montparnasse, site de l\u2019h\u00f4pital Necker-Enfants malades. Ca fait maintenant une vingtaine de minutes que je rode aupr\u00e8s du b\u00e2timent en cherchant \u00e0 \u00a0m\u2019approcher de l\u2019une de ses fa\u00e7ades. La construction qui m\u2019intrigue occupe une bonne longueur du c\u00f4t\u00e9 pair du &hellip; <a href=\"https:\/\/www.leblogdescoutheillas.com\/?p=53571\" class=\"more-link\">Continuer la lecture de <span class=\"screen-reader-text\">Imagine<\/span> <span class=\"meta-nav\">&rarr;<\/span><\/a><\/p>\n","protected":false},"author":1,"featured_media":0,"comment_status":"open","ping_status":"open","sticky":false,"template":"","format":"standard","meta":{"_mo_disable_npp":"","jetpack_post_was_ever_published":false,"_jetpack_newsletter_access":"","_jetpack_dont_email_post_to_subs":false,"_jetpack_newsletter_tier_id":0,"_jetpack_memberships_contains_paywalled_content":false,"_jetpack_memberships_contains_paid_content":false,"footnotes":"","jetpack_publicize_message":"","jetpack_publicize_feature_enabled":true,"jetpack_social_post_already_shared":true,"jetpack_social_options":{"image_generator_settings":{"template":"highway","default_image_id":0,"font":"","enabled":false},"version":2}},"categories":[94],"tags":[1863],"class_list":["post-53571","post","type-post","status-publish","format-standard","hentry","category-critiques","tag-rediffusion"],"jetpack_publicize_connections":[],"jetpack_featured_media_url":"","jetpack_sharing_enabled":true,"_links":{"self":[{"href":"https:\/\/www.leblogdescoutheillas.com\/index.php?rest_route=\/wp\/v2\/posts\/53571","targetHints":{"allow":["GET"]}}],"collection":[{"href":"https:\/\/www.leblogdescoutheillas.com\/index.php?rest_route=\/wp\/v2\/posts"}],"about":[{"href":"https:\/\/www.leblogdescoutheillas.com\/index.php?rest_route=\/wp\/v2\/types\/post"}],"author":[{"embeddable":true,"href":"https:\/\/www.leblogdescoutheillas.com\/index.php?rest_route=\/wp\/v2\/users\/1"}],"replies":[{"embeddable":true,"href":"https:\/\/www.leblogdescoutheillas.com\/index.php?rest_route=%2Fwp%2Fv2%2Fcomments&post=53571"}],"version-history":[{"count":0,"href":"https:\/\/www.leblogdescoutheillas.com\/index.php?rest_route=\/wp\/v2\/posts\/53571\/revisions"}],"wp:attachment":[{"href":"https:\/\/www.leblogdescoutheillas.com\/index.php?rest_route=%2Fwp%2Fv2%2Fmedia&parent=53571"}],"wp:term":[{"taxonomy":"category","embeddable":true,"href":"https:\/\/www.leblogdescoutheillas.com\/index.php?rest_route=%2Fwp%2Fv2%2Fcategories&post=53571"},{"taxonomy":"post_tag","embeddable":true,"href":"https:\/\/www.leblogdescoutheillas.com\/index.php?rest_route=%2Fwp%2Fv2%2Ftags&post=53571"}],"curies":[{"name":"wp","href":"https:\/\/api.w.org\/{rel}","templated":true}]}}