{"id":53508,"date":"2025-07-24T07:47:24","date_gmt":"2025-07-24T05:47:24","guid":{"rendered":"https:\/\/www.leblogdescoutheillas.com\/?p=53508"},"modified":"2025-07-26T07:59:19","modified_gmt":"2025-07-26T05:59:19","slug":"conrad-et-le-mot-juste","status":"publish","type":"post","link":"https:\/\/www.leblogdescoutheillas.com\/?p=53508","title":{"rendered":"Conrad et le mot juste"},"content":{"rendered":"<blockquote>\n<p style=\"text-align: center;\"><strong>C\u2019est le programme minimum de l&rsquo;\u00e9t\u00e9. <\/strong><\/p>\n<p style=\"text-align: center;\"><strong>Alors, on rediffuse :\u00a0<\/strong><\/p>\n<\/blockquote>\n<p style=\"text-align: justify;\"><b>\u00ab\u00a0<\/b><b><i>Voyez le pouvoir d&rsquo;un mot! Celui qui veut convaincre ne devrait pas mettre sa confiance dans l&rsquo;argument valable mais dans le mot juste, le pouvoir du SON a toujours \u00e9t\u00e9 plus grand que celui du sens. Cela n&rsquo;est pas p\u00e9joratif dans mon esprit. Il est pr\u00e9f\u00e9rable que l&rsquo;humanit\u00e9 soit plus impressionnable que r\u00e9fl\u00e9chie. Rien d&rsquo;humainement grand &#8211; j&rsquo;entends par l\u00e0 affectant toute une foule d&rsquo;existences- n&rsquo;a \u00e9t\u00e9 le fruit de la r\u00e9flexion. En revanche, on ne peut manquer de constater le pouvoir de simples mots; des mots tels que Gloire, par exemple, ou Piti\u00e9. Je n&rsquo;en citerai pas d&rsquo;autres. Il ne serait pas difficile d&rsquo;en trouver. Clam\u00e9s avec pers\u00e9v\u00e9rance, avec ardeur, avec conviction, ces deux-l\u00e0, par leur seule sonorit\u00e9, ont \u00e9branl\u00e9 des nations enti\u00e8res et labour\u00e9 le sol sec et dur sur lequel repose tout notre ordre social. Il y a aussi le mot Vertu, si vous voulez!&#8230;<\/i><\/b><br \/>\n<b><i>Bien s\u00fbr, il faut veiller \u00e0 l&rsquo;intonation. L&rsquo;intonation juste. C&rsquo;est tr\u00e8s important. Le poumon puissant, les cordes vocales tonnantes ou tendres. Ne venez pas me parler de votre principe d&rsquo;Archim\u00e8de. C&rsquo;\u00e9tait un \u00eatre sans esprit, \u00e0 l&rsquo;imagination math\u00e9matique. Les math\u00e9matiques ont tout mon respect, mais je n&rsquo;ai nul besoin des machines. Donnez-moi le mot juste, et je soul\u00e8verai des montagnes<\/i><\/b><b>.<\/b><b>\u00ab\u00a0<\/b><b><\/b><br \/>\n<i>Joseph Conrad. Souvenirs personnels.1912<\/i><!--more--><\/p>\n<p style=\"text-align: justify;\">La plupart des hommes politiques pourraient, dans un \u00e9lan improbable de sinc\u00e9rit\u00e9, signer ce petit texte de Joseph Conrad (1857-1924). Avec une nuance importante cependant: \u00e0 la diff\u00e9rence de Joseph, dont l&rsquo;humour, et donc la distance, transparaissent au second paragraphe, c&rsquo;est au premier degr\u00e9 que les hommes politiques adh\u00e9reraient \u00e0 cette d\u00e9claration.<br \/>\nQuand il faut choisir entre le raisonnement et le mot, entre la logique et le slogan, entre la d\u00e9monstration et l&rsquo;incantation, le choix, quand il est collectif, se porte toujours sur le mot, le slogan, l&rsquo;incantation. C&rsquo;est ce que l&rsquo;histoire r\u00e9cente (j&rsquo;ai toujours \u00e9t\u00e9 nul en histoire, aussi je ne remonterai pas plus haut qu&rsquo;une centaine d&rsquo;ann\u00e9es et ferai confiance \u00e0 Joseph pour les ann\u00e9es qui pr\u00e9c\u00e8dent) nous a montr\u00e9 \u00e0 d&rsquo;innombrables reprises. C&rsquo;est ce que l&rsquo;histoire tr\u00e8s r\u00e9cente nous prouve encore tous les jours.<br \/>\nCocteau n&rsquo;avait rien compris, qui disait: \u00ab\u00a0<b><i>entre deux mots, choisis le moindre<\/i><\/b>\u00ab\u00a0. Lorsque nous sommes en nombre, entre deux mots, nous choisissons toujours le plus gros, le plus beau, le plus rutilant.<br \/>\nEt comme disait tonton Georges:<i><\/i><br \/>\n<b><i>\u00ab\u00a0<\/i><\/b><b><i>Le pluriel ne vaut rien \u00e0 l&rsquo;homme et sit\u00f4t qu&rsquo;on<\/i><\/b><br \/>\n<b><i>\u00a0 Est plus de quatre on est une bande de cons.<\/i><\/b><br \/>\n<b><i>\u00a0 Bande \u00e0 part, sacrebleu! C\u2019est ma r\u00e8gle et j&rsquo;y tiens.<\/i><\/b><b><i>\u00a0\u00bb\u00a0<\/i><\/b><\/p>\n","protected":false},"excerpt":{"rendered":"<p>C\u2019est le programme minimum de l&rsquo;\u00e9t\u00e9. Alors, on rediffuse :\u00a0 \u00ab\u00a0Voyez le pouvoir d&rsquo;un mot! Celui qui veut convaincre ne devrait pas mettre sa confiance dans l&rsquo;argument valable mais dans le mot juste, le pouvoir du SON a toujours \u00e9t\u00e9 plus grand que celui du sens. Cela n&rsquo;est pas p\u00e9joratif dans mon esprit. Il est &hellip; <a href=\"https:\/\/www.leblogdescoutheillas.com\/?p=53508\" class=\"more-link\">Continuer la lecture de <span class=\"screen-reader-text\">Conrad et le mot juste<\/span> <span class=\"meta-nav\">&rarr;<\/span><\/a><\/p>\n","protected":false},"author":1,"featured_media":0,"comment_status":"open","ping_status":"open","sticky":false,"template":"","format":"standard","meta":{"_mo_disable_npp":"","jetpack_post_was_ever_published":false,"_jetpack_newsletter_access":"","_jetpack_dont_email_post_to_subs":false,"_jetpack_newsletter_tier_id":0,"_jetpack_memberships_contains_paywalled_content":false,"_jetpack_memberships_contains_paid_content":false,"footnotes":"","jetpack_publicize_message":"","jetpack_publicize_feature_enabled":true,"jetpack_social_post_already_shared":true,"jetpack_social_options":{"image_generator_settings":{"template":"highway","default_image_id":0,"font":"","enabled":false},"version":2}},"categories":[94],"tags":[1863],"class_list":["post-53508","post","type-post","status-publish","format-standard","hentry","category-critiques","tag-rediffusion"],"jetpack_publicize_connections":[],"jetpack_featured_media_url":"","jetpack_sharing_enabled":true,"_links":{"self":[{"href":"https:\/\/www.leblogdescoutheillas.com\/index.php?rest_route=\/wp\/v2\/posts\/53508","targetHints":{"allow":["GET"]}}],"collection":[{"href":"https:\/\/www.leblogdescoutheillas.com\/index.php?rest_route=\/wp\/v2\/posts"}],"about":[{"href":"https:\/\/www.leblogdescoutheillas.com\/index.php?rest_route=\/wp\/v2\/types\/post"}],"author":[{"embeddable":true,"href":"https:\/\/www.leblogdescoutheillas.com\/index.php?rest_route=\/wp\/v2\/users\/1"}],"replies":[{"embeddable":true,"href":"https:\/\/www.leblogdescoutheillas.com\/index.php?rest_route=%2Fwp%2Fv2%2Fcomments&post=53508"}],"version-history":[{"count":0,"href":"https:\/\/www.leblogdescoutheillas.com\/index.php?rest_route=\/wp\/v2\/posts\/53508\/revisions"}],"wp:attachment":[{"href":"https:\/\/www.leblogdescoutheillas.com\/index.php?rest_route=%2Fwp%2Fv2%2Fmedia&parent=53508"}],"wp:term":[{"taxonomy":"category","embeddable":true,"href":"https:\/\/www.leblogdescoutheillas.com\/index.php?rest_route=%2Fwp%2Fv2%2Fcategories&post=53508"},{"taxonomy":"post_tag","embeddable":true,"href":"https:\/\/www.leblogdescoutheillas.com\/index.php?rest_route=%2Fwp%2Fv2%2Ftags&post=53508"}],"curies":[{"name":"wp","href":"https:\/\/api.w.org\/{rel}","templated":true}]}}