{"id":52916,"date":"2025-04-16T07:47:04","date_gmt":"2025-04-16T05:47:04","guid":{"rendered":"https:\/\/www.leblogdescoutheillas.com\/?p=52916"},"modified":"2025-04-18T07:48:41","modified_gmt":"2025-04-18T05:48:41","slug":"52916","status":"publish","type":"post","link":"https:\/\/www.leblogdescoutheillas.com\/?p=52916","title":{"rendered":"Breaking news"},"content":{"rendered":"<p style=\"text-align: justify;\"><span style=\"color: #0000ff;\"><em>Il y a dans la Recherche du Temps Perdu un personnage, Monsieur de Norpois, qui sait tout, selon lui, des usages et du parler diplomatiques. Pour lui, la diplomatie consiste essentiellement \u00e0 \u00ab pr\u00e9parer l\u2019opinion \u00bb, et c\u2019est ainsi que :<\/em><\/span><\/p>\n<p style=\"text-align: justify;\">\u00ab (\u2026), \u00e0 la veille de la d\u00e9claration de guerre, en 1870, quand la mobilisation \u00e9tait presque achev\u00e9e, M. de Norpois (restant dans l\u2019ombre naturellement) avait cru devoir envoyer \u00e0 ce journal fameux, l\u2019\u00e9ditorial suivant :<br \/>\n\u00ab L\u2019opinion semble pr\u00e9valoir dans les cercles autoris\u00e9s que, depuis hier, dans le milieu de l\u2019apr\u00e8s-midi, la situation, sans avoir, bien entendu, un caract\u00e8re alarmant, pourrait \u00eatre envisag\u00e9e comme s\u00e9rieuse et m\u00eame, par certains c\u00f4t\u00e9s, comme susceptible d\u2019\u00eatre consid\u00e9r\u00e9e comme critique. M. le marquis de Norpois aurait eu plusieurs entretiens avec le ministre de Prusse afin d\u2019examiner dans un esprit de fermet\u00e9 et de conciliation, et d\u2019une fa\u00e7on tout \u00e0 fait concr\u00e8te, les diff\u00e9rents motifs de friction existants, si l\u2019on peut parler ainsi. La nouvelle n\u2019a malheureusement pas<!--more--> \u00e9t\u00e9 re\u00e7ue par nous, \u00e0 l\u2019heure o\u00f9 nous mettons sous presse, que Leurs Excellences aient pu se mettre d\u2019accord sur une formule pouvant servir de base \u00e0 un instrument diplomatique. \u00bb \u00bb<br \/>\n\u00ab Derni\u00e8re heure : \u00ab On a appris avec satisfaction dans les cercles bien inform\u00e9s, qu\u2019une l\u00e9g\u00e8re d\u00e9tente semble s\u2019\u00eatre produite dans les rapports franco-prussiens. On attacherait une importance toute particuli\u00e8re au fait que M. de Norpois aurait rencontr\u00e9 \u00ab unter den Linden \u00bb le ministre d\u2019Angleterre, avec qui il s\u2019est entretenu une vingtaine de minutes. Cette nouvelle est consid\u00e9r\u00e9e comme satisfaisante. \u00bb \u00bb<\/p>\n<p style=\"text-align: justify;\"><span style=\"color: #0000ff;\"><em>Marcel Proust &#8211; Albertine disparue<\/em><\/span><\/p>\n<p>&nbsp;<\/p>\n","protected":false},"excerpt":{"rendered":"<p>Il y a dans la Recherche du Temps Perdu un personnage, Monsieur de Norpois, qui sait tout, selon lui, des usages et du parler diplomatiques. Pour lui, la diplomatie consiste essentiellement \u00e0 \u00ab pr\u00e9parer l\u2019opinion \u00bb, et c\u2019est ainsi que : \u00ab (\u2026), \u00e0 la veille de la d\u00e9claration de guerre, en 1870, quand la &hellip; <a href=\"https:\/\/www.leblogdescoutheillas.com\/?p=52916\" class=\"more-link\">Continuer la lecture de <span class=\"screen-reader-text\">Breaking news<\/span> <span class=\"meta-nav\">&rarr;<\/span><\/a><\/p>\n","protected":false},"author":1,"featured_media":0,"comment_status":"open","ping_status":"open","sticky":false,"template":"","format":"standard","meta":{"_mo_disable_npp":"","jetpack_post_was_ever_published":false,"_jetpack_newsletter_access":"","_jetpack_dont_email_post_to_subs":false,"_jetpack_newsletter_tier_id":0,"_jetpack_memberships_contains_paywalled_content":false,"_jetpack_memberships_contains_paid_content":false,"footnotes":"","jetpack_publicize_message":"","jetpack_publicize_feature_enabled":true,"jetpack_social_post_already_shared":true,"jetpack_social_options":{"image_generator_settings":{"template":"highway","default_image_id":0,"font":"","enabled":false},"version":2}},"categories":[4],"tags":[111,1863],"class_list":["post-52916","post","type-post","status-publish","format-standard","hentry","category-citations","tag-proust","tag-rediffusion"],"jetpack_publicize_connections":[],"jetpack_featured_media_url":"","jetpack_sharing_enabled":true,"_links":{"self":[{"href":"https:\/\/www.leblogdescoutheillas.com\/index.php?rest_route=\/wp\/v2\/posts\/52916","targetHints":{"allow":["GET"]}}],"collection":[{"href":"https:\/\/www.leblogdescoutheillas.com\/index.php?rest_route=\/wp\/v2\/posts"}],"about":[{"href":"https:\/\/www.leblogdescoutheillas.com\/index.php?rest_route=\/wp\/v2\/types\/post"}],"author":[{"embeddable":true,"href":"https:\/\/www.leblogdescoutheillas.com\/index.php?rest_route=\/wp\/v2\/users\/1"}],"replies":[{"embeddable":true,"href":"https:\/\/www.leblogdescoutheillas.com\/index.php?rest_route=%2Fwp%2Fv2%2Fcomments&post=52916"}],"version-history":[{"count":0,"href":"https:\/\/www.leblogdescoutheillas.com\/index.php?rest_route=\/wp\/v2\/posts\/52916\/revisions"}],"wp:attachment":[{"href":"https:\/\/www.leblogdescoutheillas.com\/index.php?rest_route=%2Fwp%2Fv2%2Fmedia&parent=52916"}],"wp:term":[{"taxonomy":"category","embeddable":true,"href":"https:\/\/www.leblogdescoutheillas.com\/index.php?rest_route=%2Fwp%2Fv2%2Fcategories&post=52916"},{"taxonomy":"post_tag","embeddable":true,"href":"https:\/\/www.leblogdescoutheillas.com\/index.php?rest_route=%2Fwp%2Fv2%2Ftags&post=52916"}],"curies":[{"name":"wp","href":"https:\/\/api.w.org\/{rel}","templated":true}]}}