{"id":52883,"date":"2025-05-14T07:47:33","date_gmt":"2025-05-14T05:47:33","guid":{"rendered":"https:\/\/www.leblogdescoutheillas.com\/?p=52883"},"modified":"2025-05-15T05:56:26","modified_gmt":"2025-05-15T03:56:26","slug":"il-ne-faut-jamais-dire-fontaine","status":"publish","type":"post","link":"https:\/\/www.leblogdescoutheillas.com\/?p=52883","title":{"rendered":"Ne jamais dire \u00ab\u00a0fontaine&#8230;\u00a0\u00bb"},"content":{"rendered":"<p style=\"text-align: justify;\"><em><strong><span style=\"color: #0000ff;\">Je ne vais plus au Champs Elys\u00e9es depuis longtemps&#8230; depuis que Les Champs et, il faut bien le dire, la majeure partie de Paris se sont transform\u00e9s, par l&rsquo;effet des bienheureuses mesures de notre Maire Annie Dingo, en un gigantesque mall commercial au seul usage des touristes, depuis que des hordes titubantes de fatigue et surcharg\u00e9es de sacs en papier glac\u00e9 de magasins de luxe accroch\u00e9s par grappes au bout de leurs doigts arthritiques viennent en foule l\u00e9cher les vitrines de LVMH et les glaces de Bertillon, depuis que des files indiennes, chinoises et argentines s&rsquo;allongent et se prosternent chaque matin devant les dieux Vuitton, Ladur\u00e9e et Bouillon Chartier, je n&rsquo;y vais plus&#8230; sauf par erreur ; et c&rsquo;est ce qui s&rsquo;est produit l&rsquo;autre jour, o\u00f9 je suis sorti \u00e0 l&rsquo;air libre par erreur et sans r\u00e9fl\u00e9chir de la station Franklin-Roosevelt, autrefois et selon Pierre Dac station de l&rsquo;\u00e9lite, et o\u00f9 j&rsquo;ai vu, \u00f4 horreur, quelque chose que je croyais avoir oubli\u00e9 depuis longtemps : les six fontaines du Rond-Point !<\/span><\/strong><\/em><\/p>\n<p style=\"text-align: justify;\"><em><strong><span style=\"color: #0000ff;\">Voici ce que j&rsquo;\u00e9crivais \u00e0 leur propos le 9 avril 2019, il y a presque exactement six ans :<\/span><\/strong><\/em><!--more--><\/p>\n<p style=\"padding-left: 40px; text-align: justify;\">(\u2026) Nul doute qu&rsquo;il ne s&rsquo;agisse de fontaines d\u00e9montables. C&rsquo;est s\u00fbr, elles sont l\u00e0 provisoirement en attendant la mise en place apr\u00e8s r\u00e9novation des anciennes fontaines qui ornaient les six bassins du Rond-Point des Champs Elys\u00e9es avant qu&rsquo;elles ne soient bousill\u00e9es par les supporters de l&rsquo;\u00e9quipe de France de football un soir de victoire.<\/p>\n<p style=\"padding-left: 40px;\"><img loading=\"lazy\" decoding=\"async\" class=\"size-large wp-image-17388 alignnone\" src=\"http:\/\/www.leblogdescoutheillas.com\/wp-content\/uploads\/2019\/04\/IMG_7094-796x960.jpeg\" alt=\"\" width=\"604\" height=\"728\" srcset=\"https:\/\/www.leblogdescoutheillas.com\/wp-content\/uploads\/2019\/04\/IMG_7094-796x960.jpeg 796w, https:\/\/www.leblogdescoutheillas.com\/wp-content\/uploads\/2019\/04\/IMG_7094-249x300.jpeg 249w, https:\/\/www.leblogdescoutheillas.com\/wp-content\/uploads\/2019\/04\/IMG_7094-768x926.jpeg 768w, https:\/\/www.leblogdescoutheillas.com\/wp-content\/uploads\/2019\/04\/IMG_7094.jpeg 2032w\" sizes=\"auto, (max-width: 604px) 100vw, 604px\" \/><\/p>\n<p style=\"text-align: justify;\">\u00c0 coup s\u00fbr,\u00a0 cette remise en place, qui devait avoir lieu avant la fin de l&rsquo;ann\u00e9e derni\u00e8re, a \u00e9t\u00e9 retard\u00e9e du fait des r\u00e9unions hebdomadaires de l&rsquo;Amicale des Ronds-Points Occup\u00e9s (A.R.P.O.) On comprend que, afin de ne pas d\u00e9cevoir le touriste exigeant, on ait lanc\u00e9 courant novembre et de toute urgence un appel d&rsquo;offres pour la r\u00e9alisation en six exemplaires, plus un exemplaire de rechange, d&rsquo;une structure l\u00e9g\u00e8re et d\u00e9montable destin\u00e9e \u00e0 combler le vide laiss\u00e9 par le retard des six fontaines habituelles. C&rsquo;est le consortium form\u00e9 des soci\u00e9t\u00e9s Entrepose, sp\u00e9cialiste des \u00e9chafaudages en tous genres, et Technip, sp\u00e9cialiste des tuyauteries industrielles, qui a remport\u00e9 le march\u00e9. Le mod\u00e8le pr\u00e9sent\u00e9 a enthousiasm\u00e9 les Services Techniques de la Ville de Paris pour sa facilit\u00e9 de d\u00e9montage chaque samedi matin et de remontage chaque dimanche matin. De son c\u00f4t\u00e9, le Conseiller Culturel de la Mairie a rendu hommage \u00e0 l&rsquo;audace du concepteur de l&rsquo;\u0153uvre en lui d\u00e9cernant un Hidalgo d&rsquo;Or. Une ombre a \u00e9t\u00e9 apport\u00e9e \u00e0 ce tableau en m\u00eame temps qu&rsquo;une fausse note \u00e0 ce concert quand le PDG d&rsquo;Entrepose, \u00e0 qui Anne remettait le troph\u00e9e \u00e0 son effigie, a d\u00e9clar\u00e9 que c&rsquo;\u00e9tait son petit fils de 9 ans qui avait fait le dessin de la chose en quelques minutes, mais qu&rsquo;il trouvait \u00e7a moche quand m\u00eame.<\/p>\n<p style=\"text-align: justify;\">Sur la photographie qui illustre cet article, on remarquera plus particuli\u00e8rement la l\u00e9g\u00e8ret\u00e9 arachn\u00e9enne de cette structure, cons\u00e9quence heureuse de sa <em>d\u00e9montabilit\u00e9<\/em>, comme l&rsquo;a dit notre Maire \u00e0 tous, et, comme l&rsquo;a dit un plouc qui passait par l\u00e0, <em>sa ressemblance frappante avec trois tuyaux flexibles sans pomme de douche pendouillant lamentablement au-dessus du bac \u00e0 douche<\/em>. Ce que la photo ne peut malheureusement pas montrer, c&rsquo;est que l&rsquo;ensemble tourne lentement autour de son axe vertical. C&rsquo;est du plus bel effet.<\/p>\n<p style=\"text-align: justify;\"><strong><em>Mais assez plaisant\u00e9, car la r\u00e9alit\u00e9 est la suivante :<\/em><\/strong><\/p>\n<p style=\"text-align: justify;\"><em>Ces fontaines ont \u00e9t\u00e9 con\u00e7ues par Erwan et Ronan Bouroullec, deux designers en vogue qui se bornaient jusque l\u00e0 \u00e0 dessiner des meubles, des vases et des lampes de chevet, et approuv\u00e9es sp\u00e9cifiquement par Anne Hidalgo. <\/em><\/p>\n<p style=\"text-align: justify;\"><em>De la mani\u00e8re p\u00e9remptoire qui sied \u00e0 tout artiste \u00e0 succ\u00e8s, les Bouroullec ont d\u00e9clar\u00e9 : \u00ab\u00a0<span style=\"color: #0000ff;\">Ce projet est un iceberg !<\/span>\u00a0\u00bb (Personnellement, je ne vois pas ce qu&rsquo;ils ont voulu dire par l\u00e0, la ressemblance n&rsquo;\u00e9tant pas frappante. On peut en tout cas esp\u00e9rer que ledit iceberg ne coulera pas la caravelle qui repr\u00e9sente traditionnellement Paris.) Les m\u00eames ont ajout\u00e9 : \u00ab\u00a0<span style=\"color: #0000ff;\">Les fontaines sont associ\u00e9es aux moments de joie. Nous avons voulu produire du merveilleux subtil, pas grossier, sans recherche de spectaculaire. Ces six pi\u00e8ces tournent en chor\u00e9graphie sur un rond-point o\u00f9 tournent les voitures.<\/span> \u00a0\u00bb Si \u00e7a, ce n&rsquo;est pas de la rationalisation du n&rsquo;importe quoi dans l&rsquo;approximatif, alors je jure de ne plus jamais boire d&rsquo;eau d&rsquo;aucune fontaine, serment qui de toute fa\u00e7on ne sera pas difficile \u00e0 tenir. <\/em><\/p>\n<p style=\"text-align: justify;\"><em>Dire que ces fontaines sont hideuses serait inadapt\u00e9. Le hideux parfois devient grandiose quand il est plac\u00e9 dans un certain cadre. Regardez le Sacr\u00e9-C\u0153ur, ce comble du mauvais go\u00fbt, et voyez comme il est beau parfois en haut de sa colline. Faites-en de m\u00eame avec l&rsquo;Arc de Triomphe et ce sera pareil. Les fontaines des fr\u00e8res Bouroullec eussent-elles \u00e9t\u00e9 hideuses qu&rsquo;un espoir nous \u00e9tait laiss\u00e9 qu&rsquo;un jour, devenues in\u00e9vitables, elles s&rsquo;imposent en prenant un peu de majest\u00e9. Mais non, ces fontaines ne le sont pas, elles n&rsquo;occupent pas l&rsquo;espace, elles n&rsquo;accrochent pas le regard, elles n&rsquo;existent pas, elles ne sont pas. <\/em><em>De leur gr\u00eale structure \u00e9mane un sentiment de fragilit\u00e9 qui met l&rsquo;oeil mal \u00e0 l&rsquo;aise dans cet environnement d&rsquo;h\u00f4tels particuliers somptueux, d&rsquo;immeubles massifs et d&rsquo;arbres centenaires (les grands arbres sont toujours centenaires). Leur maigreur maladive les emp\u00eache d&rsquo;encadrer les diverses avenues qui confluent vers le Rond-Point. D\u00e9j\u00e0 laides sous le soleil quand, comme lorsque je les ai vues, elles sont en eau, on imagine le triste et flasque spectacle qu&rsquo;elles donneront lorsque, leurs robinets ferm\u00e9s pour la saison, elles apparaitront sous un ciel de novembre.<\/em><\/p>\n<p style=\"text-align: justify;\"><em>Reprocher \u00e0 ces tourniquets d&rsquo;avoir co\u00fbt\u00e9 un peu plus de 6 millions d&rsquo;euros serait pusillanime et malvenu, d&rsquo;abord parce que les performances de l&rsquo;A.R.P.O. pr\u00e9cit\u00e9e co\u00fbtent dix fois cette somme chaque samedi, ensuite parce qu&rsquo;on affirme que c&rsquo;est le m\u00e9c\u00e9nat qui en a support\u00e9 les frais. Alors, au Quatar, \u00e0 Dassault, \u00e0 Svarovsky, aux Galeries Lafayette, \u00e0 Weston et \u00e0 la Famille Descours, je dis \u00ab\u00a0Merci les gars !\u00a0\u00bb<\/em><\/p>\n<p>P. S. : A quoi bon rappeler que la commande a \u00e9t\u00e9 pass\u00e9e aux fr\u00e8res Boullourec sans appel d\u2019offres ni consultation ?<\/p>\n","protected":false},"excerpt":{"rendered":"<p>Je ne vais plus au Champs Elys\u00e9es depuis longtemps&#8230; depuis que Les Champs et, il faut bien le dire, la majeure partie de Paris se sont transform\u00e9s, par l&rsquo;effet des bienheureuses mesures de notre Maire Annie Dingo, en un gigantesque mall commercial au seul usage des touristes, depuis que des hordes titubantes de fatigue et &hellip; <a href=\"https:\/\/www.leblogdescoutheillas.com\/?p=52883\" class=\"more-link\">Continuer la lecture de <span class=\"screen-reader-text\">Ne jamais dire \u00ab\u00a0fontaine&#8230;\u00a0\u00bb<\/span> <span class=\"meta-nav\">&rarr;<\/span><\/a><\/p>\n","protected":false},"author":1,"featured_media":0,"comment_status":"open","ping_status":"open","sticky":false,"template":"","format":"standard","meta":{"_mo_disable_npp":"","jetpack_post_was_ever_published":false,"_jetpack_newsletter_access":"","_jetpack_dont_email_post_to_subs":false,"_jetpack_newsletter_tier_id":0,"_jetpack_memberships_contains_paywalled_content":false,"_jetpack_memberships_contains_paid_content":false,"footnotes":"","jetpack_publicize_message":"","jetpack_publicize_feature_enabled":true,"jetpack_social_post_already_shared":true,"jetpack_social_options":{"image_generator_settings":{"template":"highway","default_image_id":0,"font":"","enabled":false},"version":2}},"categories":[6],"tags":[1358,21],"class_list":["post-52883","post","type-post","status-publish","format-standard","hentry","category-news","tag-hidalgo","tag-philippe"],"jetpack_publicize_connections":[],"jetpack_featured_media_url":"","jetpack_sharing_enabled":true,"_links":{"self":[{"href":"https:\/\/www.leblogdescoutheillas.com\/index.php?rest_route=\/wp\/v2\/posts\/52883","targetHints":{"allow":["GET"]}}],"collection":[{"href":"https:\/\/www.leblogdescoutheillas.com\/index.php?rest_route=\/wp\/v2\/posts"}],"about":[{"href":"https:\/\/www.leblogdescoutheillas.com\/index.php?rest_route=\/wp\/v2\/types\/post"}],"author":[{"embeddable":true,"href":"https:\/\/www.leblogdescoutheillas.com\/index.php?rest_route=\/wp\/v2\/users\/1"}],"replies":[{"embeddable":true,"href":"https:\/\/www.leblogdescoutheillas.com\/index.php?rest_route=%2Fwp%2Fv2%2Fcomments&post=52883"}],"version-history":[{"count":0,"href":"https:\/\/www.leblogdescoutheillas.com\/index.php?rest_route=\/wp\/v2\/posts\/52883\/revisions"}],"wp:attachment":[{"href":"https:\/\/www.leblogdescoutheillas.com\/index.php?rest_route=%2Fwp%2Fv2%2Fmedia&parent=52883"}],"wp:term":[{"taxonomy":"category","embeddable":true,"href":"https:\/\/www.leblogdescoutheillas.com\/index.php?rest_route=%2Fwp%2Fv2%2Fcategories&post=52883"},{"taxonomy":"post_tag","embeddable":true,"href":"https:\/\/www.leblogdescoutheillas.com\/index.php?rest_route=%2Fwp%2Fv2%2Ftags&post=52883"}],"curies":[{"name":"wp","href":"https:\/\/api.w.org\/{rel}","templated":true}]}}