{"id":52760,"date":"2025-05-01T07:47:27","date_gmt":"2025-05-01T05:47:27","guid":{"rendered":"https:\/\/www.leblogdescoutheillas.com\/?p=52760"},"modified":"2025-05-03T23:08:11","modified_gmt":"2025-05-03T21:08:11","slug":"ricardo-et-la-pasteque-geante-2","status":"publish","type":"post","link":"https:\/\/www.leblogdescoutheillas.com\/?p=52760","title":{"rendered":"Ricardo et la past\u00e8que g\u00e9ante"},"content":{"rendered":"<p><span style=\"color: #0000ff;\"><strong>Pass\u00e9 inaper\u00e7u \u00e0 sa premi\u00e8re diffusion il y a cinq ans, ce texte ne le m\u00e9ritait pas. Peut-\u00eatre&#8230;<\/strong><\/span><\/p>\n<p style=\"text-align: justify;\"><span style=\"color: #0000ff;\"><em><img loading=\"lazy\" decoding=\"async\" class=\"alignleft wp-image-23768\" src=\"http:\/\/www.leblogdescoutheillas.com\/wp-content\/uploads\/2020\/05\/AL017-35-pasteque-300x276.jpeg\" alt=\"\" width=\"196\" height=\"180\" srcset=\"https:\/\/www.leblogdescoutheillas.com\/wp-content\/uploads\/2020\/05\/AL017-35-pasteque-300x276.jpeg 300w, https:\/\/www.leblogdescoutheillas.com\/wp-content\/uploads\/2020\/05\/AL017-35-pasteque.jpeg 416w\" sizes=\"auto, (max-width: 196px) 100vw, 196px\" \/><span style=\"text-decoration: underline;\">Pr\u00e9face de l\u2019auteur<\/span> : <\/em><\/span><span style=\"color: #0000ff;\"><em>J\u2019ai beau me creuser la cervelle, je n\u2019arrive pas \u00e0 me rappeler ce qui a bien pu m\u2019inspirer pour \u00e9crire un truc pareil. <\/em><\/span><br \/>\n<span style=\"color: #0000ff;\"><em>L\u2019absolue n\u00e9cessit\u00e9 de pondre quelque chose pour remplir un trou du planning\u00a0? <\/em><\/span><br \/>\n<span style=\"color: #0000ff;\"><em>Un vague souvenir de mes lectures des \u0153uvres de Frederic Brown\u00a0?<\/em><\/span><br \/>\n<span style=\"color: #0000ff;\"><em>Le temps orageux, l\u2019approche de l\u2019hiver, l\u2019odeur ent\u00eatante de la past\u00e8que le soir au fond des bois\u00a0? <\/em><\/span><br \/>\n<span style=\"color: #0000ff;\"><em>Impossible de m\u2019en souvenir. <\/em><\/span><br \/>\n<span style=\"color: #0000ff;\"><em>Tout ce que je sais, c\u2019est qu\u2019avant d\u2019\u00e9crire la premi\u00e8re ligne, j\u2019avais d\u00e9j\u00e0 trouv\u00e9 le titre : \u00ab\u00a0Ricardo\u00a0\u00bb.<br \/>\nCe n\u2019est qu\u2019apr\u00e8s avoir \u00e9crit le mot FIN que j\u2019ai ajout\u00e9 la past\u00e8que. <\/em><\/span><br \/>\n<span style=\"color: #0000ff;\"><em>Int\u00e9ressant, non\u00a0?\u00a0<\/em><\/span><\/p>\n<h1 style=\"text-align: center;\">*<\/h1>\n<p style=\"text-align: justify;\">C\u2019est en rentrant de l\u2019\u00e9cole \u00e0 travers le d\u00e9sert du Serpente Azul que Ricardo rencontra la cr\u00e9ature. Quatre <em>miles<\/em> et demi de cailloux, de buissons \u00e9pineux, de sable et de cactus, c\u2019est ce que traversait Ricardo tous les matins, tous les soirs, une heure et demie de marche sous le soleil impitoyable de la fin du printemps, dans le vent brulant de l\u2019automne ou dans le froid sec de l\u2019hiver. Et justement, l\u00e0, c\u2019\u00e9tait l\u2019hiver.<\/p>\n<p style=\"text-align: justify;\">Il n\u2019avait pas fait aussi froid depuis 1956, cette fameuse ann\u00e9e o\u00f9 m\u00eame le lac sal\u00e9 de Guatalpa avait gel\u00e9 et o\u00f9 la m\u00e8re de Ricardo avait mis bas une paire de jumeaux pour la troisi\u00e8me fois. Le jeune gar\u00e7on allait franchir l\u2019\u00e9troit canyon que le Rio del Cabo-Cabo avait creus\u00e9 en quelques centaines de mill\u00e9naires et qui marquait le milieu de son parcours, quand il vit \u00e0 une vingtaine de pas sur sa gauche une chose qui reposait <!--more-->sur le lit du Cabo-Cabo, \u00e0 sec comme toujours. \u00c7a ressemblait \u00e0 une grosse past\u00e8que coinc\u00e9e de travers entre les deux rives abruptes de la gorge \u00e9troite. La forme l\u00e9g\u00e8rement oblongue de la chose n\u2019\u00e9tait pas son seul point commun\u00a0 avec la past\u00e8que ; \u00e0 travers la couche de glace qui la recouvrait, sa peau laissait apparaitre les m\u00e9ridiens baveux vert fonc\u00e9 sur vert clair caract\u00e9ristiques du melon d\u2019eau.<\/p>\n<p style=\"text-align: justify;\">Ricardo descendit au fond du canyon et se mit \u00e0 marcher vers la past\u00e8que. Il voulait voir de plus pr\u00e8s de quoi il retournait. Il \u00e9tait \u00e0 moins de dix pas de l\u2019\u00e9trange objet quand une plaque de glace se d\u00e9tacha de sa partie inf\u00e9rieure et tomba \u00e0 terre en se brisant, tandis qu\u2019un morceau d\u2019\u00e9corce rectangulaire \u2014 on aurait vraiment dit de l\u2019\u00e9corce de past\u00e8que,\u00a0 m\u00eame que c&rsquo;\u00e9tait tout rouge du c\u00f4t\u00e9 int\u00e9rieur \u2014 s\u2019abattait brutalement sur le sol comme la trappe d\u2019une boite \u00e0 gant s\u2019abat sur les genoux du passager d\u2019une Opel Vectra, livrant\u00a0 ainsi le passage \u00e0 la d\u00e9gringolade d&rsquo;un petit bonhomme vert qui vint rouler dans la poussi\u00e8re.<\/p>\n<p style=\"text-align: justify;\">\u2014A\u00efe, ouille, a\u00efe ! Ah ben, merde alors ! \u00c7a commence bien, cette conqu\u00eate de l\u2019espace ! dit le petit bonhomme vert en frottant ses trois genoux.<\/p>\n<p style=\"text-align: justify;\">Il ne s\u2019\u00e9tait pas encore aper\u00e7u de la pr\u00e9sence de Ricardo qui s\u2019\u00e9tait fig\u00e9 dans la contemplation de la sc\u00e8ne.<\/p>\n<p style=\"text-align: justify;\">\u2014 Ah ! Au moins, y a quelqu\u2019un, dit encore le bonhomme apr\u00e8s avoir constat\u00e9 la pr\u00e9sence de la cr\u00e9ature indig\u00e8ne qui l\u2019observait. Salut, mon gars ! Alors ? \u00c7a boume ? demanda-t-il poliment.<\/p>\n<p style=\"text-align: justify;\">Ricardo, p\u00e9trifi\u00e9, ne r\u00e9pondait pas.<\/p>\n<p style=\"text-align: justify;\">\u2014 Allo ? Y a quelqu\u2019un l\u00e0-dedans ? Eh ? J&rsquo;te cause, mec !<\/p>\n<p style=\"text-align: justify;\">Depuis sa plus tendre enfance, Ricardo avait toujours \u00e9t\u00e9 un passionn\u00e9 des illustr\u00e9s de science-fiction et la premi\u00e8re r\u00e9flexion de l\u2019habitant de la past\u00e8que lui avait tout de suite fait comprendre qu\u2019il avait affaire \u00e0 un vaisseau spatial habit\u00e9 par un alien. De plus, et de son propre aveu, celui-l\u00e0 \u00e9tait venu pour conqu\u00e9rir la terre, vraisemblablement pour mettre ses habitants en esclavage, ou pire, pour leur sucer le sang. Au cours des longues marches solitaires qui le ramenaient de l\u2019\u00e9cole, Ricardo avait souvent imagin\u00e9 qu\u2019il rencontrait un extra-terrestre tout juste d\u00e9barqu\u00e9 de sa soucoupe et que, par un acte de courage exceptionnel dans un combat sans merci, il terrassait l\u2019envahisseur, sauvant ainsi le Mexique et le reste de la plan\u00e8te d\u2019une destruction totale. Il \u00e9tait port\u00e9 en triomphe jusqu\u2019\u00e0 Mexico City o\u00f9 on le nommait Pr\u00e9sident \u00e0 vie par acclamations. Par ses lectures, Ricardo connaissait toutes les formes possibles de vaisseaux spatiaux, depuis le gigantesque porte-fus\u00e9es intergalactique h\u00e9riss\u00e9 de canons lasers jusqu\u2019\u00e0 la banale petite soucoupe volante (avec sa tasse et sa cuill\u00e8re). Il avait \u00e9galement des notions tr\u00e8s pr\u00e9cises quant aux divers aspects que pouvaient prendre un Alien selon sa plan\u00e8te d\u2019origine : monstre hirsute et bic\u00e9phale, m\u00e9duse \u00e0 exosquelette rutilant ou fourmi de dix-huit m\u00e8tres (avec un chapeau sur la t\u00eate). Mais jamais il n\u2019aurait imagin\u00e9 que l\u2019ennemi du genre humain se pr\u00e9senterait sous la forme d\u2019un petit homme vert \u00e0 trois genoux voyageant dans une past\u00e8que g\u00e9ante et parlant comme son grand fr\u00e8re Arturo.<\/p>\n<p style=\"text-align: justify;\">Le petit bonhomme vert fit pivoter vers Ricardo ses oreilles en forme de girolles du Qu\u00e9bec en clignant de son \u0153il unique, ce qui, chez lui comme chez n&rsquo;importe quel autre martien, d\u00e9notait un \u00e9tonnement sinc\u00e8re m\u00eal\u00e9 d\u2019un soup\u00e7on d\u2019agacement.<\/p>\n<p style=\"text-align: justify;\">\u2014 Toi, pas comprendre ? Toi, pas parler espagnol ?\u00a0 C\u2019est pas ici, le Mexique? Merde alors ! J&rsquo;ai d\u00fb encore me planter dans les calculs. C\u2019est vrai qu\u2019il fait foutrement froid dans ce bled ! Eh ? Oh ? C\u2019est pas le Mexique ici ?<\/p>\n<p style=\"text-align: justify;\">\u2014 Si, c\u2019est le Mexique. C\u2019est mon pays, et je le d\u00e9fendrai jusqu\u2019au bout, r\u00e9pondit Ricardo, fi\u00e8rement.<\/p>\n<p style=\"text-align: justify;\">\u2014 C\u2019est bien, mon gars, c\u2019est bien. Dis-donc, c&rsquo;est peut-\u00eatre bien le Mexique, mais je subodore quand m\u00eame que c\u2019est pas vraiment Mexico-City par ici, non ?\u00a0 J\u2019ai d\u00fb avoir encore un probl\u00e8me avec mon <em>Waze<\/em>. Comme tu me vois l\u00e0, je suis compl\u00e8tement paum\u00e9, mec. Tu pourrais pas me dire par o\u00f9 c\u2019est, Mexico City ? C\u2019est hyper-important que j\u2019y sois avant huit heures. J\u2019ai un rencart tout ce qu&rsquo;il y a de plus s\u00e9rieux. Alors Duchnock, tu me le dis o\u00f9 c\u2019est, Mexico City, ou quoi ?<\/p>\n<p style=\"text-align: justify;\">\u2014 Jamais\u00a0! dit simplement Ricardo.<\/p>\n<p style=\"text-align: justify;\">\u2014 Allez, sois pas vache, putain ! C\u2019est super-important pour moi, poursuivit l\u2019extraterrestre.<\/p>\n<p style=\"text-align: justify;\">\u2014 Jamais je ne trahirai mon pays, jamais, d\u00e9clama bravement Ricardo. Tu peux bien me flasher avec ton rayon de la mort, vil suceur de sang, je ne parlerai pas ! Foi de Mexicain ! Et vive notre Pr\u00e9sident, le G\u00e9n\u00e9ral Alcazar !<\/p>\n<p style=\"text-align: justify;\">Ricardo avait rejet\u00e9 les \u00e9paules en arri\u00e8re et, poitrine, jambe gauche et menton en avant,\u00a0 il crachait ses paroles de d\u00e9fi avec la passion d\u2019un futur h\u00e9ros de la patrie reconnaissante.<\/p>\n<p style=\"text-align: justify;\">Pendant ce temps-l\u00e0, le petit bonhomme vert pensait en lui-m\u00eame et en martien : \u00ab Mais qu\u2019est-ce qu\u2019il raconte, ce type ? Il est barjo ou quoi ? Bon, va falloir que je me d\u00e9brouille tout seul. Je vais passer un coup de biniou l\u00e0-haut. Ils trouveront bien le moyen de me t\u00e9l\u00e9guider sur place \u00bb et il entreprit d\u2019extraire son transmetteur de sa poche revolver. Il aurait pas fallu. Ah, ben non !<\/p>\n<p style=\"text-align: justify;\">Voyant le geste de l&rsquo;envahisseur, Ricardo s&rsquo;\u00e9tait camp\u00e9 fermement sur ses deux jambes bien \u00e9cart\u00e9es. Tout en sifflant un air d\u2019Ennio Morricone, il sortit de sa poche revolver son revolver. Le Martien n\u2019eut pas le temps de dire \u00ab Tiens ? Il est sympa ton biniou. Tu me le pr\u00eates cinq minutes ? J&rsquo;ai pas de r\u00e9seau avec le mien .\u00bb D\u2019ailleurs, il n\u2019eut m\u00eame pas le temps de dire \u00ab Tiens ? Il est sym&#8230;\u00bb que Ricardo lui avait d\u00e9j\u00e0 log\u00e9 trois bastos de 45 dont deux dans le buffet et la troisi\u00e8me dans le genou du milieu. Un beau tir group\u00e9.<\/p>\n<p style=\"text-align: justify;\">La derni\u00e8re parole du Martien fut \u00ab Gasp \u00bb et il expira d\u00e9finitivement. Sit\u00f4t le Martien totalement d\u00e9funt, plusieurs choses se produisirent. Dans l&rsquo;ordre : le cadavre de l\u2019alien disparut dans un nuage de fum\u00e9e verte, parce que c&rsquo;est la couleur atavique du martien, la trappe du vaisseau spatial se referma dans un doux chuintement, parce que c&rsquo;est toujours comme \u00e7a que \u00e7a fait ces trucs l\u00e0, et la past\u00e8que volante s\u2019\u00e9leva vers le ciel dans un nuage de poussi\u00e8re rouge, parce qu\u2019au Mexique, c\u2019est la couleur naturelle de la poussi\u00e8re.<\/p>\n<p style=\"text-align: justify;\">Quand il f\u00fbt rentr\u00e9 chez lui, Ricardo raconta son aventure. Et \u00e7a fit un foin du diable : est-ce qu&rsquo;il savait qu\u2019il n\u2019avait pas le droit d\u2019aller \u00e0 l\u2019\u00e9cole avec son Colt 45 ? Est-ce qu&rsquo;il savait qu&rsquo;il ne fallait pas parler aux inconnus, tout \u00e7a&#8230; Il le savait \u00e7a, quand m\u00eame : pas de Colt 45 \u00e0 l\u2019\u00e9cole ! Combien de fois on le lui avait r\u00e9p\u00e9t\u00e9, le soir, apr\u00e8s la pri\u00e8re ? Comme punition, il serait priv\u00e9 de guacamole et de tequila sunrise pendant toute une semaine. Et pas question non plus de lui remplacer les trois balles manquantes !<\/p>\n<p style=\"text-align: justify;\">Bien s\u00fbr, \u00e0 la maison, personne n\u2019avait cru \u00e0 son histoire de past\u00e8que g\u00e9ante et de N\u2019a-qu\u2019un-\u0153il de l\u2019espace. Et c\u2019est bien dommage parce que, si les parents de Ricardo avaient fait un peu plus confiance \u00e0 leur petit gar\u00e7on, ils auraient pu pr\u00e9venir les autorit\u00e9s. Alors, les autorit\u00e9s auraient su que l\u2019ambassadeur de Mars avait connu un regrettable accident au cours de son voyage vers Mexico-City, que cet accident l\u2019emp\u00eacherait probablement de conclure le trait\u00e9 de non-agression entre la Plan\u00e8te Mars et la Plan\u00e8te Terre qu&rsquo;il devait signer le soir m\u00eame avec le G\u00e9n\u00e9ral Alcazar, lequel repr\u00e9sentait cette ann\u00e9e-l\u00e0 l\u2019ensemble des gouvernements de la Terre. Et les autorit\u00e9s auraient surement fait quelque chose pour arranger le coup. Mais, non.<\/p>\n<p style=\"text-align: justify;\">Et c\u2019est vraiment dommage, parce que \u00e7a aurait \u00e0 coup s\u00fbr \u00e9vit\u00e9 \u00e0 l\u2019Empereur Laizyde de Mars d\u2019envoyer s\u00e9ance tenante vers la Terre et sur l&rsquo;air de la Chevauch\u00e9e des Walkyries une flottille de guerre de 125.000 past\u00e8ques volantes puissamment arm\u00e9es.<\/p>\n<p style=\"text-align: justify;\">Mais, apr\u00e8s tout, peut-\u00eatre pas.<\/p>\n<p><strong>Fin (de tout)\u00a0<\/strong><\/p>\n<p style=\"text-align: justify;\"><span style=\"color: #0000ff;\"><strong><span style=\"text-decoration: underline;\">LE FIGARO<\/span> &#8211; \u00e9dition du 26 Mai 2020<br \/>\nPour la premi\u00e8re fois, le Pentagone a officiellement reconnu avoir film\u00e9 un ph\u00e9nom\u00e8ne non identifi\u00e9. En France, 101 cas inexpliqu\u00e9s ont \u00e9t\u00e9 observ\u00e9s depuis quarante ans.<\/strong><\/span><\/p>\n<p>Vous voyez bien que c&rsquo;est pas des blagues !<\/p>\n<p>&nbsp;<\/p>\n","protected":false},"excerpt":{"rendered":"<p>Pass\u00e9 inaper\u00e7u \u00e0 sa premi\u00e8re diffusion il y a cinq ans, ce texte ne le m\u00e9ritait pas. Peut-\u00eatre&#8230; Pr\u00e9face de l\u2019auteur : J\u2019ai beau me creuser la cervelle, je n\u2019arrive pas \u00e0 me rappeler ce qui a bien pu m\u2019inspirer pour \u00e9crire un truc pareil. L\u2019absolue n\u00e9cessit\u00e9 de pondre quelque chose pour remplir un trou &hellip; <a href=\"https:\/\/www.leblogdescoutheillas.com\/?p=52760\" class=\"more-link\">Continuer la lecture de <span class=\"screen-reader-text\">Ricardo et la past\u00e8que g\u00e9ante<\/span> <span class=\"meta-nav\">&rarr;<\/span><\/a><\/p>\n","protected":false},"author":1,"featured_media":0,"comment_status":"open","ping_status":"open","sticky":false,"template":"","format":"standard","meta":{"_mo_disable_npp":"","jetpack_post_was_ever_published":false,"_jetpack_newsletter_access":"","_jetpack_dont_email_post_to_subs":false,"_jetpack_newsletter_tier_id":0,"_jetpack_memberships_contains_paywalled_content":false,"_jetpack_memberships_contains_paid_content":false,"footnotes":"","jetpack_publicize_message":"","jetpack_publicize_feature_enabled":true,"jetpack_social_post_already_shared":true,"jetpack_social_options":{"image_generator_settings":{"template":"highway","default_image_id":0,"font":"","enabled":false},"version":2}},"categories":[13],"tags":[21,1863],"class_list":["post-52760","post","type-post","status-publish","format-standard","hentry","category-fiction","tag-philippe","tag-rediffusion"],"jetpack_publicize_connections":[],"jetpack_featured_media_url":"","jetpack_sharing_enabled":true,"_links":{"self":[{"href":"https:\/\/www.leblogdescoutheillas.com\/index.php?rest_route=\/wp\/v2\/posts\/52760","targetHints":{"allow":["GET"]}}],"collection":[{"href":"https:\/\/www.leblogdescoutheillas.com\/index.php?rest_route=\/wp\/v2\/posts"}],"about":[{"href":"https:\/\/www.leblogdescoutheillas.com\/index.php?rest_route=\/wp\/v2\/types\/post"}],"author":[{"embeddable":true,"href":"https:\/\/www.leblogdescoutheillas.com\/index.php?rest_route=\/wp\/v2\/users\/1"}],"replies":[{"embeddable":true,"href":"https:\/\/www.leblogdescoutheillas.com\/index.php?rest_route=%2Fwp%2Fv2%2Fcomments&post=52760"}],"version-history":[{"count":0,"href":"https:\/\/www.leblogdescoutheillas.com\/index.php?rest_route=\/wp\/v2\/posts\/52760\/revisions"}],"wp:attachment":[{"href":"https:\/\/www.leblogdescoutheillas.com\/index.php?rest_route=%2Fwp%2Fv2%2Fmedia&parent=52760"}],"wp:term":[{"taxonomy":"category","embeddable":true,"href":"https:\/\/www.leblogdescoutheillas.com\/index.php?rest_route=%2Fwp%2Fv2%2Fcategories&post=52760"},{"taxonomy":"post_tag","embeddable":true,"href":"https:\/\/www.leblogdescoutheillas.com\/index.php?rest_route=%2Fwp%2Fv2%2Ftags&post=52760"}],"curies":[{"name":"wp","href":"https:\/\/api.w.org\/{rel}","templated":true}]}}