{"id":50773,"date":"2024-09-08T07:47:11","date_gmt":"2024-09-08T05:47:11","guid":{"rendered":"https:\/\/www.leblogdescoutheillas.com\/?p=50773"},"modified":"2024-09-08T21:07:26","modified_gmt":"2024-09-08T19:07:26","slug":"verite-et-mensonge","status":"publish","type":"post","link":"https:\/\/www.leblogdescoutheillas.com\/?p=50773","title":{"rendered":"V\u00e9rit\u00e9 et mensonge"},"content":{"rendered":"<p style=\"font-weight: 400; text-align: justify;\"><span style=\"color: #0000ff;\"><em>Morceau choisi <\/em><\/span><\/p>\n<p style=\"font-weight: 400; text-align: justify;\"><span style=\"color: #0000ff;\"><em>J\u2019ai souvent d\u00e9nonc\u00e9 ici m\u00eame l\u2019aujourd\u2019hui sacro-sainte \u00ab\u00a0transparence\u00a0\u00bb, et en particulier dans ma Critique ais\u00e9e n\u00b016. <\/em><\/span><\/p>\n<p style=\"font-weight: 400; text-align: justify;\">\u00a0<a href=\"https:\/\/www.leblogdescoutheillas.com\/?p=889\">https:\/\/www.leblogdescoutheillas.com\/?p=889<\/a><\/p>\n<p style=\"font-weight: 400; text-align: justify;\"><span style=\"color: #0000ff;\"><em>Je ne suis pas certain d\u2019avoir tout compris de ce que dit Cynthia Fleury de Jank\u00e9l\u00e9vitch \u00e0 propos de la v\u00e9rit\u00e9, mais je crois qu\u2019il (ou elle) est plut\u00f4t d\u2019accord. Avec une nuance\u00a0: je dis que \u00ab\u00a0toute v\u00e9rit\u00e9 n\u2019est pas bonne \u00e0 dire \u00e0 tout instant\u00a0\u00bb, il dit que \u00ab\u00a0toute v\u00e9rit\u00e9 est relative \u00e0 un contexte\u00a0\u00bb. Voyez vous-m\u00eame\u00a0:<\/em><\/span><\/p>\n<p style=\"font-weight: 400; text-align: justify;\">Quel est donc le rapport entretenu par Jank\u00e9l\u00e9vitch avec la notion de v\u00e9rit\u00e9\u00a0? D\u2019embl\u00e9e, l\u2019on pensera que l\u2019auteur du <em>Trait\u00e9 des vertus<\/em> est un d\u00e9fenseur acharn\u00e9 de la v\u00e9rit\u00e9, \u00e0 tout prix, qu\u2019il est conscient, quelle forme pour lui un imp\u00e9ratif cat\u00e9gorique ind\u00e9passable. Comment pourrait-il en \u00eatre autrement ? Seulement voil\u00e0, deux grands camps s\u2019affrontent en philosophie, qu\u2019elle soit m\u00e9taphysique ou morale : d\u2019un c\u00f4t\u00e9, ceux qui croient toucher du doigt la v\u00e9rit\u00e9 et, de l\u2019autre, ceux qui sont conscients <!--more-->de ses multiples voiles, qui per\u00e7oivent non la v\u00e9rit\u00e9 mais le <em>je-ne-sais-quoi<\/em> et le <em>presque-rien<\/em>. D\u2019un c\u00f4t\u00e9 encore ceux qui interdisent le mensonge car il est forc\u00e9ment contraire \u00e0 la v\u00e9rit\u00e9, et surtout il est impossible de d\u00e9fendre l\u2019universalit\u00e9 d\u2019une morale si elle d\u00e9fend le mensonge\u2026, et de l\u2019autre\u2026 ceux qui ne s\u00e9parent pas la v\u00e9rit\u00e9 d\u2019une situation, d\u2019un contexte, d\u2019une relation \u00e0, d\u2019une responsabilit\u00e9 ici et maintenant, non qu\u2019ils d\u00e9fendent la relativit\u00e9 de la v\u00e9rit\u00e9, mais plut\u00f4t sa <em>relationnalit\u00e9, <\/em>le fait qu\u2019elle fasse sens, si et seulement si, et d\u00e8s lors l\u2019acte de mentir n\u2019est plus si ais\u00e9 \u00e0 d\u00e9noncer\u00a0: il y a des mensonges qui sauve les \u00eatres et les \u00e2mes.<\/p>\n<p style=\"font-weight: 400; text-align: justify;\"><em>Cynthia Fleury &#8211; Un \u00e9t\u00e9 avec Jank\u00e9l\u00e9vitch<\/em><\/p>\n<p style=\"font-weight: 400; text-align: justify;\">\n","protected":false},"excerpt":{"rendered":"<p>Morceau choisi J\u2019ai souvent d\u00e9nonc\u00e9 ici m\u00eame l\u2019aujourd\u2019hui sacro-sainte \u00ab\u00a0transparence\u00a0\u00bb, et en particulier dans ma Critique ais\u00e9e n\u00b016. \u00a0https:\/\/www.leblogdescoutheillas.com\/?p=889 Je ne suis pas certain d\u2019avoir tout compris de ce que dit Cynthia Fleury de Jank\u00e9l\u00e9vitch \u00e0 propos de la v\u00e9rit\u00e9, mais je crois qu\u2019il (ou elle) est plut\u00f4t d\u2019accord. Avec une nuance\u00a0: je dis que &hellip; <a href=\"https:\/\/www.leblogdescoutheillas.com\/?p=50773\" class=\"more-link\">Continuer la lecture de <span class=\"screen-reader-text\">V\u00e9rit\u00e9 et mensonge<\/span> <span class=\"meta-nav\">&rarr;<\/span><\/a><\/p>\n","protected":false},"author":1,"featured_media":0,"comment_status":"open","ping_status":"open","sticky":false,"template":"","format":"standard","meta":{"_mo_disable_npp":"","jetpack_post_was_ever_published":false,"_jetpack_newsletter_access":"","_jetpack_dont_email_post_to_subs":false,"_jetpack_newsletter_tier_id":0,"_jetpack_memberships_contains_paywalled_content":false,"_jetpack_memberships_contains_paid_content":false,"footnotes":"","jetpack_publicize_message":"","jetpack_publicize_feature_enabled":true,"jetpack_social_post_already_shared":true,"jetpack_social_options":{"image_generator_settings":{"template":"highway","default_image_id":0,"font":"","enabled":false},"version":2}},"categories":[4],"tags":[908],"class_list":["post-50773","post","type-post","status-publish","format-standard","hentry","category-citations","tag-jankelevitch"],"jetpack_publicize_connections":[],"jetpack_featured_media_url":"","jetpack_sharing_enabled":true,"_links":{"self":[{"href":"https:\/\/www.leblogdescoutheillas.com\/index.php?rest_route=\/wp\/v2\/posts\/50773","targetHints":{"allow":["GET"]}}],"collection":[{"href":"https:\/\/www.leblogdescoutheillas.com\/index.php?rest_route=\/wp\/v2\/posts"}],"about":[{"href":"https:\/\/www.leblogdescoutheillas.com\/index.php?rest_route=\/wp\/v2\/types\/post"}],"author":[{"embeddable":true,"href":"https:\/\/www.leblogdescoutheillas.com\/index.php?rest_route=\/wp\/v2\/users\/1"}],"replies":[{"embeddable":true,"href":"https:\/\/www.leblogdescoutheillas.com\/index.php?rest_route=%2Fwp%2Fv2%2Fcomments&post=50773"}],"version-history":[{"count":0,"href":"https:\/\/www.leblogdescoutheillas.com\/index.php?rest_route=\/wp\/v2\/posts\/50773\/revisions"}],"wp:attachment":[{"href":"https:\/\/www.leblogdescoutheillas.com\/index.php?rest_route=%2Fwp%2Fv2%2Fmedia&parent=50773"}],"wp:term":[{"taxonomy":"category","embeddable":true,"href":"https:\/\/www.leblogdescoutheillas.com\/index.php?rest_route=%2Fwp%2Fv2%2Fcategories&post=50773"},{"taxonomy":"post_tag","embeddable":true,"href":"https:\/\/www.leblogdescoutheillas.com\/index.php?rest_route=%2Fwp%2Fv2%2Ftags&post=50773"}],"curies":[{"name":"wp","href":"https:\/\/api.w.org\/{rel}","templated":true}]}}