{"id":50317,"date":"2024-11-02T07:47:21","date_gmt":"2024-11-02T06:47:21","guid":{"rendered":"https:\/\/www.leblogdescoutheillas.com\/?p=50317"},"modified":"2024-11-04T09:13:41","modified_gmt":"2024-11-04T08:13:41","slug":"monsieur-minette-extrait","status":"publish","type":"post","link":"https:\/\/www.leblogdescoutheillas.com\/?p=50317","title":{"rendered":"MONSIEUR MINETTE (Extrait)"},"content":{"rendered":"<p style=\"font-weight: 400; text-align: justify;\">(&#8230;) Par un matin de printemps, je me promenais sur un chemin qui longeait une p\u00e2ture. C\u2019\u00e9tait avec Ena, ou peut-\u00eatre avec Sari, la chienne qui a succ\u00e9d\u00e9 \u00e0 Ena, je ne sais plus. Ce que je me rappelle c\u2019est que les herbes \u00e9taient hautes et les veaux dans les pr\u00e9s. Les ayant aper\u00e7us longtemps \u00e0 l\u2019avance, j\u2019avais mis Ena, ou peut-\u00eatre Sari, en laisse, car ni l\u2019une ni l\u2019autre n\u2019aimait ces grosses bestioles. Les veaux \u00e9taient une dizaine et au lieu d\u2019\u00eatre en ordre dispers\u00e9 et de me regarder avec fixit\u00e9 comme ils le font d\u2019ordinaire quand n\u2019importe quoi approche, un homme, un chien, un tracteur ou un train, ils \u00e9taient assembl\u00e9s en un cercle parfait. La t\u00eate tourn\u00e9e vers l\u2019int\u00e9rieur du cercle, ils semblaient contempler quelque chose que leurs corps me cachaient. J\u2019approchai aussi pr\u00e8s que me le permettait la cl\u00f4ture de barbel\u00e9s. Les veaux ne bronchaient pas. Je les apostrophai gaiment car, par les belles matin\u00e9es de printemps, il m\u2019arrive d\u2019\u00eatre de bonne humeur : \u00ab Alors, les veaux ! On ne dit plus bonjour ? \u00bb C\u2019est alors que j\u2019entendis, venant du centre du cercle<!--more--> : \u00ab Bonjour, Monsieur Coutheillas&#8230; \u00bb<\/p>\n<p style=\"font-weight: 400; text-align: justify;\">Par-dessus les cornes des bestiaux rassembl\u00e9s, je voyais \u00e9merger la t\u00eate puis le haut du corps de Monsieur Minette qui se redressait en rajustant son pantalon, le visage rougi par l\u2019effort et la confusion.<\/p>\n<p style=\"font-weight: 400; text-align: justify;\">\u00ab\u00a0Bonjour, Monsieur Minette, lui r\u00e9pondis-je, et par discr\u00e9tion, je poursuivis mon chemin \u00e0 grands pas, tirant Ena derri\u00e8re moi, \u00e0 moins que ce n\u2019ait \u00e9t\u00e9 Sari.\u00a0\u00bb<\/p>\n<p style=\"font-weight: 400; text-align: justify;\">\u00a0Un jour, Monsieur Minette prit sa retraite. Du peu qu\u2019il poss\u00e9dait, il ne garda que le corps de ferme, son tracteur et le fauteuil blanc dont j\u2019ai d\u00e9j\u00e0 parl\u00e9. Je le croisais de temps en temps dans mes balades, mais toujours \u00e0 proximit\u00e9 de chez lui, au bout du hameau. Peut-\u00eatre la marche lui \u00e9tait-elle devenue p\u00e9nible. Un autre fermier qui habitait plus pr\u00e8s de chez nous venait de prendre sa retraite lui aussi. Comme les deux hommes avaient \u00e9t\u00e9 c\u00e9libataires toute leur vie, qu\u2019ils habitaient \u00e0 moins de deux kilom\u00e8tres l\u2019un de l\u2019autre et qu\u2019ils avaient d\u00e9sormais du temps \u00e0 revendre, je pensais qu\u2019ils\u00a0se rendraient visite de temps en temps pour discuter du bon vieux temps et rattraper par quelques ann\u00e9es de copinage toute une vie d\u2019ignorance r\u00e9ciproque. Mais \u00e7a ne se fit pas. Il y avait eu des mots entre eux, peut-\u00eatre m\u00eame pas de mots, mais en tout cas du ressentiment, une histoire de guerre d\u2019Alg\u00e9rie que l\u2019un avait faite et l\u2019autre pas, quelque chose comme \u00e7a. Et puis, notre fermier voisin mourut, c\u2019\u00e9tait son tour. Et quelques mois plus tard, car tout se fait lentement par ici, on vit r\u00e9guli\u00e8rement Monsieur Minette, hilare, juch\u00e9 sur son tracteur, d\u00e9bouler de son hameau pour traverser le n\u00f4tre afin de rendre visite \u00e0 la ferme du bout ou vivait, solitaire, la s\u0153ur du d\u00e9funt.<\/p>\n<p style=\"font-weight: 400; text-align: justify;\">Qu\u2019allait-il faire l\u00e0-bas ? C&rsquo;est une autre histoire. Si jamais je la raconte un jour, j\u2019en changerai le nom des personnages et des lieux.<\/p>\n<p style=\"text-align: center;\">*<\/p>\n<p style=\"text-align: justify;\"><span style=\"color: #0000ff;\"><em>Cette nouvelle, dont vous venez de lire quelques lignes fait partie du recueil \u00ab\u00a0Les Trois premi\u00e8re fois\u00a0\u00bb, disponible sur Amazon.fr. Il suffit de cliquer sur l&rsquo;image pour parvenir au site de vente.\u00a0<\/em><\/span><\/p>\n<div class=\"\">\n<div class=\"\">\n<div class=\"\" dir=\"auto\">\n<div class=\"\">\n<div class=\"\">\n<p><a href=\"https:\/\/www.amazon.fr\/trois-premi\u00e8res-fois-nouvelles-optimistes\/dp\/B0CTHJTFNL\/ref=sr_1_1?crid=1HH0AL7RKN8LX&amp;dib=eyJ2IjoiMSJ9.tJkUUEXxQH7kQELMW9DGkdQwLtt4AWKYIieVWm9LN02I4CJnmOQwYqdGR43ZC_lvFQNsc1zBI_2ccUz64izmL3EnruTECgmVrBJCQ24lN_5GD-XF-vZjgfj59RapHdt_sYUAueS4Qvw6GL8XKDZ4Og.5kuuD7bAWOmaArusB2HXqgG9JExMHo3dJSqL8GZwLhM&amp;dib_tag=se&amp;keywords=philippe+coutheillas&amp;qid=1711468401&amp;sprefix=,aps,95&amp;sr=8-1\" target=\"_blank\" rel=\"noopener\"><img loading=\"lazy\" decoding=\"async\" class=\"alignleft wp-image-49381\" src=\"https:\/\/www.leblogdescoutheillas.com\/wp-content\/uploads\/2024\/03\/Couv.-3-premieres-fois-V1-copie-197x300.jpeg\" alt=\"\" width=\"101\" height=\"154\" srcset=\"https:\/\/www.leblogdescoutheillas.com\/wp-content\/uploads\/2024\/03\/Couv.-3-premieres-fois-V1-copie-197x300.jpeg 197w, https:\/\/www.leblogdescoutheillas.com\/wp-content\/uploads\/2024\/03\/Couv.-3-premieres-fois-V1-copie-631x960.jpeg 631w, https:\/\/www.leblogdescoutheillas.com\/wp-content\/uploads\/2024\/03\/Couv.-3-premieres-fois-V1-copie-768x1169.jpeg 768w, https:\/\/www.leblogdescoutheillas.com\/wp-content\/uploads\/2024\/03\/Couv.-3-premieres-fois-V1-copie-1009x1536.jpeg 1009w, https:\/\/www.leblogdescoutheillas.com\/wp-content\/uploads\/2024\/03\/Couv.-3-premieres-fois-V1-copie-1345x2048.jpeg 1345w, https:\/\/www.leblogdescoutheillas.com\/wp-content\/uploads\/2024\/03\/Couv.-3-premieres-fois-V1-copie-scaled.jpeg 1682w\" sizes=\"auto, (max-width: 101px) 100vw, 101px\" \/><\/a><\/p>\n<\/div>\n<\/div>\n<\/div>\n<\/div>\n<\/div>\n<div class=\"\">\n<div class=\"\">\n<div class=\"\" dir=\"auto\">\n<div class=\"\">\n<div class=\"\">\n<div class=\"\" dir=\"auto\">\n<p style=\"font-weight: 400; text-align: justify;\"><strong>L<em>es trois premi\u00e8res fois <\/em><\/strong><em>et autres nouvelles optimistes<\/em><br \/>\n<em>Un soir dans un port, trois hommes attendent le d\u00e9part de leur bateau. Pour passer le temps, ils racontent chacun une \u00ab\u00a0premi\u00e8re fois\u00a0\u00bb. Un autre jour, un autre homme explique comment il faut se tenir dans la rue quand on porte un bouquet de fleurs. Un autre soir, un incident \u00e0 la fronti\u00e8re syrienne va-t-il transformer en drame un beau week-end de tourisme. En fin d&rsquo;apr\u00e8s-midi, un homme \u00e9crit \u00e0 c\u00f4t\u00e9 de son chien qui dort. Un beau matin, un groupe d&rsquo;enfants qui se rend au jardin du Luxembourg passe devant la terrasse d&rsquo;un caf\u00e9 ; des clients attabl\u00e9s les regardent passer ; leurs points de vue diff\u00e8rent. La peur de l&rsquo;avion, \u00e7a se soigne.<\/em><br \/>\n<em>Quatorze nouvelles, dr\u00f4les ou \u00e9mouvantes, quatorze textes ironiques ou sensibles, quatorze fa\u00e7ons, r\u00e9alistes ou po\u00e9tiques, d&rsquo;\u00eatre optimiste.<\/em><\/p>\n<\/div>\n<\/div>\n<\/div>\n<\/div>\n<\/div>\n<\/div>\n<p style=\"text-align: justify;\">\n","protected":false},"excerpt":{"rendered":"<p>(&#8230;) Par un matin de printemps, je me promenais sur un chemin qui longeait une p\u00e2ture. C\u2019\u00e9tait avec Ena, ou peut-\u00eatre avec Sari, la chienne qui a succ\u00e9d\u00e9 \u00e0 Ena, je ne sais plus. Ce que je me rappelle c\u2019est que les herbes \u00e9taient hautes et les veaux dans les pr\u00e9s. Les ayant aper\u00e7us longtemps &hellip; <a href=\"https:\/\/www.leblogdescoutheillas.com\/?p=50317\" class=\"more-link\">Continuer la lecture de <span class=\"screen-reader-text\">MONSIEUR MINETTE (Extrait)<\/span> <span class=\"meta-nav\">&rarr;<\/span><\/a><\/p>\n","protected":false},"author":1,"featured_media":0,"comment_status":"open","ping_status":"open","sticky":false,"template":"","format":"standard","meta":{"_mo_disable_npp":"","jetpack_post_was_ever_published":false,"_jetpack_newsletter_access":"","_jetpack_dont_email_post_to_subs":false,"_jetpack_newsletter_tier_id":0,"_jetpack_memberships_contains_paywalled_content":false,"_jetpack_memberships_contains_paid_content":false,"footnotes":"","jetpack_publicize_message":"","jetpack_publicize_feature_enabled":true,"jetpack_social_post_already_shared":true,"jetpack_social_options":{"image_generator_settings":{"template":"highway","default_image_id":0,"font":"","enabled":false},"version":2}},"categories":[4],"tags":[2054,1863],"class_list":["post-50317","post","type-post","status-publish","format-standard","hentry","category-citations","tag-les-trois-premieres-fois","tag-rediffusion"],"jetpack_publicize_connections":[],"jetpack_featured_media_url":"","jetpack_sharing_enabled":true,"_links":{"self":[{"href":"https:\/\/www.leblogdescoutheillas.com\/index.php?rest_route=\/wp\/v2\/posts\/50317","targetHints":{"allow":["GET"]}}],"collection":[{"href":"https:\/\/www.leblogdescoutheillas.com\/index.php?rest_route=\/wp\/v2\/posts"}],"about":[{"href":"https:\/\/www.leblogdescoutheillas.com\/index.php?rest_route=\/wp\/v2\/types\/post"}],"author":[{"embeddable":true,"href":"https:\/\/www.leblogdescoutheillas.com\/index.php?rest_route=\/wp\/v2\/users\/1"}],"replies":[{"embeddable":true,"href":"https:\/\/www.leblogdescoutheillas.com\/index.php?rest_route=%2Fwp%2Fv2%2Fcomments&post=50317"}],"version-history":[{"count":0,"href":"https:\/\/www.leblogdescoutheillas.com\/index.php?rest_route=\/wp\/v2\/posts\/50317\/revisions"}],"wp:attachment":[{"href":"https:\/\/www.leblogdescoutheillas.com\/index.php?rest_route=%2Fwp%2Fv2%2Fmedia&parent=50317"}],"wp:term":[{"taxonomy":"category","embeddable":true,"href":"https:\/\/www.leblogdescoutheillas.com\/index.php?rest_route=%2Fwp%2Fv2%2Fcategories&post=50317"},{"taxonomy":"post_tag","embeddable":true,"href":"https:\/\/www.leblogdescoutheillas.com\/index.php?rest_route=%2Fwp%2Fv2%2Ftags&post=50317"}],"curies":[{"name":"wp","href":"https:\/\/api.w.org\/{rel}","templated":true}]}}