{"id":50309,"date":"2024-09-07T07:47:12","date_gmt":"2024-09-07T05:47:12","guid":{"rendered":"https:\/\/www.leblogdescoutheillas.com\/?p=50309"},"modified":"2024-09-08T09:39:40","modified_gmt":"2024-09-08T07:39:40","slug":"la-nuit-des-roggenfelder-extrait","status":"publish","type":"post","link":"https:\/\/www.leblogdescoutheillas.com\/?p=50309","title":{"rendered":"LA NUIT DES ROGGENFELDER (Extrait)"},"content":{"rendered":"<p style=\"font-weight: 400; text-align: justify;\">Le diner s\u2019\u00e9tait prolong\u00e9 fort tard dans la nuit. D\u2019abondantes volutes de fum\u00e9es bleues et grises flottaient sous les poutres du plafond de l\u2019auberge en enveloppant la roue de charrette qui, avec ses pauvres ampoules \u00e9lectriques, faisait office de lustre au-dessus de nos t\u00eates. Depuis quelques instants, sans doute sous l\u2019effet des mets et des vins que nous avions absorb\u00e9s en quantit\u00e9, nous \u00e9tions tomb\u00e9s dans un silence m\u00e9ditatif qui contrastait avec la gait\u00e9 et la vivacit\u00e9 des conversations que nous avions \u00e9chang\u00e9es jusque-l\u00e0.<\/p>\n<p style=\"font-weight: 400; text-align: justify;\">Franz Bauer, Bertram Fitzwarren et moi nous \u00e9tions rencontr\u00e9s pour la premi\u00e8re fois quelques heures auparavant dans les bureaux de la Compagnie Maritime des Indes Orientales dont le\u00a0<em>Princesse des Mers<\/em>\u00a0devait appareiller dans\u00a0la nuit pour Sidney via Singapour et Macassar.<\/p>\n<p style=\"font-weight: 400; text-align: justify;\">Pour des raisons et des destinations diff\u00e9rentes, chacun d&rsquo;entre nous avait retenu une cabine sur le\u00a0<em>Princesse des Mers<\/em>\u00a0et nous avions li\u00e9 connaissance en accomplissant les formalit\u00e9s d\u2019embarquement. Compte tenu de la mar\u00e9e, le cargo ne pourrait quitter le port avant trois ou quatre heures du matin, et comme il n\u2019\u00e9tait pas encore huit heures, nous avions <!--more-->largement le temps de faire plus ample connaissance. C\u2019est ce que nous f\u00eemes en dinant \u00e0 l\u2019Auberge des Hollandais.<\/p>\n<p style=\"font-weight: 400; text-align: justify;\">Nous avons parl\u00e9 de tout, de nos m\u00e9tiers, de nos aventures, de nos projets, de nos femmes, souvent, de nos enfants, parfois, des religions, de la vie et de la mort. Mais ce qui nous permit le mieux de nous connaitre les uns les autres, c\u2019est lorsque Fitzwarren, \u00e0 moins que ce n\u2019ait \u00e9t\u00e9 Bauer, proposa que chacun raconte une\u00a0<em>premi\u00e8re fois<\/em>.<\/p>\n<p style=\"font-weight: 400; text-align: justify;\">\u00ab\u00a0Une premi\u00e8re fois ? avais-je demand\u00e9.<\/p>\n<p style=\"font-weight: 400; text-align: justify;\">\u2014 Oui, avait dit Bauer \u00e0 moins que ce n\u2019ait \u00e9t\u00e9 Fitzwarren, une\u00a0<em>premi\u00e8re fois<\/em>\u00a0: la premi\u00e8re fois que vous avez vu la mer, la premi\u00e8re fois que vous avez embrass\u00e9 une fille, que vous vous \u00eates battu, que vous avez fait l\u2019amour\u2026 la premi\u00e8re fois, une\u00a0<em>premi\u00e8re fois<\/em>\u2026\u00a0\u00bb<\/p>\n<p style=\"font-weight: 400; text-align: justify;\">Et c\u2019est Bauer, \u00e7a j\u2019en suis certain, qui, le premier, avait racont\u00e9 une\u00a0<em>premi\u00e8re fois<\/em>.\u00a0 Voici ce qu\u2019il nous avait confi\u00e9 :<\/p>\n<p style=\"font-weight: 400; text-align: center;\"><strong>La nuit des Roggenfelder<\/strong><\/p>\n<p style=\"font-weight: 400; text-align: justify;\">\u00a0\u00ab\u00a0Je devais avoir quinze ans quand je suis parti pour la premi\u00e8re fois seul en vacances. Au printemps, j\u2019avais pr\u00e9sent\u00e9 quelques sympt\u00f4mes alarmants et notre m\u00e9decin y avait d\u00e9cel\u00e9 les signes d\u2019une primo-infection. Elle \u00e9tait, Dieu merci, sans gravit\u00e9, mais il avait recommand\u00e9 \u00e0 mes parents de m\u2019envoyer \u00e0 la montagne pour un mois ou deux d\u00e8s le prochain \u00e9t\u00e9.<\/p>\n<p style=\"font-weight: 400; text-align: justify;\">C\u2019est ainsi qu\u2019en ce d\u00e9but de juillet 1913, je partais pour Sankt-Johann, petit bourg de moyenne montagne au creux du massif du Tegerberg. Pourquoi Sankt-Johann\u00a0? Il se trouve que c\u2019\u00e9tait le lointain berceau de ma famille du c\u00f4t\u00e9 de ma m\u00e8re\u00a0et que, sans y avoir de grand-oncle, de tante ou d\u2019arri\u00e8re-grand-m\u00e8re qui y vive encore, il me restait l\u00e0-haut quelques cousins et cousines \u00e9loign\u00e9s.<\/p>\n<p style=\"font-weight: 400; text-align: justify;\">C\u2019est un de ces cousins, Anton, qui vint me chercher \u00e0 la gare de Prinz. Nous ne nous \u00e9tions jamais rencontr\u00e9s mais il n\u2019eut pas de mal \u00e0 me reconnaitre : parmi les voyageurs qui descendaient sur le quai, j\u2019\u00e9tais seul \u00e0 pouvoir r\u00e9pondre \u00e0 la description que lui avait donn\u00e9e sa m\u00e8re\u00a0: \u00ab\u00a0Il a ton \u00e2ge. Il doit \u00eatre un peu plus grand que toi et je crois qu\u2019il est plut\u00f4t blond. Pour le reste, tu le reconnaitras \u00e0 ses v\u00eatements et \u00e0 ses bagages\u00a0: il vient de la ville.\u00a0\u00bb<\/p>\n<p style=\"font-weight: 400; text-align: justify;\">C\u2019est au moment o\u00f9 (&#8230;)<\/p>\n<p style=\"text-align: center;\">*<\/p>\n<p style=\"text-align: justify;\"><span style=\"color: #0000ff;\"><em>Cette nouvelle, dont vous venez de lire les premi\u00e8res lignes fait partie du recueil \u00ab\u00a0Les Trois premi\u00e8re fois\u00a0\u00bb, disponible sur Amazon.fr. Il suffit de cliquer sur l&rsquo;image pour parvenir au site de vente.\u00a0<\/em><\/span><\/p>\n<div class=\"\">\n<div class=\"\">\n<div class=\"\" dir=\"auto\">\n<div class=\"\">\n<div class=\"\">\n<div class=\"\" dir=\"auto\">\n<p style=\"font-weight: 400; text-align: justify;\">\n<\/div>\n<\/div>\n<\/div>\n<\/div>\n<\/div>\n<\/div>\n<div class=\"\">\n<div class=\"\">\n<div class=\"\" dir=\"auto\">\n<div class=\"\">\n<div class=\"\">\n<p><a href=\"https:\/\/www.amazon.fr\/trois-premi\u00e8res-fois-nouvelles-optimistes\/dp\/B0CTHJTFNL\/ref=sr_1_1?crid=1HH0AL7RKN8LX&amp;dib=eyJ2IjoiMSJ9.tJkUUEXxQH7kQELMW9DGkdQwLtt4AWKYIieVWm9LN02I4CJnmOQwYqdGR43ZC_lvFQNsc1zBI_2ccUz64izmL3EnruTECgmVrBJCQ24lN_5GD-XF-vZjgfj59RapHdt_sYUAueS4Qvw6GL8XKDZ4Og.5kuuD7bAWOmaArusB2HXqgG9JExMHo3dJSqL8GZwLhM&amp;dib_tag=se&amp;keywords=philippe+coutheillas&amp;qid=1711468401&amp;sprefix=,aps,95&amp;sr=8-1\" target=\"_blank\" rel=\"noopener\"><img loading=\"lazy\" decoding=\"async\" class=\"alignleft wp-image-49381\" src=\"https:\/\/www.leblogdescoutheillas.com\/wp-content\/uploads\/2024\/03\/Couv.-3-premieres-fois-V1-copie-197x300.jpeg\" alt=\"\" width=\"101\" height=\"154\" srcset=\"https:\/\/www.leblogdescoutheillas.com\/wp-content\/uploads\/2024\/03\/Couv.-3-premieres-fois-V1-copie-197x300.jpeg 197w, https:\/\/www.leblogdescoutheillas.com\/wp-content\/uploads\/2024\/03\/Couv.-3-premieres-fois-V1-copie-631x960.jpeg 631w, https:\/\/www.leblogdescoutheillas.com\/wp-content\/uploads\/2024\/03\/Couv.-3-premieres-fois-V1-copie-768x1169.jpeg 768w, https:\/\/www.leblogdescoutheillas.com\/wp-content\/uploads\/2024\/03\/Couv.-3-premieres-fois-V1-copie-1009x1536.jpeg 1009w, https:\/\/www.leblogdescoutheillas.com\/wp-content\/uploads\/2024\/03\/Couv.-3-premieres-fois-V1-copie-1345x2048.jpeg 1345w, https:\/\/www.leblogdescoutheillas.com\/wp-content\/uploads\/2024\/03\/Couv.-3-premieres-fois-V1-copie-scaled.jpeg 1682w\" sizes=\"auto, (max-width: 101px) 100vw, 101px\" \/><\/a><\/p>\n<\/div>\n<\/div>\n<\/div>\n<\/div>\n<\/div>\n<div class=\"\">\n<div class=\"\">\n<div class=\"\" dir=\"auto\">\n<div class=\"\">\n<div class=\"\">\n<div class=\"\" dir=\"auto\">\n<p style=\"font-weight: 400; text-align: justify;\"><strong>L<em>es trois premi\u00e8res fois <\/em><\/strong><em>et autres nouvelles optimistes<\/em><br \/>\n<em>Un soir dans un port, trois hommes attendent le d\u00e9part de leur bateau. Pour passer le temps, ils racontent chacun une \u00ab\u00a0premi\u00e8re fois\u00a0\u00bb. Un autre jour, un autre homme explique comment il faut se tenir dans la rue quand on porte un bouquet de fleurs. Un autre soir, un incident \u00e0 la fronti\u00e8re syrienne va-t-il transformer en drame un beau week-end de tourisme. En fin d&rsquo;apr\u00e8s-midi, un homme \u00e9crit \u00e0 c\u00f4t\u00e9 de son chien qui dort. Un beau matin, un groupe d&rsquo;enfants qui se rend au jardin du Luxembourg passe devant la terrasse d&rsquo;un caf\u00e9 ; des clients attabl\u00e9s les regardent passer ; leurs points de vue diff\u00e8rent. La peur de l&rsquo;avion, \u00e7a se soigne.<\/em><br \/>\n<em>Quatorze nouvelles, dr\u00f4les ou \u00e9mouvantes, quatorze textes ironiques ou sensibles, quatorze fa\u00e7ons, r\u00e9alistes ou po\u00e9tiques, d&rsquo;\u00eatre optimiste.<\/em><\/p>\n<\/div>\n<\/div>\n<\/div>\n<\/div>\n<\/div>\n<\/div>\n<p style=\"text-align: justify;\">\n","protected":false},"excerpt":{"rendered":"<p>Le diner s\u2019\u00e9tait prolong\u00e9 fort tard dans la nuit. D\u2019abondantes volutes de fum\u00e9es bleues et grises flottaient sous les poutres du plafond de l\u2019auberge en enveloppant la roue de charrette qui, avec ses pauvres ampoules \u00e9lectriques, faisait office de lustre au-dessus de nos t\u00eates. Depuis quelques instants, sans doute sous l\u2019effet des mets et des &hellip; <a href=\"https:\/\/www.leblogdescoutheillas.com\/?p=50309\" class=\"more-link\">Continuer la lecture de <span class=\"screen-reader-text\">LA NUIT DES ROGGENFELDER (Extrait)<\/span> <span class=\"meta-nav\">&rarr;<\/span><\/a><\/p>\n","protected":false},"author":1,"featured_media":0,"comment_status":"open","ping_status":"open","sticky":false,"template":"","format":"standard","meta":{"_mo_disable_npp":"","jetpack_post_was_ever_published":false,"_jetpack_newsletter_access":"","_jetpack_dont_email_post_to_subs":false,"_jetpack_newsletter_tier_id":0,"_jetpack_memberships_contains_paywalled_content":false,"_jetpack_memberships_contains_paid_content":false,"footnotes":"","jetpack_publicize_message":"","jetpack_publicize_feature_enabled":true,"jetpack_social_post_already_shared":true,"jetpack_social_options":{"image_generator_settings":{"template":"highway","default_image_id":0,"font":"","enabled":false},"version":2}},"categories":[4],"tags":[2054],"class_list":["post-50309","post","type-post","status-publish","format-standard","hentry","category-citations","tag-les-trois-premieres-fois"],"jetpack_publicize_connections":[],"jetpack_featured_media_url":"","jetpack_sharing_enabled":true,"_links":{"self":[{"href":"https:\/\/www.leblogdescoutheillas.com\/index.php?rest_route=\/wp\/v2\/posts\/50309","targetHints":{"allow":["GET"]}}],"collection":[{"href":"https:\/\/www.leblogdescoutheillas.com\/index.php?rest_route=\/wp\/v2\/posts"}],"about":[{"href":"https:\/\/www.leblogdescoutheillas.com\/index.php?rest_route=\/wp\/v2\/types\/post"}],"author":[{"embeddable":true,"href":"https:\/\/www.leblogdescoutheillas.com\/index.php?rest_route=\/wp\/v2\/users\/1"}],"replies":[{"embeddable":true,"href":"https:\/\/www.leblogdescoutheillas.com\/index.php?rest_route=%2Fwp%2Fv2%2Fcomments&post=50309"}],"version-history":[{"count":0,"href":"https:\/\/www.leblogdescoutheillas.com\/index.php?rest_route=\/wp\/v2\/posts\/50309\/revisions"}],"wp:attachment":[{"href":"https:\/\/www.leblogdescoutheillas.com\/index.php?rest_route=%2Fwp%2Fv2%2Fmedia&parent=50309"}],"wp:term":[{"taxonomy":"category","embeddable":true,"href":"https:\/\/www.leblogdescoutheillas.com\/index.php?rest_route=%2Fwp%2Fv2%2Fcategories&post=50309"},{"taxonomy":"post_tag","embeddable":true,"href":"https:\/\/www.leblogdescoutheillas.com\/index.php?rest_route=%2Fwp%2Fv2%2Ftags&post=50309"}],"curies":[{"name":"wp","href":"https:\/\/api.w.org\/{rel}","templated":true}]}}