{"id":50207,"date":"2024-07-07T07:47:38","date_gmt":"2024-07-07T05:47:38","guid":{"rendered":"https:\/\/www.leblogdescoutheillas.com\/?p=50207"},"modified":"2024-07-07T18:47:34","modified_gmt":"2024-07-07T16:47:34","slug":"la-matinee-de-sainte-firmine-damelia-extrait","status":"publish","type":"post","link":"https:\/\/www.leblogdescoutheillas.com\/?p=50207","title":{"rendered":"\u00a0La matin\u00e9e de Sainte Firmine d&rsquo;Amelia (Extrait)"},"content":{"rendered":"<p style=\"font-weight: 400; text-align: justify;\">(&#8230;) Une dizaine d\u2019ann\u00e9es auparavant, un \u00e9v\u00e8nement \u00e9tait survenu dans ma vie personnelle. Il m\u2019avait boulevers\u00e9 et, malgr\u00e9 le temps qui avait pass\u00e9, il \u00e9tait encore pr\u00e9sent \u00e0 mon esprit. Peu enclin aux confidences, je n\u2019en avais jamais parl\u00e9 \u00e0 personne. Sans doute consid\u00e9rais-je cette histoire trop intime pour que je puisse la raconter sans honte, m\u00eame \u00e0 de tr\u00e8s proches amis, \u00e0 supposer que j\u2019en eusse. Elle \u00e9tait assez banale et bien loin d\u2019\u00eatre passionnante, mais elle m\u2019avait marqu\u00e9. \u00c0 l\u2019\u00e9poque, j\u2019\u00e9tais persuad\u00e9 qu\u2019elle avait constitu\u00e9 l\u2019une de ces rares \u00e9tapes par lesquelles un homme doit passer au cours de son existence et qui le laisseront diff\u00e9rent de ce qu\u2019il \u00e9tait avant de les franchir. Cette nuit \u00e9tait sans doute l\u2019occasion de la partager enfin avec quelqu\u2019un. Voir comment ces deux \u00e9trangers recevraient le r\u00e9cit de cet \u00e9v\u00e8nement m\u2019int\u00e9ressait et m\u2019inqui\u00e9tait tout \u00e0 la fois. Comprendraient-ils l\u2019importance qu\u2019il avait rev\u00eatue pour moi ou le jugeraient-ils banal et sans int\u00e9r\u00eat ? Y trouveraient-ils l\u2019indice d\u2019une sensibilit\u00e9 de bon aloi ou d\u2019une sensiblerie ridicule ?\u00a0 J\u2019\u00e9tais conscient du risque de moquerie ou m\u00eame de d\u00e9consid\u00e9ration que je courais, mais, tout au long de la soir\u00e9e, Bauer et Fitzwarren m\u2019avaient parus exempts de pr\u00e9jug\u00e9s et plut\u00f4t bienveillants. Je d\u00e9cidai donc de passer cet \u00e9pisode au crible de leur jugement. De toute fa\u00e7on, je n\u2019avais rien d\u2019autre \u00e0 leur raconter. Je me lan\u00e7ai :<\/p>\n<p style=\"font-weight: 400; text-align: justify;\"><strong>\u00a0<\/strong><strong>La matin\u00e9e de Sainte Firmine d&rsquo;Amelia<\/strong><\/p>\n<p style=\"text-align: justify;\"><span style=\"font-weight: 400;\">\u00ab \u00c7a s\u2019est pass\u00e9 \u00e0 Paris, il y a neuf ans, en novembre. <!--more--><\/span><\/p>\n<p>Conform\u00e9ment \u00e0 mes habitudes, je me r\u00e9veillai d\u00e8s six heures du matin, et, \u00e0 sept heures, j\u2019\u00e9tais fin pr\u00eat, habill\u00e9 avec le plus grand soin. Comme je n\u2019avais rien \u00e0 faire avant dix heures, heure \u00e0 laquelle je devais me trouver \u00e0 l\u2019autre bout de la ville, je me pris \u00e0 ranger quelques papiers, \u00e0 trier de vieilles photographies, \u00e0 remuer des objets inutiles dans des tiroirs. Puis, prenant conscience de (&#8230;)<\/p>\n<p style=\"text-align: justify;\"><strong><span style=\"color: #0000ff;\"><em>Ce texte est extrait de la nouvelle \u00ab\u00a0Les trois premi\u00e8res fois\u00a0\u00bb qui donne son titre \u00e0 mon dernier recueil, le meilleur \u00e0 mon avis, et dont je suis fier de rappeler qu&rsquo;il s&rsquo;est vendu \u00e0 7 exemplaires et n&rsquo;a fait l&rsquo;objet d&rsquo;aucun avis sur Amazon.\u00a0<\/em><\/span><\/strong><\/p>\n<div class=\"\">\n<div class=\"\">\n<div class=\"\" dir=\"auto\">\n<div class=\"\">\n<div class=\"\">\n<p><a href=\"https:\/\/www.amazon.fr\/trois-premi\u00e8res-fois-nouvelles-optimistes\/dp\/B0CTHJTFNL\/ref=sr_1_1?crid=1HH0AL7RKN8LX&amp;dib=eyJ2IjoiMSJ9.tJkUUEXxQH7kQELMW9DGkdQwLtt4AWKYIieVWm9LN02I4CJnmOQwYqdGR43ZC_lvFQNsc1zBI_2ccUz64izmL3EnruTECgmVrBJCQ24lN_5GD-XF-vZjgfj59RapHdt_sYUAueS4Qvw6GL8XKDZ4Og.5kuuD7bAWOmaArusB2HXqgG9JExMHo3dJSqL8GZwLhM&amp;dib_tag=se&amp;keywords=philippe+coutheillas&amp;qid=1711468401&amp;sprefix=,aps,95&amp;sr=8-1\" target=\"_blank\" rel=\"noopener\"><img loading=\"lazy\" decoding=\"async\" class=\"alignleft wp-image-49381\" src=\"https:\/\/www.leblogdescoutheillas.com\/wp-content\/uploads\/2024\/03\/Couv.-3-premieres-fois-V1-copie-197x300.jpeg\" alt=\"\" width=\"101\" height=\"154\" srcset=\"https:\/\/www.leblogdescoutheillas.com\/wp-content\/uploads\/2024\/03\/Couv.-3-premieres-fois-V1-copie-197x300.jpeg 197w, https:\/\/www.leblogdescoutheillas.com\/wp-content\/uploads\/2024\/03\/Couv.-3-premieres-fois-V1-copie-631x960.jpeg 631w, https:\/\/www.leblogdescoutheillas.com\/wp-content\/uploads\/2024\/03\/Couv.-3-premieres-fois-V1-copie-768x1169.jpeg 768w, https:\/\/www.leblogdescoutheillas.com\/wp-content\/uploads\/2024\/03\/Couv.-3-premieres-fois-V1-copie-1009x1536.jpeg 1009w, https:\/\/www.leblogdescoutheillas.com\/wp-content\/uploads\/2024\/03\/Couv.-3-premieres-fois-V1-copie-1345x2048.jpeg 1345w, https:\/\/www.leblogdescoutheillas.com\/wp-content\/uploads\/2024\/03\/Couv.-3-premieres-fois-V1-copie-scaled.jpeg 1682w\" sizes=\"auto, (max-width: 101px) 100vw, 101px\" \/><\/a><\/p>\n<\/div>\n<\/div>\n<\/div>\n<\/div>\n<\/div>\n<div class=\"\">\n<div class=\"\">\n<div class=\"\" dir=\"auto\">\n<div class=\"\">\n<div class=\"\">\n<div class=\"\" dir=\"auto\">\n<p style=\"font-weight: 400; text-align: justify;\"><strong>Les trois premi\u00e8res fois <\/strong>et autres nouvelles optimistes<br \/>\nUn soir dans un port, trois hommes attendent le d\u00e9part de leur bateau. Pour passer le temps, ils racontent chacun une \u00ab\u00a0premi\u00e8re fois\u00a0\u00bb. Un autre jour, un autre homme explique comment il faut se tenir dans la rue quand on porte un bouquet de fleurs. Un autre soir, un incident \u00e0 la fronti\u00e8re syrienne va-t-il transformer en drame un beau week-end de tourisme. En fin d&rsquo;apr\u00e8s-midi, un homme \u00e9crit \u00e0 c\u00f4t\u00e9 de son chien qui dort. Un beau matin, un groupe d&rsquo;enfants qui se rend au jardin du Luxembourg passe devant la terrasse d&rsquo;un caf\u00e9 ; des clients attabl\u00e9s les regardent passer ; leurs points de vue diff\u00e8rent. La peur de l&rsquo;avion, \u00e7a se soigne.<br \/>\nQuatorze nouvelles, dr\u00f4les ou \u00e9mouvantes, quatorze textes ironiques ou sensibles, quatorze fa\u00e7ons, r\u00e9alistes ou po\u00e9tiques, d&rsquo;\u00eatre optimiste.<\/p>\n<\/div>\n<\/div>\n<\/div>\n<\/div>\n<\/div>\n<\/div>\n<p style=\"font-weight: 400; text-align: justify;\"><em><span style=\"color: #0000ff;\"><strong>Les trois <span style=\"caret-color: #0000ff;\">premi\u00e8res fois <\/span><\/strong>\u00a0sont disponibles sur Amazon.fr en livre broch\u00e9 ou sous format Kindle. Pour les obtenir, il vous suffit de cliquer sur la photo de la couverture et de suivre la proc\u00e9dure habituelle.\u00a0<\/span><\/em><\/p>\n<p style=\"font-weight: 400; text-align: justify;\">\n","protected":false},"excerpt":{"rendered":"<p>(&#8230;) Une dizaine d\u2019ann\u00e9es auparavant, un \u00e9v\u00e8nement \u00e9tait survenu dans ma vie personnelle. Il m\u2019avait boulevers\u00e9 et, malgr\u00e9 le temps qui avait pass\u00e9, il \u00e9tait encore pr\u00e9sent \u00e0 mon esprit. Peu enclin aux confidences, je n\u2019en avais jamais parl\u00e9 \u00e0 personne. Sans doute consid\u00e9rais-je cette histoire trop intime pour que je puisse la raconter sans &hellip; <a href=\"https:\/\/www.leblogdescoutheillas.com\/?p=50207\" class=\"more-link\">Continuer la lecture de <span class=\"screen-reader-text\">\u00a0La matin\u00e9e de Sainte Firmine d&rsquo;Amelia (Extrait)<\/span> <span class=\"meta-nav\">&rarr;<\/span><\/a><\/p>\n","protected":false},"author":1,"featured_media":0,"comment_status":"open","ping_status":"open","sticky":false,"template":"","format":"standard","meta":{"_mo_disable_npp":"","jetpack_post_was_ever_published":false,"_jetpack_newsletter_access":"","_jetpack_dont_email_post_to_subs":false,"_jetpack_newsletter_tier_id":0,"_jetpack_memberships_contains_paywalled_content":false,"_jetpack_memberships_contains_paid_content":false,"footnotes":"","jetpack_publicize_message":"","jetpack_publicize_feature_enabled":true,"jetpack_social_post_already_shared":true,"jetpack_social_options":{"image_generator_settings":{"template":"highway","default_image_id":0,"font":"","enabled":false},"version":2}},"categories":[1],"tags":[2054,21],"class_list":["post-50207","post","type-post","status-publish","format-standard","hentry","category-non-classe","tag-les-trois-premieres-fois","tag-philippe"],"jetpack_publicize_connections":[],"jetpack_featured_media_url":"","jetpack_sharing_enabled":true,"_links":{"self":[{"href":"https:\/\/www.leblogdescoutheillas.com\/index.php?rest_route=\/wp\/v2\/posts\/50207","targetHints":{"allow":["GET"]}}],"collection":[{"href":"https:\/\/www.leblogdescoutheillas.com\/index.php?rest_route=\/wp\/v2\/posts"}],"about":[{"href":"https:\/\/www.leblogdescoutheillas.com\/index.php?rest_route=\/wp\/v2\/types\/post"}],"author":[{"embeddable":true,"href":"https:\/\/www.leblogdescoutheillas.com\/index.php?rest_route=\/wp\/v2\/users\/1"}],"replies":[{"embeddable":true,"href":"https:\/\/www.leblogdescoutheillas.com\/index.php?rest_route=%2Fwp%2Fv2%2Fcomments&post=50207"}],"version-history":[{"count":0,"href":"https:\/\/www.leblogdescoutheillas.com\/index.php?rest_route=\/wp\/v2\/posts\/50207\/revisions"}],"wp:attachment":[{"href":"https:\/\/www.leblogdescoutheillas.com\/index.php?rest_route=%2Fwp%2Fv2%2Fmedia&parent=50207"}],"wp:term":[{"taxonomy":"category","embeddable":true,"href":"https:\/\/www.leblogdescoutheillas.com\/index.php?rest_route=%2Fwp%2Fv2%2Fcategories&post=50207"},{"taxonomy":"post_tag","embeddable":true,"href":"https:\/\/www.leblogdescoutheillas.com\/index.php?rest_route=%2Fwp%2Fv2%2Ftags&post=50207"}],"curies":[{"name":"wp","href":"https:\/\/api.w.org\/{rel}","templated":true}]}}