{"id":49392,"date":"2024-03-22T07:47:41","date_gmt":"2024-03-22T06:47:41","guid":{"rendered":"https:\/\/www.leblogdescoutheillas.com\/?p=49392"},"modified":"2024-03-26T07:11:28","modified_gmt":"2024-03-26T06:11:28","slug":"les-fleurs-jaunes-extrait","status":"publish","type":"post","link":"https:\/\/www.leblogdescoutheillas.com\/?p=49392","title":{"rendered":"LES FLEURS JAUNES (Extrait)"},"content":{"rendered":"<p style=\"font-weight: 400; text-align: right;\"><em>\u00a0<\/em><em>Un homme avec des fleurs ?<br \/>\n<\/em><em>Le plus empot\u00e9, c\u2019est l\u2019homme.<\/em><br \/>\n<em>Antoine Blondin<\/em><\/p>\n<p style=\"font-weight: 400; text-align: justify;\">En rentrant de la rue de Rennes, il y a quelques jours, je me suis rappel\u00e9 brusquement la promesse que je m\u2019\u00e9tais faite la veille, offrir des fleurs \u00e0 ma femme. Je n\u2019avais pas pu le faire sur le moment, celui o\u00f9 j\u2019avais con\u00e7u le projet, forc\u00e9ment, parce que, ce jour-l\u00e0, nous \u00e9tions le dernier lundi du mois d\u2019ao\u00fbt. Alors vous pensez ! Lundi + mois d\u2019ao\u00fbt = z\u00e9ro fleuriste. Normal ! Contrariant, mais normal.<\/p>\n<p style=\"font-weight: 400; text-align: justify;\">Si je dis \u00ab\u00a0<em>nous \u00e9tions<\/em>\u00ab\u00a0, ce n\u2019est pas parce que je me prends pour le roi des Belges. Quand je dis \u00ab\u00a0<em>nous \u00e9tions<\/em>\u00ab\u00a0, quand je parle \u00e0 la deuxi\u00e8me personne du pluriel,\u00a0c\u2019est par pure politesse, parce que vous pensez bien que, o\u00f9 vous \u00e9tiez, vous, \u00e0 ce moment-l\u00e0, je m\u2019en fiche comme de ma deuxi\u00e8me (je dis \u00e7a parce que, la premi\u00e8re, il parait qu\u2019on s\u2019en souvient toujours).<\/p>\n<p style=\"font-weight: 400; text-align: justify;\">Donc, je suis du c\u00f4t\u00e9 <!--more-->de la rue de Rennes, on est mardi \u2014 tout le monde est mardi \u2014 et bien qu\u2019en ao\u00fbt, j\u2019ai des chances de trouver un sacr\u00e9 foutu fleuriste ouvert. Et, de fait, au coin de Raspail et de Vaugirard, il y a un sacr\u00e9 foutu fleuriste ouvert. Sur le trottoir, il y a des seaux avec dedans des tas de petits bouquets, tout pr\u00eats, de toutes les couleurs. Des fleurs jaunes ! C\u2019est des fleurs jaunes qu\u2019il me faut ! Elle aime beaucoup les fleurs jaunes. Je le sais parce que la derni\u00e8re fois que je lui ai apport\u00e9 un bouquet, elle m\u2019a dit \u00ab\u00a0Oh ! Comme c\u2019est gentil ! J\u2019adore les fleurs jaunes !\u00a0\u00bb Enfin, elle ne l\u2019a peut-\u00eatre pas dit <em>exactement<\/em>\u00a0comme \u00e7a, mais c\u2019\u00e9tait bien ce que \u00e7a voulait dire. J\u2019ai du mal \u00e0 me rappeler ses mots,\u00a0<em>exactement<\/em>, parce que \u00e7a fait bien vingt, vingt-cinq ans que c\u2019est arriv\u00e9. J\u2019esp\u00e8re qu\u2019elle n\u2019a pas chang\u00e9 de go\u00fbt depuis. Parce qu\u2019il faut faire attention avec les femmes. \u00c7a change d\u2019avis comme qui dirait. Je n\u2019ai jamais vraiment compris pourquoi on disait \u00e7a,\u00a0<em>comme qui dirait<\/em>. Moi, pour la m\u00eame chose, je dirais plut\u00f4t \u00ab\u00a0<em>comme de chemise<\/em>\u00ab\u00a0, mais pour une femme \u00e7a ferait beaucoup trop de chemises. Alors, va pour \u00ab\u00a0<em>comme qui dirait<\/em>\u00ab\u00a0.<\/p>\n<p style=\"font-weight: 400; text-align: justify;\">Donc, des fleurs jaunes. J\u2019en prends trois bouquets tout pr\u00eats, parce que, quand on offre des fleurs, il ne faut pas y aller avec le dos de la cuill\u00e8re\u00a0; il faut y aller franchement. Avec mes trois bouquets, je rentre dans la boutique et je demande au patron qu\u2019on m\u2019en fasse un seul. Il les attrape et, sans me regarder, il me lance : \u00ab\u00a0C\u2019est pour offrir ?<\/p>\n<p style=\"font-weight: 400; text-align: justify;\">\u2014 Non, c\u2019est pour manger tout de suite, connard !\u00a0\u00bb<\/p>\n<p style=\"font-weight: 400; text-align: justify;\">Non, en vrai, je n\u2019ai pas dit \u00e7a. J\u2019aurais bien voulu lui faire une r\u00e9ponse de ce genre, une r\u00e9plique \u00e0 la Jean-Marie Bigard. Tout le monde rit quand Bigard dit quelque chose comme \u00e7a, lui. Mais moi, quand j\u2019essaie, \u00e7a ne marche jamais. \u00c7a tombe \u00e0 plat. Ou pire. Alors, je pr\u00e9f\u00e8re m\u2019abstenir. D\u2019ailleurs, en fait, je n\u2019ai jamais essay\u00e9.<\/p>\n<p style=\"font-weight: 400; text-align: justify;\">Donc, je ne lui pas dit \u00ab\u00a0Non, c\u2019est pour manger tout de suite, etc.\u2026\u00a0\u00bb, mais seulement\u00a0: \u00ab\u00a0Oui, si c\u2019est possible&#8230; \u00bb N\u2019emp\u00eache\u00a0! \u00ab\u00a0C\u2019est pour offrir\u00a0?\u00a0\u00bb Quelle question idiote\u00a0! \u00c9videmment que c\u2019est pour offrir\u00a0! Ce n\u2019est pas pour mettre \u00e0 ma boutonni\u00e8re ou pour me souhaiter mon anniversaire\u00a0! Connard\u00a0! J\u2019ai vraiment envie&#8230; mais\u00a0bon&#8230; alors, bien poliment\u00a0: \u00ab\u00a0Oui, Si c\u2019est possible&#8230;\u00a0\u00bb<\/p>\n<p style=\"text-align: justify;\"><span style=\"font-weight: 400;\">Et me voil\u00e0 reparti vers chez moi,(&#8230;)<\/span><\/p>\n<p><span style=\"color: #0000ff;\"><em>Ces quelques lignes forment le d\u00e9but de l&rsquo;une des nouvelles qui composent mon dernier recueil publi\u00e9 depuis quelques jours chez Amazon.fr sous le titre \u00ab\u00a0Les trois premi\u00e8res fois et autres nouvelles optimistes\u00a0\u00bb.\u00a0<\/em><\/span><\/p>\n<p><em>Cliquer sur l&rsquo;image :\u00a0<\/em><\/p>\n<p><a href=\"https:\/\/www.amazon.fr\/trois-premi\u00e8res-fois-nouvelles-optimistes\/dp\/B0CTHJTFNL\/ref=sr_1_8?crid=2SDLOI8J7DFM0&amp;dib=eyJ2IjoiMSJ9.FdX1bU5igJEl7wftKrIFnLp_e8CVfxT5-ZDj8SGhc5VI3nK-io0_bxYJ64GekxscQ7KQ1KB9ybb2ajjenip9mxPm37dcxjDS5dnk6el8LsvISoIfbDHH8Q-b7rIUp5CNUbKFdihHbLmtUnpf26JvRw.x9zmk2oqQ7eJsD4u98a4MwBp3EWxWROmsfAHv_KCU88&amp;dib_tag=se&amp;keywords=philippe+coutheillas&amp;qid=1711093395&amp;sprefix=,aps,303&amp;sr=8-8\" target=\"_blank\" rel=\"noopener\"><img loading=\"lazy\" decoding=\"async\" class=\"size-medium wp-image-49381 aligncenter\" src=\"https:\/\/www.leblogdescoutheillas.com\/wp-content\/uploads\/2024\/03\/Couv.-3-premieres-fois-V1-copie-197x300.jpeg\" alt=\"\" width=\"197\" height=\"300\" srcset=\"https:\/\/www.leblogdescoutheillas.com\/wp-content\/uploads\/2024\/03\/Couv.-3-premieres-fois-V1-copie-197x300.jpeg 197w, https:\/\/www.leblogdescoutheillas.com\/wp-content\/uploads\/2024\/03\/Couv.-3-premieres-fois-V1-copie-631x960.jpeg 631w, https:\/\/www.leblogdescoutheillas.com\/wp-content\/uploads\/2024\/03\/Couv.-3-premieres-fois-V1-copie-768x1169.jpeg 768w, https:\/\/www.leblogdescoutheillas.com\/wp-content\/uploads\/2024\/03\/Couv.-3-premieres-fois-V1-copie-1009x1536.jpeg 1009w, https:\/\/www.leblogdescoutheillas.com\/wp-content\/uploads\/2024\/03\/Couv.-3-premieres-fois-V1-copie-1345x2048.jpeg 1345w, https:\/\/www.leblogdescoutheillas.com\/wp-content\/uploads\/2024\/03\/Couv.-3-premieres-fois-V1-copie-scaled.jpeg 1682w\" sizes=\"auto, (max-width: 197px) 100vw, 197px\" \/><\/a><\/p>\n","protected":false},"excerpt":{"rendered":"<p>\u00a0Un homme avec des fleurs ? Le plus empot\u00e9, c\u2019est l\u2019homme. Antoine Blondin En rentrant de la rue de Rennes, il y a quelques jours, je me suis rappel\u00e9 brusquement la promesse que je m\u2019\u00e9tais faite la veille, offrir des fleurs \u00e0 ma femme. Je n\u2019avais pas pu le faire sur le moment, celui o\u00f9 &hellip; <a href=\"https:\/\/www.leblogdescoutheillas.com\/?p=49392\" class=\"more-link\">Continuer la lecture de <span class=\"screen-reader-text\">LES FLEURS JAUNES (Extrait)<\/span> <span class=\"meta-nav\">&rarr;<\/span><\/a><\/p>\n","protected":false},"author":1,"featured_media":0,"comment_status":"open","ping_status":"open","sticky":false,"template":"","format":"standard","meta":{"_mo_disable_npp":"","jetpack_post_was_ever_published":false,"_jetpack_newsletter_access":"","_jetpack_dont_email_post_to_subs":false,"_jetpack_newsletter_tier_id":0,"_jetpack_memberships_contains_paywalled_content":false,"_jetpack_memberships_contains_paid_content":false,"footnotes":"","jetpack_publicize_message":"","jetpack_publicize_feature_enabled":true,"jetpack_social_post_already_shared":true,"jetpack_social_options":{"image_generator_settings":{"template":"highway","default_image_id":0,"font":"","enabled":false},"version":2}},"categories":[4],"tags":[2054,21],"class_list":["post-49392","post","type-post","status-publish","format-standard","hentry","category-citations","tag-les-trois-premieres-fois","tag-philippe"],"jetpack_publicize_connections":[],"jetpack_featured_media_url":"","jetpack_sharing_enabled":true,"_links":{"self":[{"href":"https:\/\/www.leblogdescoutheillas.com\/index.php?rest_route=\/wp\/v2\/posts\/49392","targetHints":{"allow":["GET"]}}],"collection":[{"href":"https:\/\/www.leblogdescoutheillas.com\/index.php?rest_route=\/wp\/v2\/posts"}],"about":[{"href":"https:\/\/www.leblogdescoutheillas.com\/index.php?rest_route=\/wp\/v2\/types\/post"}],"author":[{"embeddable":true,"href":"https:\/\/www.leblogdescoutheillas.com\/index.php?rest_route=\/wp\/v2\/users\/1"}],"replies":[{"embeddable":true,"href":"https:\/\/www.leblogdescoutheillas.com\/index.php?rest_route=%2Fwp%2Fv2%2Fcomments&post=49392"}],"version-history":[{"count":0,"href":"https:\/\/www.leblogdescoutheillas.com\/index.php?rest_route=\/wp\/v2\/posts\/49392\/revisions"}],"wp:attachment":[{"href":"https:\/\/www.leblogdescoutheillas.com\/index.php?rest_route=%2Fwp%2Fv2%2Fmedia&parent=49392"}],"wp:term":[{"taxonomy":"category","embeddable":true,"href":"https:\/\/www.leblogdescoutheillas.com\/index.php?rest_route=%2Fwp%2Fv2%2Fcategories&post=49392"},{"taxonomy":"post_tag","embeddable":true,"href":"https:\/\/www.leblogdescoutheillas.com\/index.php?rest_route=%2Fwp%2Fv2%2Ftags&post=49392"}],"curies":[{"name":"wp","href":"https:\/\/api.w.org\/{rel}","templated":true}]}}