{"id":48698,"date":"2024-01-16T07:47:56","date_gmt":"2024-01-16T06:47:56","guid":{"rendered":"https:\/\/www.leblogdescoutheillas.com\/?p=48698"},"modified":"2024-01-17T08:07:13","modified_gmt":"2024-01-17T07:07:13","slug":"48698","status":"publish","type":"post","link":"https:\/\/www.leblogdescoutheillas.com\/?p=48698","title":{"rendered":"Les d\u00e9buts dans le monde d&rsquo;Armelle Poder"},"content":{"rendered":"<p style=\"text-align: justify;\"><span style=\"color: #0000ff;\"><em>Le texte qui suit est extrait du roman Histoire de Dashiell Stiller et plus particuli\u00e8rement du 3\u00e8me chapitre. C&rsquo;est Armelle Poder qui raconte son histoire. Il faut que vous sachiez qu&rsquo;elle pr\u00e9f\u00e8re qu&rsquo;on l&rsquo;appelle Simone Renoir. Elle trouve que \u00e7a fait \u00a0plus distingu\u00e9.<\/em><\/span><\/p>\n<p style=\"text-align: justify;\">(&#8230;)<br \/>\nBon, apr\u00e8s \u00e7a, on a v\u00e9cu des moments difficiles, Sammy et moi. J&rsquo;avais plus de travail, plus de chambre, plus rien. Il a bien voulu que j&#8217;emm\u00e9nage avec lui dans sa chambre rue d&rsquo;Odessa. La chambre \u00e9tait pas terrible, mais moi j&rsquo;\u00e9tais heureuse, vous pensez, toute la journ\u00e9e avec Sammy, \u00e0 m&rsquo;occuper de lui et tout. Mais au bout d&rsquo;une semaine, il m&rsquo;a dit que c&rsquo;\u00e9tait pas tout \u00e7a, que c&rsquo;\u00e9tait bien beau l&rsquo;amour et l&rsquo;eau fraiche, mais que \u00e7a manquait de beurre dans les \u00e9pinards et qu&rsquo;il allait falloir voir \u00e0 me mettre au boulot. Quand j&rsquo;ai compris que le boulot, c&rsquo;\u00e9tait le ruban&#8230;<br \/>\n&#8230;<br \/>\nLe ruban ? Ben, c&rsquo;est le trottoir, le turf, la racole&#8230; faire la pute, quoi ! Quand j&rsquo;ai compris que c&rsquo;\u00e9tait \u00e7a, j&rsquo;ai refus\u00e9 tout net. Alors il m&rsquo;a flanqu\u00e9 une de ces roustes. J&rsquo;\u00e9tais une ingrate \u2014 une ingrate, c&rsquo;est une moins que rien, une qu&rsquo;a pas la reconnaissance du ventre, qu&rsquo;il m&rsquo;a dit \u2014 et qu&rsquo;avec tous les sacrifices qu&rsquo;il avait fait pour moi, il pensait que je pourrais bien faire \u00e7a pour lui, une fois de temps en temps. Quand j&rsquo;ai dit \u00ab\u00a0Jamais !\u00a0\u00bb, il m&rsquo;a flanqu\u00e9 <!--more-->une deuxi\u00e8me rouste et il m&rsquo;a fichue dehors. Il ne voulait plus jamais me voir, m\u00eame si je revenais en rampant. Ben, c&rsquo;\u00e9tait pas vrai parce que, quand je suis revenue trois jours plus tard, j&rsquo;ai pas vraiment ramp\u00e9, mais il m&rsquo;a reprise quand m\u00eame. Et je me suis mise au turbin. Qu&rsquo;est-ce que vous vouliez que je fasse ? Je pouvais pas vivre sans lui. Et puis, la passe, c&rsquo;est pas si terrible, vous savez. \u00c7a d\u00e9pend beaucoup du quartier. Il y a des coins o\u00f9 je voudrais pas aller, hein, pour rien au monde. Les Fortifs, par exemple, c&rsquo;est que des cingl\u00e9s, l\u00e0-bas, dangereux, m\u00eame. La rue Blondel, c&rsquo;est \u00e0 peine mieux&#8230; de l&rsquo;abattage. Mais ici, \u00e0 Montparnasse, \u00e7a va&#8230; des artistes, des gens du monde, des \u00e9tudiants, \u00e7a va. Et puis, j&rsquo;y suis pas rest\u00e9e longtemps sur le ruban. Comme j&rsquo;\u00e9tais plut\u00f4t dou\u00e9e et que j&rsquo;avais de la classe \u2014 \u00e7a c&rsquo;\u00e9tait gr\u00e2ce aux Garrouste : ils supportaient pas que je cause mal \u2014 Sammy m&rsquo;a install\u00e9e dans un petit studio rue Br\u00e9a et l\u00e0, j&rsquo;ai commenc\u00e9 \u00e0 monter en grade. \u00c7a marchait de mieux en mieux et au bout de trois mois, on a pu s&rsquo;acheter une voiture d\u00e9capotable. Un petit coup\u00e9 Celta 4, une affaire sensationnelle d&rsquo;apr\u00e8s Sammy. Il m&rsquo;a emmen\u00e9e au bord de la mer, deux fois. Oh, pas en Bretagne, non c&rsquo;est trop loin, mais en Normandie, \u00e0 Cabourg. C&rsquo;est m\u00eame l\u00e0 que j&rsquo;ai rencontr\u00e9 Antoine.<\/p>\n<p style=\"font-weight: 400; text-align: justify;\">&#8230;<\/p>\n<p style=\"font-weight: 400; text-align: justify;\">Antoine, c&rsquo;est l&rsquo;homme au chapeau de paille \u00e0 c\u00f4t\u00e9 de moi sur la photo. On \u00e9tait en train de prendre un th\u00e9 face \u00e0 la mer sur la terrasse du Grand H\u00f4tel. C&rsquo;\u00e9tait \u00e0 P\u00e2ques, je m&rsquo;en souviens comme si c&rsquo;\u00e9tait hier. Il faisait presque chaud. Sammy avait son beau costume ray\u00e9 en alpaga. Moi, je portais une tr\u00e8s jolie petite robe de chez Valentino, avec un bibi en paille tress\u00e9e tr\u00e8s chic. En fait, elle \u00e9tait pas de chez Valentino, ma robe. C&rsquo;est Dora, une copine, qui me faisait mes robes \u00e0 l&rsquo;\u00e9poque. Elle avait copi\u00e9e celle-l\u00e0 sur un mod\u00e8le de Valentino. Elle non plus, elle a pas eu de chance, Dora. En 42, elle s&rsquo;est fait embarquer dans une rafle. Personne ne l&rsquo;a jamais revue. Faut croire qu&rsquo;elle \u00e9tait juive elle aussi. Bon, enfin&#8230; Nous voil\u00e0 \u00e0 la terrasse du Grand H\u00f4tel en train de regarder les mouettes, et il y a un type qui s&rsquo;assied \u00e0 la table d&rsquo;\u00e0 c\u00f4t\u00e9. C&rsquo;\u00e9tait Antoine, bien s\u00fbr, bien habill\u00e9, pantalon blanc, chemise idem \u00e0 manches courtes, canne, chapeau de paille et chaussures l\u00e9g\u00e8res en cuir. Il \u00e9tait pas vraiment beau, Antoine, mais il avait une sacr\u00e9e classe. Sammy a engag\u00e9 la conversation (&#8230;)<\/p>\n<p style=\"text-align: center;\"><a href=\"https:\/\/www.amazon.fr\/s?k=philippe+coutheillas&amp;crid=3AQAKPC7L91I1&amp;sprefix=,aps,257&amp;ref=nb_sb_ss_recent_1_0_recent\" target=\"_blank\" rel=\"noopener\"><span style=\"color: #0000ff;\"><strong><em>Si par hasard vous \u00e9prouviez le besoin urgent de lire ce qu&rsquo;il y a avant et apr\u00e8s cet extrait, il vous suffirait de cliquer sur l&rsquo;image qui suit. En g\u00e9n\u00e9ral, Amazon.fr livre en trois ou quatre jours.\u00a0<\/em><\/strong><\/span><\/a><\/p>\n<p><a href=\"https:\/\/www.amazon.fr\/s?k=philippe+coutheillas&amp;crid=3AQAKPC7L91I1&amp;sprefix=,aps,257&amp;ref=nb_sb_ss_recent_1_0_recent\" target=\"_blank\" rel=\"noopener\"><img loading=\"lazy\" decoding=\"async\" class=\"size-medium wp-image-46291 aligncenter\" src=\"https:\/\/www.leblogdescoutheillas.com\/wp-content\/uploads\/2023\/07\/Couverture-HDS-189x300.png\" alt=\"\" width=\"189\" height=\"300\" srcset=\"https:\/\/www.leblogdescoutheillas.com\/wp-content\/uploads\/2023\/07\/Couverture-HDS-189x300.png 189w, https:\/\/www.leblogdescoutheillas.com\/wp-content\/uploads\/2023\/07\/Couverture-HDS.png 215w\" sizes=\"auto, (max-width: 189px) 100vw, 189px\" \/><\/a><\/p>\n","protected":false},"excerpt":{"rendered":"<p>Le texte qui suit est extrait du roman Histoire de Dashiell Stiller et plus particuli\u00e8rement du 3\u00e8me chapitre. C&rsquo;est Armelle Poder qui raconte son histoire. Il faut que vous sachiez qu&rsquo;elle pr\u00e9f\u00e8re qu&rsquo;on l&rsquo;appelle Simone Renoir. Elle trouve que \u00e7a fait \u00a0plus distingu\u00e9. (&#8230;) Bon, apr\u00e8s \u00e7a, on a v\u00e9cu des moments difficiles, Sammy et &hellip; <a href=\"https:\/\/www.leblogdescoutheillas.com\/?p=48698\" class=\"more-link\">Continuer la lecture de <span class=\"screen-reader-text\">Les d\u00e9buts dans le monde d&rsquo;Armelle Poder<\/span> <span class=\"meta-nav\">&rarr;<\/span><\/a><\/p>\n","protected":false},"author":1,"featured_media":0,"comment_status":"open","ping_status":"open","sticky":false,"template":"","format":"standard","meta":{"_mo_disable_npp":"","jetpack_post_was_ever_published":false,"_jetpack_newsletter_access":"","_jetpack_dont_email_post_to_subs":false,"_jetpack_newsletter_tier_id":0,"_jetpack_memberships_contains_paywalled_content":false,"_jetpack_memberships_contains_paid_content":false,"footnotes":"","jetpack_publicize_message":"","jetpack_publicize_feature_enabled":true,"jetpack_social_post_already_shared":true,"jetpack_social_options":{"image_generator_settings":{"template":"highway","default_image_id":0,"font":"","enabled":false},"version":2}},"categories":[4],"tags":[2047],"class_list":["post-48698","post","type-post","status-publish","format-standard","hentry","category-citations","tag-histoire-de-dashiell-stiller"],"jetpack_publicize_connections":[],"jetpack_featured_media_url":"","jetpack_sharing_enabled":true,"_links":{"self":[{"href":"https:\/\/www.leblogdescoutheillas.com\/index.php?rest_route=\/wp\/v2\/posts\/48698","targetHints":{"allow":["GET"]}}],"collection":[{"href":"https:\/\/www.leblogdescoutheillas.com\/index.php?rest_route=\/wp\/v2\/posts"}],"about":[{"href":"https:\/\/www.leblogdescoutheillas.com\/index.php?rest_route=\/wp\/v2\/types\/post"}],"author":[{"embeddable":true,"href":"https:\/\/www.leblogdescoutheillas.com\/index.php?rest_route=\/wp\/v2\/users\/1"}],"replies":[{"embeddable":true,"href":"https:\/\/www.leblogdescoutheillas.com\/index.php?rest_route=%2Fwp%2Fv2%2Fcomments&post=48698"}],"version-history":[{"count":0,"href":"https:\/\/www.leblogdescoutheillas.com\/index.php?rest_route=\/wp\/v2\/posts\/48698\/revisions"}],"wp:attachment":[{"href":"https:\/\/www.leblogdescoutheillas.com\/index.php?rest_route=%2Fwp%2Fv2%2Fmedia&parent=48698"}],"wp:term":[{"taxonomy":"category","embeddable":true,"href":"https:\/\/www.leblogdescoutheillas.com\/index.php?rest_route=%2Fwp%2Fv2%2Fcategories&post=48698"},{"taxonomy":"post_tag","embeddable":true,"href":"https:\/\/www.leblogdescoutheillas.com\/index.php?rest_route=%2Fwp%2Fv2%2Ftags&post=48698"}],"curies":[{"name":"wp","href":"https:\/\/api.w.org\/{rel}","templated":true}]}}