{"id":45688,"date":"2023-07-14T16:47:23","date_gmt":"2023-07-14T14:47:23","guid":{"rendered":"https:\/\/www.leblogdescoutheillas.com\/?p=45688"},"modified":"2023-07-14T21:53:32","modified_gmt":"2023-07-14T19:53:32","slug":"prefaces-14","status":"publish","type":"post","link":"https:\/\/www.leblogdescoutheillas.com\/?p=45688","title":{"rendered":"PR\u00c9FACES (14)"},"content":{"rendered":"<p style=\"font-weight: 400; text-align: justify;\"><strong>CIRCONSTANCES ATT\u00c9NUANTES<sup>(1)<\/sup><\/strong><\/p>\n<p style=\"font-weight: 400; text-align: justify;\"><strong>Il y a une dizaine d\u2019ann\u00e9es, j\u2019ai fr\u00e9quent\u00e9 assidument plusieurs ateliers d\u2019\u00e9criture, en fait trois ateliers. Non pas qu\u2019\u00e0 mon avis, un atelier puisse vraiment vous apprendre comment \u00e9crire, mais avec les contraintes de temps, de sujet, \u00e9ventuellement de style, de point de vue qu\u2019il vous impose, il vous am\u00e8ne \u00e0 quitter de temps en temps votre zone de confort, \u00e0 tenter de sortir de votre piste bleue habituelle pour aller skier un peu sur une piste rouge ou, pourquoi pas, hors piste.<\/strong><\/p>\n<p style=\"font-weight: 400; text-align: justify;\"><strong>Le premier atelier que je fr\u00e9quentai fut le plus formateur, le plus agr\u00e9able aussi. Un ambiance calme et bienveillante, et modeste aussi, c\u2019est important, et utile parfois. Au d\u00e9tour d\u2019une remarque de l\u2019animatrice ou de l\u2019un des membres, vous saisissez brusquement que dans ce texte, vous avez abus\u00e9 des adjectifs, ou des incises, ou des clins d\u2019\u0153il au lecteur. Avec le second, on changeait de niveau litt\u00e9raire avec des membres dont les \u00e9tudes universitaires sortaient par les pores de leur peau. Sans doute \u00e0 cause de cela et aussi de l\u2019insuffisance<!--more--> de l\u2019animatrice, je n\u2019y ai pas \u00e9t\u00e9 bien. Avec le troisi\u00e8me, atelier en ligne, on est tomb\u00e9 dans l\u2019exploitation du pauvre \u00e9crivant. Je donne son nom pour que vous n\u2019y tombiez pas \u00e0 votre tour\u00a0: The Artist Academy. Je n\u2019en dirai pas davantage.<\/strong><\/p>\n<p style=\"font-weight: 400; text-align: justify;\"><strong>C\u2019est au cours d\u2019une des s\u00e9ances de ce premier atelier que j\u2019ai \u00e9crit ces Circonstances att\u00e9nuantes. Quel \u00e9tait le th\u00e8me de cet exercice\u00a0? Fallait-il raconter quelques faits aga\u00e7ants de la vie quotidienne, ou des petits meurtres sans importance\u00a0? J\u2019ai oubli\u00e9<\/strong>.<\/p>\n<p style=\"font-weight: 400; text-align: center;\"><strong>*<\/strong><\/p>\n<p style=\"text-align: justify;\"><em>Cette nouvelle fait partie du \u00a0recueil intitul\u00e9 \u00ab\u00a0La Mitro\u00a0\u00bb. Cette pr\u00e9face est destin\u00e9e \u00e0 vous donner envie de la lire, d&rsquo;acheter le livre, \u00e9ventuellement de le lire en entier, et surtout, surtout, que vous l&rsquo;ayez lu ou non, d&rsquo;\u00e9mettre un avis, un commentaire, une appr\u00e9ciation, deux lignes, trois mots sur le bouquin.\u00a0<\/em><\/p>\n<p style=\"font-weight: 400; text-align: justify;\"><span style=\"color: #0000ff;\"><em><sup>Rappel(1)<\/sup><\/em><em> : Isaac Asimov (1920-1992) fait partie de mes \u00e9crivains pr\u00e9f\u00e9r\u00e9s et, en mati\u00e8re de science fiction, il <u>est<\/u> mon \u00e9crivain pr\u00e9f\u00e9r\u00e9. Ceux qui ont lu les histoires de robots d\u2019Asimov ou n\u2019importe quel volume de sa saga Fondation comprendront pourquoi.<br \/>\n<\/em><em>Dans les r\u00e9\u00e9ditions de ses innombrables nouvelles, Asimov aimait ajouter \u00e0 chacune d\u2019entre elles une br\u00e8ve introduction. En quelques lignes, il expliquait pourquoi il avait \u00e9crit celle-ci, ce qui avait inspir\u00e9 celle-l\u00e0, combien de fois elle avait \u00e9t\u00e9 refus\u00e9e par son \u00e9diteur et souvent combien de dollars elle lui avait \u00e9t\u00e9 pay\u00e9e.<br \/>\n<\/em><em>Eh bien, moi, pour faire comme Asimov et pour faciliter le travail de ceux qui pr\u00e9pareront dans quelques ann\u00e9es une anthologie de mes \u0153uvres, et pour amener le lecteur courant \u00e0 une meilleure compr\u00e9hension de chaque nouvelle du recueil \u00ab\u00a0La Mitro\u00a0\u00bb,\u00a0 je fais la m\u00eame chose, et j\u2019appelle \u00e7a <strong>Pr\u00e9faces<\/strong>.<\/em><\/span><\/p>\n<p><span class=\"Apple-converted-space\"><img loading=\"lazy\" decoding=\"async\" class=\"wp-image-44568 aligncenter\" src=\"https:\/\/www.leblogdescoutheillas.com\/wp-content\/uploads\/2023\/04\/La-mitro.png\" sizes=\"auto, (max-width: 87px) 100vw, 87px\" srcset=\"https:\/\/www.leblogdescoutheillas.com\/wp-content\/uploads\/2023\/04\/La-mitro.png 288w, https:\/\/www.leblogdescoutheillas.com\/wp-content\/uploads\/2023\/04\/La-mitro-188x300.png 188w\" alt=\"\" width=\"87\" height=\"138\" \/><\/span><\/p>\n<h2 style=\"text-align: center;\"><strong>Cliquez vers \u00a0\u2014&gt; <a href=\"https:\/\/www.amazon.fr\/MITRO-autres-dr\u00f4les-dhistoires\/dp\/B0C2RTN6X1\/ref=sr_1_2?crid=1YNRNC1XK4WYO&amp;keywords=philippe+coutheillas&amp;qid=1685291882&amp;sprefix=,aps,155&amp;sr=8-2\" target=\"_blank\" rel=\"noopener\">LA MITRO\u00a0<\/a><\/strong><\/h2>\n<p><span style=\"color: #ff0000;\">Mais cliquez donc !<\/span><\/p>\n","protected":false},"excerpt":{"rendered":"<p>CIRCONSTANCES ATT\u00c9NUANTES(1) Il y a une dizaine d\u2019ann\u00e9es, j\u2019ai fr\u00e9quent\u00e9 assidument plusieurs ateliers d\u2019\u00e9criture, en fait trois ateliers. Non pas qu\u2019\u00e0 mon avis, un atelier puisse vraiment vous apprendre comment \u00e9crire, mais avec les contraintes de temps, de sujet, \u00e9ventuellement de style, de point de vue qu\u2019il vous impose, il vous am\u00e8ne \u00e0 quitter de &hellip; <a href=\"https:\/\/www.leblogdescoutheillas.com\/?p=45688\" class=\"more-link\">Continuer la lecture de <span class=\"screen-reader-text\">PR\u00c9FACES (14)<\/span> <span class=\"meta-nav\">&rarr;<\/span><\/a><\/p>\n","protected":false},"author":1,"featured_media":0,"comment_status":"open","ping_status":"open","sticky":false,"template":"","format":"standard","meta":{"_mo_disable_npp":"","_jetpack_newsletter_access":"","_jetpack_dont_email_post_to_subs":false,"_jetpack_newsletter_tier_id":0,"_jetpack_memberships_contains_paywalled_content":false,"_jetpack_feature_clip_id":0,"_jetpack_memberships_contains_paid_content":false,"footnotes":"","jetpack_publicize_message":"","jetpack_publicize_feature_enabled":true,"jetpack_social_post_already_shared":true,"jetpack_social_options":{"image_generator_settings":{"template":"highway","default_image_id":0,"font":"","enabled":false},"version":2},"jetpack_post_was_ever_published":false},"categories":[6],"tags":[21],"class_list":["post-45688","post","type-post","status-publish","format-standard","hentry","category-news","tag-philippe"],"jetpack_publicize_connections":[],"jetpack_sharing_enabled":true,"jetpack_featured_media_url":"","_links":{"self":[{"href":"https:\/\/www.leblogdescoutheillas.com\/index.php?rest_route=\/wp\/v2\/posts\/45688","targetHints":{"allow":["GET"]}}],"collection":[{"href":"https:\/\/www.leblogdescoutheillas.com\/index.php?rest_route=\/wp\/v2\/posts"}],"about":[{"href":"https:\/\/www.leblogdescoutheillas.com\/index.php?rest_route=\/wp\/v2\/types\/post"}],"author":[{"embeddable":true,"href":"https:\/\/www.leblogdescoutheillas.com\/index.php?rest_route=\/wp\/v2\/users\/1"}],"replies":[{"embeddable":true,"href":"https:\/\/www.leblogdescoutheillas.com\/index.php?rest_route=%2Fwp%2Fv2%2Fcomments&post=45688"}],"version-history":[{"count":0,"href":"https:\/\/www.leblogdescoutheillas.com\/index.php?rest_route=\/wp\/v2\/posts\/45688\/revisions"}],"wp:attachment":[{"href":"https:\/\/www.leblogdescoutheillas.com\/index.php?rest_route=%2Fwp%2Fv2%2Fmedia&parent=45688"}],"wp:term":[{"taxonomy":"category","embeddable":true,"href":"https:\/\/www.leblogdescoutheillas.com\/index.php?rest_route=%2Fwp%2Fv2%2Fcategories&post=45688"},{"taxonomy":"post_tag","embeddable":true,"href":"https:\/\/www.leblogdescoutheillas.com\/index.php?rest_route=%2Fwp%2Fv2%2Ftags&post=45688"}],"curies":[{"name":"wp","href":"https:\/\/api.w.org\/{rel}","templated":true}]}}