{"id":45399,"date":"2023-06-27T16:47:48","date_gmt":"2023-06-27T14:47:48","guid":{"rendered":"https:\/\/www.leblogdescoutheillas.com\/?p=45399"},"modified":"2023-06-30T13:00:41","modified_gmt":"2023-06-30T11:00:41","slug":"les-corneilles-du-septieme-ciel-26","status":"publish","type":"post","link":"https:\/\/www.leblogdescoutheillas.com\/?p=45399","title":{"rendered":"Les corneilles du septi\u00e8me ciel (26)"},"content":{"rendered":"<p style=\"font-weight: 400; text-align: center;\"><strong>Chapitre XXVI<\/strong><\/p>\n<p style=\"font-weight: 400; text-align: justify;\">Comme s\u2019y attendent ceux qui ont eu la gentillesse de lire les chapitres pr\u00e9c\u00e9dents, la relation de Fran\u00e7oise et Pierre devint de plus en plus intime. Sans qu\u2019il soit n\u00e9cessaire de se livrer \u00e0 des descriptions triviales au risque de d\u00e9cevoir certaine abonn\u00e9e pyr\u00e9n\u00e9enne, m\u00eame les moins perspicaces auront devin\u00e9 en les voyant enlac\u00e9s que leur amiti\u00e9 n\u2019en \u00e9tait d\u00e9j\u00e0 plus une. Quel nom donner \u00e0 ce moment irr\u00e9el que nous avons connu, au moins une fois pour les plus chanceux, o\u00f9 l\u2019on sent que notre vie est en train de basculer vers <!--more-->un avenir inesp\u00e9r\u00e9\u00a0?<\/p>\n<p style=\"font-weight: 400; text-align: justify;\">Pour gagner du temps, il n\u2019y aura donc pas de chapitres consacr\u00e9s aux \u00e9bats nocturnes, et pas seulement nocturnes, des deux jeunes tourtereaux. En plus d\u2019une relation physique qui s\u2019\u00e9panouissait de jour en jour, ils avaient la chance de bien s\u2019entendre au quotidien. L\u2019achat d\u2019un steak hach\u00e9 plut\u00f4t que d\u2019un dos de cabillaud ne leur posait aucun probl\u00e8me m\u00e9taphysique. Pour le vin, Fran\u00e7oise \u00e9tait ignare et Pierre jouait sur du velours. Il lui fit d\u00e9couvrir des merveilles dont elle oubliait imm\u00e9diatement les noms en raison de son manque d\u2019entrainement. Leur idylle intriguait les connaisseurs\u00a0parce qu\u2019ils ne se ressemblaient pas du tout. Ils \u00e9taient m\u00eame \u00e0 l\u2019oppos\u00e9 l\u2019un de l\u2019autre\u00a0: elle, pragmatique, pour ne pas dire pinailleuse, lui, id\u00e9aliste, pour ne pas dire \u00e0 c\u00f4t\u00e9 de ses pompes. Mais ainsi va la vie et leurs diff\u00e9rences furent la raison de leur bonheur. Au d\u00e9part, sur la petite barque du marais, leur rencontre avait-elle \u00e9t\u00e9 un coup de foudre\u00a0? A cette \u00e9poque, Fran\u00e7oise avait des motivations peu sentimentales car, l\u2019\u00e2ge venant, elle ne supportait plus ses soir\u00e9es solitaires. A cette \u00e9poque aussi, elle avait oubli\u00e9 ses ann\u00e9es d\u2019errance sentimentale. Son psychanalyste en avait attribu\u00e9 la responsabilit\u00e9 \u00e0 l\u2019affreuse zigounette flasque de Bernard et au visage inhumain du poilu agonisant sous la fen\u00eatre de sa chambre \u00e0 Joigny. \u00a0Et il y avait de quoi ne pas s\u2019en remettre\u00a0! Lui, de deux ans plus jeune qu\u2019elle, souffrait d\u2019un retard qu\u2019il jugeait insurmontable sur la plupart de ses amis mari\u00e9s et d\u00e9j\u00e0 p\u00e8res d\u2019un ou deux enfants. Ah, les enfants, c\u2019\u00e9tait un monde dont il r\u00eavait\u00a0! Il savait que sa passion \u00e9tait une r\u00e9action \u00e0 sa propre enfance pass\u00e9e \u00e0 c\u00f4t\u00e9 d\u2019un p\u00e8re terrorisant et enferm\u00e9\u00a0du matin au soir dans ses pens\u00e9es. Certes, sa m\u00e8re avait compens\u00e9\u00a0au-del\u00e0 de l\u2019imaginable ce manque \u00e9l\u00e9mentaire d\u2019affection, mais la bienveillance paternelle d\u00e9couverte dans d\u2019autres familles lui avait cruellement manqu\u00e9. Sans la moindre id\u00e9e pr\u00e9con\u00e7ue, il \u00e9l\u00e8vera ses enfants de mani\u00e8re diam\u00e9tralement oppos\u00e9e \u00e0 l\u2019\u00e9ducation qu\u2019il avait re\u00e7ue chez lui. Certains diront que ce n\u2019est pas une bonne solution mais ce n\u2019est pas le propos d\u2019un conte de f\u00e9es.<\/p>\n<p style=\"font-weight: 400; text-align: justify;\">Fran\u00e7oise et Pierre eurent tr\u00e8s t\u00f4t l\u2019intuition que leur complicit\u00e9, psychologique et physique, viendrait \u00e0 bout de toutes les difficult\u00e9s de la vie. Ils ne croyaient pas si bien dire \u2026 Ils se chamaillaient parfois, pour des broutilles comme le choix d\u2019une place de parking ou les \u00e9conomies d\u2019\u00e9lectricit\u00e9, mais, pour les choix fondamentaux, ils \u00e9taient toujours d\u2019accord. En toute logique, sur ces bases solides, ils d\u00e9cid\u00e8rent, un soir o\u00f9 ils avaient un peu abus\u00e9 du Haut-Poitou, de se marier. Quelles ne furent pas la joie de la maman de Fran\u00e7oise et la tristesse r\u00e9sign\u00e9e d\u2019Annick\u00a0! Les parents de Pierre s\u2019inqui\u00e9t\u00e8rent de leur diff\u00e9rence d\u2019\u00e2ges (deux ans) ce qui lui sembla non pas d\u00e9risoire mais stupide. A leurs arguments d\u2019un autre temps, il r\u00e9pondit\u00a0: \u00ab\u00a0C\u2019est comme \u00e7a, non n\u00e9gociable\u00a0\u00bb.<\/p>\n<p style=\"font-weight: 400; text-align: justify;\">Continuer \u00e0 vivre \u00e0 Poitiers, telle \u00e9tait la premi\u00e8re question qui allait se poser au jeune couple.<\/p>\n<p><span style=\"color: #0000ff;\"><em>A SUIVRE<\/em><\/span><\/p>\n","protected":false},"excerpt":{"rendered":"<p>Chapitre XXVI Comme s\u2019y attendent ceux qui ont eu la gentillesse de lire les chapitres pr\u00e9c\u00e9dents, la relation de Fran\u00e7oise et Pierre devint de plus en plus intime. Sans qu\u2019il soit n\u00e9cessaire de se livrer \u00e0 des descriptions triviales au risque de d\u00e9cevoir certaine abonn\u00e9e pyr\u00e9n\u00e9enne, m\u00eame les moins perspicaces auront devin\u00e9 en les voyant &hellip; <a href=\"https:\/\/www.leblogdescoutheillas.com\/?p=45399\" class=\"more-link\">Continuer la lecture de <span class=\"screen-reader-text\">Les corneilles du septi\u00e8me ciel (26)<\/span> <span class=\"meta-nav\">&rarr;<\/span><\/a><\/p>\n","protected":false},"author":1,"featured_media":0,"comment_status":"open","ping_status":"open","sticky":false,"template":"","format":"standard","meta":{"_mo_disable_npp":"","jetpack_post_was_ever_published":false,"_jetpack_newsletter_access":"","_jetpack_dont_email_post_to_subs":false,"_jetpack_newsletter_tier_id":0,"_jetpack_memberships_contains_paywalled_content":false,"_jetpack_memberships_contains_paid_content":false,"footnotes":"","jetpack_publicize_message":"","jetpack_publicize_feature_enabled":true,"jetpack_social_post_already_shared":true,"jetpack_social_options":{"image_generator_settings":{"template":"highway","default_image_id":0,"font":"","enabled":false},"version":2}},"categories":[13],"tags":[1372],"class_list":["post-45399","post","type-post","status-publish","format-standard","hentry","category-fiction","tag-lorenzo"],"jetpack_publicize_connections":[],"jetpack_featured_media_url":"","jetpack_sharing_enabled":true,"_links":{"self":[{"href":"https:\/\/www.leblogdescoutheillas.com\/index.php?rest_route=\/wp\/v2\/posts\/45399","targetHints":{"allow":["GET"]}}],"collection":[{"href":"https:\/\/www.leblogdescoutheillas.com\/index.php?rest_route=\/wp\/v2\/posts"}],"about":[{"href":"https:\/\/www.leblogdescoutheillas.com\/index.php?rest_route=\/wp\/v2\/types\/post"}],"author":[{"embeddable":true,"href":"https:\/\/www.leblogdescoutheillas.com\/index.php?rest_route=\/wp\/v2\/users\/1"}],"replies":[{"embeddable":true,"href":"https:\/\/www.leblogdescoutheillas.com\/index.php?rest_route=%2Fwp%2Fv2%2Fcomments&post=45399"}],"version-history":[{"count":0,"href":"https:\/\/www.leblogdescoutheillas.com\/index.php?rest_route=\/wp\/v2\/posts\/45399\/revisions"}],"wp:attachment":[{"href":"https:\/\/www.leblogdescoutheillas.com\/index.php?rest_route=%2Fwp%2Fv2%2Fmedia&parent=45399"}],"wp:term":[{"taxonomy":"category","embeddable":true,"href":"https:\/\/www.leblogdescoutheillas.com\/index.php?rest_route=%2Fwp%2Fv2%2Fcategories&post=45399"},{"taxonomy":"post_tag","embeddable":true,"href":"https:\/\/www.leblogdescoutheillas.com\/index.php?rest_route=%2Fwp%2Fv2%2Ftags&post=45399"}],"curies":[{"name":"wp","href":"https:\/\/api.w.org\/{rel}","templated":true}]}}