{"id":42287,"date":"2023-02-08T16:47:31","date_gmt":"2023-02-08T15:47:31","guid":{"rendered":"https:\/\/www.leblogdescoutheillas.com\/?p=42287"},"modified":"2023-02-09T08:00:18","modified_gmt":"2023-02-09T07:00:18","slug":"rendez-vous-a-cinq-heures-en-sologne","status":"publish","type":"post","link":"https:\/\/www.leblogdescoutheillas.com\/?p=42287","title":{"rendered":"Rendez-vous \u00e0 cinq heures en Sologne"},"content":{"rendered":"<p style=\"text-align: right;\"><span style=\"color: #008000;\"><em>temps de lecture : 1 minute<\/em><\/span><\/p>\n<p style=\"text-align: left;\"><strong style=\"color: #800080; text-align: justify;\"><em>la page de 16h47 est ouverte&#8230;<\/em><\/strong><\/p>\n<p style=\"text-align: justify;\"><img loading=\"lazy\" decoding=\"async\" class=\"aligncenter wp-image-23460\" src=\"http:\/\/www.leblogdescoutheillas.com\/wp-content\/uploads\/2020\/05\/TASSE-DE-THE%CC%81.jpg\" alt=\"\" width=\"62\" height=\"79\" \/><\/p>\n<p style=\"font-weight: 400; text-align: center;\"><strong>Il arriva chez nous un dimanche de novembre 189&#8230;<\/strong><\/p>\n<div style=\"text-align: center;\">Cette premi\u00e8re ligne du Grand \u00a0Meaulnes me rappelle avec \u00e9motion<br \/>\nCe dimanche de novembre o\u00f9, pour la premi\u00e8re fois, \u00a0m\u2019est apparu<br \/>\nLe d\u00e9cor merveilleux de ce merveilleux roman.<br \/>\nLa Sologne est entr\u00e9e dans ma vie ce jour-l\u00e0<br \/>\nEt ne m\u2019a plus quitt\u00e9.<br \/>\nCe pays longtemps r\u00eav\u00e9, je l\u2019ai bien connu<br \/>\nEt j\u2019ai maintes fois parcouru jusqu\u2019au soir tomb\u00e9<br \/>\nLes all\u00e9es sombres de ma Sologne.<br \/>\nJ\u2019ai contempl\u00e9 les \u00e9tangs gel\u00e9s couverts de brume,<br \/>\nJ\u2019ai devin\u00e9 l\u2019envol bruyant des <!--more-->canards sauvages,<br \/>\nJ\u2019ai attendu immobile le passage des grands gibiers<br \/>\net je fus souvent r\u00e9compens\u00e9.<br \/>\nJ\u2019ai entendu fr\u00e9mir les grands arbres<br \/>\nAux temp\u00eates de la mauvaise saison.<br \/>\nJe me suis perdu au plus profond des fourr\u00e9es<br \/>\nEt j\u2019ai enfonc\u00e9 mes bottes, tel un gamin d\u00e9sob\u00e9issant,<br \/>\nDans les chemins inond\u00e9s de pluie.<br \/>\nJe suis parti mille fois pour une aventure toujours diff\u00e9rente<br \/>\nO\u00f9 le changement de saisons et l&rsquo;incessante variation de la lumi\u00e8reTransforment \u00e0 l\u2019infini ce d\u00e9cor magique.<br \/>\nPartir seul dans la for\u00eat et ne pas savoir quand je reviendrai,<br \/>\nD\u00e9couvrir la couleur fauve des feuillages de l\u2019automne,<br \/>\nRevoir un jour le grand cerf indiff\u00e9rent sous les flocons de neige,<br \/>\nFouler encore le tapis orang\u00e9 de girolles odorantes,<br \/>\nMe laisser envahir par l\u2019obscurit\u00e9 bruyante de plaintes inconnues,<br \/>\nRevenir fourbu de sensations sauvages<br \/>\nEt m\u2019en reposer aupr\u00e8s du grand feu.<br \/>\nVoil\u00e0 ce qu\u2019est la Sologne\u00a0:<br \/>\nLa perception de l\u2019inimaginable.<br \/>\n<img loading=\"lazy\" decoding=\"async\" class=\"aligncenter size-full wp-image-42291\" src=\"https:\/\/www.leblogdescoutheillas.com\/wp-content\/uploads\/2023\/01\/Sologne-Mallet.png\" alt=\"\" width=\"595\" height=\"387\" srcset=\"https:\/\/www.leblogdescoutheillas.com\/wp-content\/uploads\/2023\/01\/Sologne-Mallet.png 595w, https:\/\/www.leblogdescoutheillas.com\/wp-content\/uploads\/2023\/01\/Sologne-Mallet-300x195.png 300w\" sizes=\"auto, (max-width: 595px) 100vw, 595px\" \/><\/div>\n<p>&nbsp;<\/p>\n<h4 style=\"text-align: left;\"><span style=\"color: #666699;\"><em>Lorenzo dell\u2019Acqua<\/em><\/span><\/h4>\n","protected":false},"excerpt":{"rendered":"<p>temps de lecture : 1 minute la page de 16h47 est ouverte&#8230; Il arriva chez nous un dimanche de novembre 189&#8230; Cette premi\u00e8re ligne du Grand \u00a0Meaulnes me rappelle avec \u00e9motion Ce dimanche de novembre o\u00f9, pour la premi\u00e8re fois, \u00a0m\u2019est apparu Le d\u00e9cor merveilleux de ce merveilleux roman. La Sologne est entr\u00e9e dans ma &hellip; <a href=\"https:\/\/www.leblogdescoutheillas.com\/?p=42287\" class=\"more-link\">Continuer la lecture de <span class=\"screen-reader-text\">Rendez-vous \u00e0 cinq heures en Sologne<\/span> <span class=\"meta-nav\">&rarr;<\/span><\/a><\/p>\n","protected":false},"author":1,"featured_media":0,"comment_status":"open","ping_status":"open","sticky":false,"template":"","format":"standard","meta":{"_mo_disable_npp":"","jetpack_post_was_ever_published":false,"_jetpack_newsletter_access":"","_jetpack_dont_email_post_to_subs":false,"_jetpack_newsletter_tier_id":0,"_jetpack_memberships_contains_paywalled_content":false,"_jetpack_memberships_contains_paid_content":false,"footnotes":"","jetpack_publicize_message":"","jetpack_publicize_feature_enabled":true,"jetpack_social_post_already_shared":false,"jetpack_social_options":{"image_generator_settings":{"template":"highway","default_image_id":0,"font":"","enabled":false},"version":2}},"categories":[1],"tags":[1372],"class_list":["post-42287","post","type-post","status-publish","format-standard","hentry","category-non-classe","tag-lorenzo"],"jetpack_publicize_connections":[],"jetpack_featured_media_url":"","jetpack_sharing_enabled":true,"_links":{"self":[{"href":"https:\/\/www.leblogdescoutheillas.com\/index.php?rest_route=\/wp\/v2\/posts\/42287","targetHints":{"allow":["GET"]}}],"collection":[{"href":"https:\/\/www.leblogdescoutheillas.com\/index.php?rest_route=\/wp\/v2\/posts"}],"about":[{"href":"https:\/\/www.leblogdescoutheillas.com\/index.php?rest_route=\/wp\/v2\/types\/post"}],"author":[{"embeddable":true,"href":"https:\/\/www.leblogdescoutheillas.com\/index.php?rest_route=\/wp\/v2\/users\/1"}],"replies":[{"embeddable":true,"href":"https:\/\/www.leblogdescoutheillas.com\/index.php?rest_route=%2Fwp%2Fv2%2Fcomments&post=42287"}],"version-history":[{"count":0,"href":"https:\/\/www.leblogdescoutheillas.com\/index.php?rest_route=\/wp\/v2\/posts\/42287\/revisions"}],"wp:attachment":[{"href":"https:\/\/www.leblogdescoutheillas.com\/index.php?rest_route=%2Fwp%2Fv2%2Fmedia&parent=42287"}],"wp:term":[{"taxonomy":"category","embeddable":true,"href":"https:\/\/www.leblogdescoutheillas.com\/index.php?rest_route=%2Fwp%2Fv2%2Fcategories&post=42287"},{"taxonomy":"post_tag","embeddable":true,"href":"https:\/\/www.leblogdescoutheillas.com\/index.php?rest_route=%2Fwp%2Fv2%2Ftags&post=42287"}],"curies":[{"name":"wp","href":"https:\/\/api.w.org\/{rel}","templated":true}]}}