{"id":40736,"date":"2022-10-11T16:47:06","date_gmt":"2022-10-11T14:47:06","guid":{"rendered":"https:\/\/www.leblogdescoutheillas.com\/?p=40736"},"modified":"2022-10-13T13:51:24","modified_gmt":"2022-10-13T11:51:24","slug":"40736","status":"publish","type":"post","link":"https:\/\/www.leblogdescoutheillas.com\/?p=40736","title":{"rendered":"Rendez-vous \u00e0 cinq heures avec Pierre Adrian"},"content":{"rendered":"<p style=\"text-align: left;\"><strong style=\"color: #800080; text-align: justify;\"><em>la page de 16h47 est ouverte&#8230;<\/em><\/strong><\/p>\n<p style=\"text-align: justify;\"><img loading=\"lazy\" decoding=\"async\" class=\"aligncenter wp-image-23460\" src=\"http:\/\/www.leblogdescoutheillas.com\/wp-content\/uploads\/2020\/05\/TASSE-DE-THE%CC%81.jpg\" alt=\"\" width=\"62\" height=\"79\" \/><\/p>\n<p style=\"text-align: center;\"><span style=\"color: #0000ff;\"><b><i>Que reviennent ceux qui sont loin<\/i><\/b><br \/>\n<i>Roman de Pierre Adrian &#8211; Gallimard &#8211; 20\u20ac<\/i><\/span><\/p>\n<p style=\"text-align: justify;\">Ce roman m\u2019avait \u00e9t\u00e9 conseill\u00e9 par la rubrique litt\u00e9raire du Figaro Magazine ou bien celle de T\u00e9l\u00e9rama, deux mondes que tout oppose sauf le m\u00eame amour de la belle \u00e9criture. Cela n\u2019est pas nouveau\u00a0; tous les deux m\u2019ont fait d\u00e9couvrir quantit\u00e9 d\u2019\u00e9crits formidables. <b><i>Que reviennent ceux qui sont loin<\/i><\/b>, de Pierre Adrian, m\u2019a \u00e9mu pour au moins trois raisons\u00a0;<br \/>\n1) le th\u00e8me\u00a0: apr\u00e8s dix ans de vagabondages, le narrateur revient passer<!--more--> un \u00e9t\u00e9 dans la maison de vacances familiale au bord de l\u2019Atlantique non loin du phare de la Vierge. Ce n\u2019est pas la nostalgie du lieu que je connais pourtant bien mais celle de ma propre maison de vacances ou plut\u00f4t celle de ma\u00a0 famille o\u00f9 elle se rassemblait tous les \u00e9t\u00e9s pendant plus de trente ans qui en est la raison\u00a0;<br \/>\n2) le style, plus proche d\u2019une narration po\u00e9tique que d\u2019un r\u00e9cit autobiographique, et<br \/>\n3) la chute ou la moralit\u00e9 ou encore autre chose dont j\u2019ignore le nom qu\u2019il est impossible de r\u00e9v\u00e9ler \u00e0 ceux qui n\u2019ont pas lu le livre. Cette fable se termine par une belle le\u00e7on de (sur)vivre et je vous la recommande. Nos merveilleux souvenirs d\u2019enfance que la vie efface ne sont rien \u00e0 c\u00f4t\u00e9 des autres peines que nous r\u00e9serve l\u2019\u00e2ge adulte.<\/p>\n<p><span style=\"color: #0000ff;\"><em>Lorenzo dell\u2019Acqua<\/em><\/span><\/p>\n","protected":false},"excerpt":{"rendered":"<p>la page de 16h47 est ouverte&#8230; Que reviennent ceux qui sont loin Roman de Pierre Adrian &#8211; Gallimard &#8211; 20\u20ac Ce roman m\u2019avait \u00e9t\u00e9 conseill\u00e9 par la rubrique litt\u00e9raire du Figaro Magazine ou bien celle de T\u00e9l\u00e9rama, deux mondes que tout oppose sauf le m\u00eame amour de la belle \u00e9criture. Cela n\u2019est pas nouveau\u00a0; tous &hellip; <a href=\"https:\/\/www.leblogdescoutheillas.com\/?p=40736\" class=\"more-link\">Continuer la lecture de <span class=\"screen-reader-text\">Rendez-vous \u00e0 cinq heures avec Pierre Adrian<\/span> <span class=\"meta-nav\">&rarr;<\/span><\/a><\/p>\n","protected":false},"author":1,"featured_media":0,"comment_status":"open","ping_status":"open","sticky":false,"template":"","format":"standard","meta":{"_mo_disable_npp":"","jetpack_post_was_ever_published":false,"_jetpack_newsletter_access":"","_jetpack_dont_email_post_to_subs":false,"_jetpack_newsletter_tier_id":0,"_jetpack_memberships_contains_paywalled_content":false,"_jetpack_memberships_contains_paid_content":false,"footnotes":"","jetpack_publicize_message":"","jetpack_publicize_feature_enabled":true,"jetpack_social_post_already_shared":false,"jetpack_social_options":{"image_generator_settings":{"template":"highway","default_image_id":0,"font":"","enabled":false},"version":2}},"categories":[94],"tags":[1372],"class_list":["post-40736","post","type-post","status-publish","format-standard","hentry","category-critiques","tag-lorenzo"],"jetpack_publicize_connections":[],"jetpack_featured_media_url":"","jetpack_sharing_enabled":true,"_links":{"self":[{"href":"https:\/\/www.leblogdescoutheillas.com\/index.php?rest_route=\/wp\/v2\/posts\/40736","targetHints":{"allow":["GET"]}}],"collection":[{"href":"https:\/\/www.leblogdescoutheillas.com\/index.php?rest_route=\/wp\/v2\/posts"}],"about":[{"href":"https:\/\/www.leblogdescoutheillas.com\/index.php?rest_route=\/wp\/v2\/types\/post"}],"author":[{"embeddable":true,"href":"https:\/\/www.leblogdescoutheillas.com\/index.php?rest_route=\/wp\/v2\/users\/1"}],"replies":[{"embeddable":true,"href":"https:\/\/www.leblogdescoutheillas.com\/index.php?rest_route=%2Fwp%2Fv2%2Fcomments&post=40736"}],"version-history":[{"count":0,"href":"https:\/\/www.leblogdescoutheillas.com\/index.php?rest_route=\/wp\/v2\/posts\/40736\/revisions"}],"wp:attachment":[{"href":"https:\/\/www.leblogdescoutheillas.com\/index.php?rest_route=%2Fwp%2Fv2%2Fmedia&parent=40736"}],"wp:term":[{"taxonomy":"category","embeddable":true,"href":"https:\/\/www.leblogdescoutheillas.com\/index.php?rest_route=%2Fwp%2Fv2%2Fcategories&post=40736"},{"taxonomy":"post_tag","embeddable":true,"href":"https:\/\/www.leblogdescoutheillas.com\/index.php?rest_route=%2Fwp%2Fv2%2Ftags&post=40736"}],"curies":[{"name":"wp","href":"https:\/\/api.w.org\/{rel}","templated":true}]}}