{"id":39994,"date":"2022-09-22T07:47:20","date_gmt":"2022-09-22T05:47:20","guid":{"rendered":"https:\/\/www.leblogdescoutheillas.com\/?p=39994"},"modified":"2022-09-22T16:37:58","modified_gmt":"2022-09-22T14:37:58","slug":"39994","status":"publish","type":"post","link":"https:\/\/www.leblogdescoutheillas.com\/?p=39994","title":{"rendered":"\u00a0Luxe, calme et volupt\u00e9  (Couleur caf\u00e9 n\u00b032)"},"content":{"rendered":"<p style=\"text-align: right;\"><span style=\"color: #008000;\"><em>temps de lecture : 1 minute, m\u00eame pas\u00a0<\/em><\/span><\/p>\n<p style=\"font-weight: 400;\"><span style=\"color: #0000ff;\"><em>Couleur caf\u00e9 n\u00b032<\/em><\/span><\/p>\n<p style=\"font-weight: 400;\"><strong>Luxe, calme et volupt\u00e9<\/strong><\/p>\n<p style=\"font-weight: 400;\"><img loading=\"lazy\" decoding=\"async\" class=\"alignleft wp-image-40100\" src=\"https:\/\/www.leblogdescoutheillas.com\/wp-content\/uploads\/2022\/09\/Place-Dauphine.jpeg\" alt=\"\" width=\"259\" height=\"145\" \/>La Rose de France<br \/>\n<em>24 Place Dauphine, Paris 1<sup>er<\/sup><\/em><\/p>\n<p style=\"font-weight: 400; text-align: justify;\">Aujourd\u2019hui, ce matin, mon caf\u00e9, c\u2019est La Rose de France. Joli nom.<br \/>\nPlace Dauphine. Il est neuf heures et demi et le soleil vient de passer au-dessus du Palais de Justice. Il fait beau, il fait frais. Sur la place en triangle, on a ratiss\u00e9 le sable encore humide de la pluie de cette nuit. Au fond, deux gendarmes d\u00e9bonnaires et arm\u00e9s, jambes \u00e9cart\u00e9es, manches courtes, avant-bras crois\u00e9s sur leur mitraillette, se d\u00e9tachent <!--more-->sur la fa\u00e7ade blanche du Palais. Ils sont l\u00e0 pour surveiller la partie de boules que deux couples viennent d\u2019entamer en riant sous les jeunes arbres. Les galeries d\u2019art et les restaurants qui bordent la place sont encore ferm\u00e9s, mais quatre caf\u00e9s ont d\u00e9j\u00e0 install\u00e9 leurs parasols. Leurs premiers clients ach\u00e8vent leur petit d\u00e9jeuner. Moi, je commence le mien\u00a0; caf\u00e9 allong\u00e9, tartine&#8230;<br \/>\nIci, tout n\u2019est qu\u2019ordre et beaut\u00e9 et le ciel, par-dessus les toits, est si bleu, si calme ; une paisible rumeur nous vient de la ville ; le vie est l\u00e0, simple et&#8230;<br \/>\n\u2014 La note, s\u2019il vous plait&#8230;<br \/>\n&#8230;. 11,10\u20ac&#8230; Un caf\u00e9 allong\u00e9 : 7,60\u00a0; une tartine\u00a0: 3,50\u00a0; total : 11,10\u20ac&#8230; pas d&rsquo;erreur.<br \/>\n\u2014 Combien, le caf\u00e9 express, s&rsquo;il vous plait ?<br \/>\n\u2014 3,60, monsieur.<br \/>\n\u2014 Donc un caf\u00e9 \u00e0 3,60 additionn\u00e9 d&rsquo;un peu d&rsquo;eau chaude, \u00e7a fait 7,60\u20ac<br \/>\n\u2014 Ah ben merde alors !<\/p>\n","protected":false},"excerpt":{"rendered":"<p>temps de lecture : 1 minute, m\u00eame pas\u00a0 Couleur caf\u00e9 n\u00b032 Luxe, calme et volupt\u00e9 La Rose de France 24 Place Dauphine, Paris 1er Aujourd\u2019hui, ce matin, mon caf\u00e9, c\u2019est La Rose de France. Joli nom. Place Dauphine. Il est neuf heures et demi et le soleil vient de passer au-dessus du Palais de Justice. &hellip; <a href=\"https:\/\/www.leblogdescoutheillas.com\/?p=39994\" class=\"more-link\">Continuer la lecture de <span class=\"screen-reader-text\">\u00a0Luxe, calme et volupt\u00e9  (Couleur caf\u00e9 n\u00b032)<\/span> <span class=\"meta-nav\">&rarr;<\/span><\/a><\/p>\n","protected":false},"author":1,"featured_media":0,"comment_status":"open","ping_status":"open","sticky":false,"template":"","format":"standard","meta":{"_mo_disable_npp":"","jetpack_post_was_ever_published":false,"_jetpack_newsletter_access":"","_jetpack_dont_email_post_to_subs":false,"_jetpack_newsletter_tier_id":0,"_jetpack_memberships_contains_paywalled_content":false,"_jetpack_memberships_contains_paid_content":false,"footnotes":"","jetpack_publicize_message":"","jetpack_publicize_feature_enabled":true,"jetpack_social_post_already_shared":false,"jetpack_social_options":{"image_generator_settings":{"template":"highway","default_image_id":0,"font":"","enabled":false},"version":2}},"categories":[12],"tags":[158,21],"class_list":["post-39994","post","type-post","status-publish","format-standard","hentry","category-recit","tag-couleur-cafe","tag-philippe"],"jetpack_publicize_connections":[],"jetpack_featured_media_url":"","jetpack_sharing_enabled":true,"_links":{"self":[{"href":"https:\/\/www.leblogdescoutheillas.com\/index.php?rest_route=\/wp\/v2\/posts\/39994","targetHints":{"allow":["GET"]}}],"collection":[{"href":"https:\/\/www.leblogdescoutheillas.com\/index.php?rest_route=\/wp\/v2\/posts"}],"about":[{"href":"https:\/\/www.leblogdescoutheillas.com\/index.php?rest_route=\/wp\/v2\/types\/post"}],"author":[{"embeddable":true,"href":"https:\/\/www.leblogdescoutheillas.com\/index.php?rest_route=\/wp\/v2\/users\/1"}],"replies":[{"embeddable":true,"href":"https:\/\/www.leblogdescoutheillas.com\/index.php?rest_route=%2Fwp%2Fv2%2Fcomments&post=39994"}],"version-history":[{"count":0,"href":"https:\/\/www.leblogdescoutheillas.com\/index.php?rest_route=\/wp\/v2\/posts\/39994\/revisions"}],"wp:attachment":[{"href":"https:\/\/www.leblogdescoutheillas.com\/index.php?rest_route=%2Fwp%2Fv2%2Fmedia&parent=39994"}],"wp:term":[{"taxonomy":"category","embeddable":true,"href":"https:\/\/www.leblogdescoutheillas.com\/index.php?rest_route=%2Fwp%2Fv2%2Fcategories&post=39994"},{"taxonomy":"post_tag","embeddable":true,"href":"https:\/\/www.leblogdescoutheillas.com\/index.php?rest_route=%2Fwp%2Fv2%2Ftags&post=39994"}],"curies":[{"name":"wp","href":"https:\/\/api.w.org\/{rel}","templated":true}]}}