{"id":39835,"date":"2022-10-04T16:47:47","date_gmt":"2022-10-04T14:47:47","guid":{"rendered":"https:\/\/www.leblogdescoutheillas.com\/?p=39835"},"modified":"2022-10-05T08:05:01","modified_gmt":"2022-10-05T06:05:01","slug":"derniere-heure-les-oiseaux-sont-des-cons-9","status":"publish","type":"post","link":"https:\/\/www.leblogdescoutheillas.com\/?p=39835","title":{"rendered":"Derni\u00e8re heure : Un Fran\u00e7ais prix Nobel de physique"},"content":{"rendered":"<p style=\"text-align: justify;\"><strong><i style=\"color: #ff0000;\">Derni\u00e8re heure : \u00a0Alain Aspect partage aujourd&rsquo;hui le prix Nobel de physique avec un Am\u00e9ricain et un Autrichien ! C&rsquo;est dire qu&rsquo;il est loin d&rsquo;\u00eatre con !<\/i><br \/>\n<i style=\"color: #ff0000;\">Mais les oiseaux ! Alors l\u00e0, les oiseaux, c&rsquo;est \u00e0\u00a0<\/i><span style=\"color: #ff0000;\"><span style=\"caret-color: #ff0000;\"><i>peine<\/i><\/span><\/span><i style=\"color: #ff0000;\">\u00a0<\/i><span style=\"color: #ff0000;\"><span style=\"caret-color: #ff0000;\"><i>croyable&#8230;<\/i><\/span><\/span><i style=\"color: #ff0000;\">\u00a0!<\/i><\/strong><br \/>\n<a href=\"http:\/\/leblogdescoutheillas.com\/wp-content\/uploads\/2014\/05\/oc-9.jpg\"><img loading=\"lazy\" decoding=\"async\" class=\"size-large wp-image-1306 aligncenter\" src=\"http:\/\/leblogdescoutheillas.com\/wp-content\/uploads\/2014\/05\/oc-9-960x587.jpg\" alt=\"oc 9\" width=\"604\" height=\"369\" srcset=\"https:\/\/www.leblogdescoutheillas.com\/wp-content\/uploads\/2014\/05\/oc-9-960x587.jpg 960w, https:\/\/www.leblogdescoutheillas.com\/wp-content\/uploads\/2014\/05\/oc-9-300x183.jpg 300w\" sizes=\"auto, (max-width: 604px) 100vw, 604px\" \/><\/a><\/p>\n<p><span style=\"color: #0000ff;\"><em>Parc ornithologique du Marquenterre<\/em><\/span><\/p>\n","protected":false},"excerpt":{"rendered":"<p>Derni\u00e8re heure : \u00a0Alain Aspect partage aujourd&rsquo;hui le prix Nobel de physique avec un Am\u00e9ricain et un Autrichien ! C&rsquo;est dire qu&rsquo;il est loin d&rsquo;\u00eatre con ! Mais les oiseaux ! Alors l\u00e0, les oiseaux, c&rsquo;est \u00e0\u00a0peine\u00a0croyable&#8230;\u00a0! Parc ornithologique du Marquenterre<\/p>\n","protected":false},"author":1,"featured_media":0,"comment_status":"open","ping_status":"open","sticky":false,"template":"","format":"standard","meta":{"_mo_disable_npp":"","jetpack_post_was_ever_published":false,"_jetpack_newsletter_access":"","_jetpack_dont_email_post_to_subs":false,"_jetpack_newsletter_tier_id":0,"_jetpack_memberships_contains_paywalled_content":false,"_jetpack_memberships_contains_paid_content":false,"footnotes":"","jetpack_publicize_message":"","jetpack_publicize_feature_enabled":true,"jetpack_social_post_already_shared":false,"jetpack_social_options":{"image_generator_settings":{"template":"highway","default_image_id":0,"font":"","enabled":false},"version":2}},"categories":[6],"tags":[325],"class_list":["post-39835","post","type-post","status-publish","format-standard","hentry","category-news","tag-chaval"],"jetpack_publicize_connections":[],"jetpack_featured_media_url":"","jetpack_sharing_enabled":true,"_links":{"self":[{"href":"https:\/\/www.leblogdescoutheillas.com\/index.php?rest_route=\/wp\/v2\/posts\/39835","targetHints":{"allow":["GET"]}}],"collection":[{"href":"https:\/\/www.leblogdescoutheillas.com\/index.php?rest_route=\/wp\/v2\/posts"}],"about":[{"href":"https:\/\/www.leblogdescoutheillas.com\/index.php?rest_route=\/wp\/v2\/types\/post"}],"author":[{"embeddable":true,"href":"https:\/\/www.leblogdescoutheillas.com\/index.php?rest_route=\/wp\/v2\/users\/1"}],"replies":[{"embeddable":true,"href":"https:\/\/www.leblogdescoutheillas.com\/index.php?rest_route=%2Fwp%2Fv2%2Fcomments&post=39835"}],"version-history":[{"count":0,"href":"https:\/\/www.leblogdescoutheillas.com\/index.php?rest_route=\/wp\/v2\/posts\/39835\/revisions"}],"wp:attachment":[{"href":"https:\/\/www.leblogdescoutheillas.com\/index.php?rest_route=%2Fwp%2Fv2%2Fmedia&parent=39835"}],"wp:term":[{"taxonomy":"category","embeddable":true,"href":"https:\/\/www.leblogdescoutheillas.com\/index.php?rest_route=%2Fwp%2Fv2%2Fcategories&post=39835"},{"taxonomy":"post_tag","embeddable":true,"href":"https:\/\/www.leblogdescoutheillas.com\/index.php?rest_route=%2Fwp%2Fv2%2Ftags&post=39835"}],"curies":[{"name":"wp","href":"https:\/\/api.w.org\/{rel}","templated":true}]}}