{"id":36674,"date":"2022-10-11T07:47:03","date_gmt":"2022-10-11T05:47:03","guid":{"rendered":"http:\/\/www.leblogdescoutheillas.com\/?p=36674"},"modified":"2022-10-11T18:18:20","modified_gmt":"2022-10-11T16:18:20","slug":"un-peu-de-temps-a-letat-pur","status":"publish","type":"post","link":"https:\/\/www.leblogdescoutheillas.com\/?p=36674","title":{"rendered":"Un\u00a0 peu de temps \u00e0 l\u2019\u00e9tat pur"},"content":{"rendered":"<p style=\"font-weight: 400; text-align: justify;\"><span style=\"color: #0000ff;\"><em>Morceau choisi <\/em><\/span><\/p>\n<p style=\"font-weight: 400; text-align: justify;\"><strong><img loading=\"lazy\" decoding=\"async\" class=\"alignright size-thumbnail wp-image-13489\" src=\"http:\/\/www.leblogdescoutheillas.com\/wp-content\/uploads\/2018\/06\/IMG_5802-150x150.jpg\" alt=\"\" width=\"150\" height=\"150\" \/>Un\u00a0 peu de temps \u00e0 l\u2019\u00e9tat pur<\/strong><\/p>\n<p style=\"font-weight: 400; text-align: justify;\"><span style=\"color: #0000ff;\"><em>Longtemps apr\u00e8s l\u2019\u00e9pisode de la madeleine, le narrateur, tr\u00e9buchant sur les pav\u00e9s in\u00e9gaux de la cour de l\u2019H\u00f4tel des Guermantes, revit la sensation de bonheur qu\u2019il avait \u00e9prouv\u00e9e des ann\u00e9es plus t\u00f4t \u00e0 Venise. <\/em><\/span><\/p>\n<p style=\"font-weight: 400; text-align: justify;\">Tant de fois, au cours de ma vie, la r\u00e9alit\u00e9 m\u2019avait d\u00e9\u00e7u parce qu\u2019au moment o\u00f9 je la percevais, mon imagination, qui \u00e9tait mon seul organe pour jouir de la beaut\u00e9, ne pouvait s\u2019appliquer \u00e0 elle, en vertu de la loi in\u00e9vitable qui veut qu\u2019on ne puisse imaginer que ce qui est absent. Et voici que soudain l\u2019effet de cette dure loi s\u2019\u00e9tait trouv\u00e9 neutralis\u00e9, suspendu, par un exp\u00e9dient merveilleux de la nature, qui avait fait miroiter une sensation \u00e0 la fois dans le pass\u00e9, ce qui permettait \u00e0 mon imagination de la go\u00fbter, et dans le pr\u00e9sent o\u00f9 l\u2019\u00e9branlement effectif de mes sens avait ajout\u00e9 aux r\u00eaves de l\u2019imagination ce dont ils sont habituellement d\u00e9pourvus, l\u2019id\u00e9e d\u2019existence, et, gr\u00e2ce \u00e0 ce subterfuge, avait permis \u00e0 mon \u00eatre d\u2019obtenir, d\u2019isoler, d\u2019immobiliser \u2013 la dur\u00e9e d\u2019un \u00e9clair \u2013 ce qu\u2019il n\u2019appr\u00e9hende jamais\u00a0: un peu de temps \u00e0 l\u2019\u00e9tat pur.<\/p>\n<p style=\"font-weight: 400; text-align: justify;\"><span style=\"color: #0000ff;\"><em>Marcel Proust &#8211; Le temps retrouv\u00e9<\/em><\/span><\/p>\n<p style=\"font-weight: 400; text-align: justify;\">\n","protected":false},"excerpt":{"rendered":"<p>Morceau choisi Un\u00a0 peu de temps \u00e0 l\u2019\u00e9tat pur Longtemps apr\u00e8s l\u2019\u00e9pisode de la madeleine, le narrateur, tr\u00e9buchant sur les pav\u00e9s in\u00e9gaux de la cour de l\u2019H\u00f4tel des Guermantes, revit la sensation de bonheur qu\u2019il avait \u00e9prouv\u00e9e des ann\u00e9es plus t\u00f4t \u00e0 Venise. Tant de fois, au cours de ma vie, la r\u00e9alit\u00e9 m\u2019avait d\u00e9\u00e7u &hellip; <a href=\"https:\/\/www.leblogdescoutheillas.com\/?p=36674\" class=\"more-link\">Continuer la lecture de <span class=\"screen-reader-text\">Un\u00a0 peu de temps \u00e0 l\u2019\u00e9tat pur<\/span> <span class=\"meta-nav\">&rarr;<\/span><\/a><\/p>\n","protected":false},"author":1,"featured_media":0,"comment_status":"open","ping_status":"open","sticky":false,"template":"","format":"standard","meta":{"_mo_disable_npp":"","jetpack_post_was_ever_published":false,"_jetpack_newsletter_access":"","_jetpack_dont_email_post_to_subs":false,"_jetpack_newsletter_tier_id":0,"_jetpack_memberships_contains_paywalled_content":false,"_jetpack_memberships_contains_paid_content":false,"footnotes":"","jetpack_publicize_message":"","jetpack_publicize_feature_enabled":true,"jetpack_social_post_already_shared":false,"jetpack_social_options":{"image_generator_settings":{"template":"highway","default_image_id":0,"font":"","enabled":false},"version":2}},"categories":[4],"tags":[276],"class_list":["post-36674","post","type-post","status-publish","format-standard","hentry","category-citations","tag-marcel-proust"],"jetpack_publicize_connections":[],"jetpack_featured_media_url":"","jetpack_sharing_enabled":true,"_links":{"self":[{"href":"https:\/\/www.leblogdescoutheillas.com\/index.php?rest_route=\/wp\/v2\/posts\/36674","targetHints":{"allow":["GET"]}}],"collection":[{"href":"https:\/\/www.leblogdescoutheillas.com\/index.php?rest_route=\/wp\/v2\/posts"}],"about":[{"href":"https:\/\/www.leblogdescoutheillas.com\/index.php?rest_route=\/wp\/v2\/types\/post"}],"author":[{"embeddable":true,"href":"https:\/\/www.leblogdescoutheillas.com\/index.php?rest_route=\/wp\/v2\/users\/1"}],"replies":[{"embeddable":true,"href":"https:\/\/www.leblogdescoutheillas.com\/index.php?rest_route=%2Fwp%2Fv2%2Fcomments&post=36674"}],"version-history":[{"count":0,"href":"https:\/\/www.leblogdescoutheillas.com\/index.php?rest_route=\/wp\/v2\/posts\/36674\/revisions"}],"wp:attachment":[{"href":"https:\/\/www.leblogdescoutheillas.com\/index.php?rest_route=%2Fwp%2Fv2%2Fmedia&parent=36674"}],"wp:term":[{"taxonomy":"category","embeddable":true,"href":"https:\/\/www.leblogdescoutheillas.com\/index.php?rest_route=%2Fwp%2Fv2%2Fcategories&post=36674"},{"taxonomy":"post_tag","embeddable":true,"href":"https:\/\/www.leblogdescoutheillas.com\/index.php?rest_route=%2Fwp%2Fv2%2Ftags&post=36674"}],"curies":[{"name":"wp","href":"https:\/\/api.w.org\/{rel}","templated":true}]}}