{"id":34390,"date":"2021-12-17T16:47:45","date_gmt":"2021-12-17T15:47:45","guid":{"rendered":"http:\/\/www.leblogdescoutheillas.com\/?p=34390"},"modified":"2021-12-18T08:29:54","modified_gmt":"2021-12-18T07:29:54","slug":"rendez-vous-a-cinq-heures-man-farsi-balam-nistam","status":"publish","type":"post","link":"https:\/\/www.leblogdescoutheillas.com\/?p=34390","title":{"rendered":"Rendez-vous \u00e0 cinq heures : Man farsi balam nistam\u00a0"},"content":{"rendered":"<p style=\"text-align: justify;\"><strong style=\"color: #800080; text-align: justify;\"><em>La page de 16h47 est ouverte&#8230;<\/em><\/strong><\/p>\n<p style=\"text-align: justify;\"><img loading=\"lazy\" decoding=\"async\" class=\"aligncenter size-full wp-image-23460\" src=\"http:\/\/www.leblogdescoutheillas.com\/wp-content\/uploads\/2020\/05\/TASSE-DE-THE%CC%81.jpg\" alt=\"\" width=\"100\" height=\"127\" \/><\/p>\n<p style=\"text-align: center;\"><strong><span style=\"color: #0000ff;\">Man farsi balam nistam<\/span><\/strong><br \/>\n<span style=\"color: #0000ff;\">par Guy<\/span><\/p>\n<p style=\"text-align: justify;\">En 2008, j\u2019\u00e9tais \u00e0 T\u00e9h\u00e9ran pour quelques conseils techniques visant \u00e0 am\u00e9liorer la tenue de trois grands ponts de la ville, malheureusement sous-dimensionn\u00e9s au s\u00e9isme, h\u00e9las relativement fr\u00e9quent et violent dans la r\u00e9gion.<\/p>\n<p style=\"text-align: justify;\">Je vais vous raconter une anecdote.<!--more--><\/p>\n<p style=\"text-align: justify;\">Alors que je cheminai, pensif, sur l\u2019un des ponts en question, deux femmes totalement v\u00eatues du noir qui sied \u00e0 une obscure banlieue chiite, pas \u00e0 un brillant centre-ville un peu occidentalis\u00e9, m\u2019ont accost\u00e9.<\/p>\n<p style=\"text-align: justify;\">Surpris par ces corbeaux, je me suis arr\u00eat\u00e9.<\/p>\n<p style=\"text-align: justify;\">Elles ont commenc\u00e9 \u00e0 parler.<\/p>\n<p style=\"text-align: justify;\">Probablement pour me demander un chemin car avec la barbe et la galette \u00e0 la Massoud sur la t\u00eate, je devais ressembler \u00e0 un aryen (iranien) local.<\/p>\n<p style=\"text-align: justify;\">Ou bien, \u00e0 l\u2019inverse, pour me proposer un service de guide, car j\u2019avais un appareil photo.<\/p>\n<p style=\"text-align: justify;\">\u00ab\u00a0O\u00f9 allez-vous\u00a0? On peut vous aider!\u00a0\u00bb. Non, l\u00e0 je r\u00eave<\/p>\n<p style=\"text-align: justify;\">Plut\u00f4t \u00ab\u00a0Que faites-vous l\u00e0\u00a0? Y a rien \u00e0 voir\u00a0!\u00a0\u00bb, mais alors pourquoi ces gloussements\u00a0?<\/p>\n<p style=\"text-align: justify;\">Alors, J\u2019ai r\u00e9pondu \u00ab\u00a0Man farsi balam nistam\u00a0\u00bb, quelques mots indispensables appris dans mon guide de poche, qui veulent dire \u00ab\u00a0je ne parle pas farsi\u00a0\u00bb.<\/p>\n<p style=\"text-align: justify;\">Elles ont encore glouss\u00e9 sous leur voile puis se sont \u00e9loign\u00e9es avec un petit salut de la main.<\/p>\n<p style=\"text-align: justify;\">Quelle poisse de ne pas conna\u00eetre la langue du coin\u00a0!<\/p>\n","protected":false},"excerpt":{"rendered":"<p>La page de 16h47 est ouverte&#8230; Man farsi balam nistam par Guy En 2008, j\u2019\u00e9tais \u00e0 T\u00e9h\u00e9ran pour quelques conseils techniques visant \u00e0 am\u00e9liorer la tenue de trois grands ponts de la ville, malheureusement sous-dimensionn\u00e9s au s\u00e9isme, h\u00e9las relativement fr\u00e9quent et violent dans la r\u00e9gion. Je vais vous raconter une anecdote.<\/p>\n","protected":false},"author":1,"featured_media":0,"comment_status":"open","ping_status":"open","sticky":false,"template":"","format":"standard","meta":{"_mo_disable_npp":"","jetpack_post_was_ever_published":false,"_jetpack_newsletter_access":"","_jetpack_dont_email_post_to_subs":false,"_jetpack_newsletter_tier_id":0,"_jetpack_memberships_contains_paywalled_content":false,"_jetpack_memberships_contains_paid_content":false,"footnotes":"","jetpack_publicize_message":"","jetpack_publicize_feature_enabled":true,"jetpack_social_post_already_shared":false,"jetpack_social_options":{"image_generator_settings":{"template":"highway","default_image_id":0,"font":"","enabled":false},"version":2}},"categories":[12],"tags":[1571,18],"class_list":["post-34390","post","type-post","status-publish","format-standard","hentry","category-recit","tag-guy","tag-teheran"],"jetpack_publicize_connections":[],"jetpack_featured_media_url":"","jetpack_sharing_enabled":true,"_links":{"self":[{"href":"https:\/\/www.leblogdescoutheillas.com\/index.php?rest_route=\/wp\/v2\/posts\/34390","targetHints":{"allow":["GET"]}}],"collection":[{"href":"https:\/\/www.leblogdescoutheillas.com\/index.php?rest_route=\/wp\/v2\/posts"}],"about":[{"href":"https:\/\/www.leblogdescoutheillas.com\/index.php?rest_route=\/wp\/v2\/types\/post"}],"author":[{"embeddable":true,"href":"https:\/\/www.leblogdescoutheillas.com\/index.php?rest_route=\/wp\/v2\/users\/1"}],"replies":[{"embeddable":true,"href":"https:\/\/www.leblogdescoutheillas.com\/index.php?rest_route=%2Fwp%2Fv2%2Fcomments&post=34390"}],"version-history":[{"count":0,"href":"https:\/\/www.leblogdescoutheillas.com\/index.php?rest_route=\/wp\/v2\/posts\/34390\/revisions"}],"wp:attachment":[{"href":"https:\/\/www.leblogdescoutheillas.com\/index.php?rest_route=%2Fwp%2Fv2%2Fmedia&parent=34390"}],"wp:term":[{"taxonomy":"category","embeddable":true,"href":"https:\/\/www.leblogdescoutheillas.com\/index.php?rest_route=%2Fwp%2Fv2%2Fcategories&post=34390"},{"taxonomy":"post_tag","embeddable":true,"href":"https:\/\/www.leblogdescoutheillas.com\/index.php?rest_route=%2Fwp%2Fv2%2Ftags&post=34390"}],"curies":[{"name":"wp","href":"https:\/\/api.w.org\/{rel}","templated":true}]}}