{"id":34290,"date":"2021-12-15T16:47:17","date_gmt":"2021-12-15T15:47:17","guid":{"rendered":"http:\/\/www.leblogdescoutheillas.com\/?p=34290"},"modified":"2021-12-16T07:48:39","modified_gmt":"2021-12-16T06:48:39","slug":"breves-de-mon-comptoir-21","status":"publish","type":"post","link":"https:\/\/www.leblogdescoutheillas.com\/?p=34290","title":{"rendered":"Br\u00e8ves de mon comptoir (21)"},"content":{"rendered":"<p><b>14\/12 &#8211; Gr\u00e8ves, vaccins et J.O.<\/b><\/p>\n<p class=\"p1\"><span class=\"s1\">-CGT, Sud Rail et UNSA ont d\u00e9pos\u00e9 un pr\u00e9avis de gr\u00e8ve \u00e0 la SNCF pour le premier week end des vacances de No\u00ebl.<\/span><br \/>\n<span style=\"color: #0000ff;\">Dans la presse, ce genre de nouvelle s\u2019appelle un marronnier.<\/span><\/p>\n<p class=\"p1\"><span class=\"s1\">-Les faux vaccin\u00e9s affluent en r\u00e9animation. Beaucoup n\u2019avouent pas qu\u2019en r\u00e9alit\u00e9, ils n\u2019ont pas \u00e9t\u00e9 vaccin\u00e9s.<\/span><br \/>\n<span style=\"color: #0000ff;\">Mieux vaut perdre la vie que la face, pas vrai ?<\/span><\/p>\n<p class=\"p1\"><span class=\"s1\">-C\u00e9r\u00e9monie d\u2019ouverture des J.O. du 26\/07\/2024<\/span><br \/>\nLes organisateurs tablent sur 600.000 spectateurs. Bon !<br \/>\nLa c\u00e9r\u00e9monie se d\u00e9roulera sur la Seine sur une longueur de 6 kilom\u00e8tres, soit 6km de rive droite et 6km de rive gauche, soit 12.000 m\u00e8tres au total. Bien !<br \/>\n<span style=\"color: #0000ff;\">\u00c7a doit faire quand m\u00eame pas loin de 50 personnes au m\u00e8tre lin\u00e9aire.<\/span><br \/>\n<span style=\"color: #0000ff;\">Ah oui, quand m\u00eame !<\/span><\/p>\n<p>&nbsp;<\/p>\n","protected":false},"excerpt":{"rendered":"<p>14\/12 &#8211; Gr\u00e8ves, vaccins et J.O. -CGT, Sud Rail et UNSA ont d\u00e9pos\u00e9 un pr\u00e9avis de gr\u00e8ve \u00e0 la SNCF pour le premier week end des vacances de No\u00ebl. Dans la presse, ce genre de nouvelle s\u2019appelle un marronnier. -Les faux vaccin\u00e9s affluent en r\u00e9animation. Beaucoup n\u2019avouent pas qu\u2019en r\u00e9alit\u00e9, ils n\u2019ont pas \u00e9t\u00e9 vaccin\u00e9s. &hellip; <a href=\"https:\/\/www.leblogdescoutheillas.com\/?p=34290\" class=\"more-link\">Continuer la lecture de <span class=\"screen-reader-text\">Br\u00e8ves de mon comptoir (21)<\/span> <span class=\"meta-nav\">&rarr;<\/span><\/a><\/p>\n","protected":false},"author":1,"featured_media":0,"comment_status":"open","ping_status":"open","sticky":false,"template":"","format":"standard","meta":{"_mo_disable_npp":"","jetpack_post_was_ever_published":false,"_jetpack_newsletter_access":"","_jetpack_dont_email_post_to_subs":false,"_jetpack_newsletter_tier_id":0,"_jetpack_memberships_contains_paywalled_content":false,"_jetpack_memberships_contains_paid_content":false,"footnotes":"","jetpack_publicize_message":"","jetpack_publicize_feature_enabled":true,"jetpack_social_post_already_shared":false,"jetpack_social_options":{"image_generator_settings":{"template":"highway","default_image_id":0,"font":"","enabled":false},"version":2}},"categories":[6],"tags":[21],"class_list":["post-34290","post","type-post","status-publish","format-standard","hentry","category-news","tag-philippe"],"jetpack_publicize_connections":[],"jetpack_featured_media_url":"","jetpack_sharing_enabled":true,"_links":{"self":[{"href":"https:\/\/www.leblogdescoutheillas.com\/index.php?rest_route=\/wp\/v2\/posts\/34290","targetHints":{"allow":["GET"]}}],"collection":[{"href":"https:\/\/www.leblogdescoutheillas.com\/index.php?rest_route=\/wp\/v2\/posts"}],"about":[{"href":"https:\/\/www.leblogdescoutheillas.com\/index.php?rest_route=\/wp\/v2\/types\/post"}],"author":[{"embeddable":true,"href":"https:\/\/www.leblogdescoutheillas.com\/index.php?rest_route=\/wp\/v2\/users\/1"}],"replies":[{"embeddable":true,"href":"https:\/\/www.leblogdescoutheillas.com\/index.php?rest_route=%2Fwp%2Fv2%2Fcomments&post=34290"}],"version-history":[{"count":0,"href":"https:\/\/www.leblogdescoutheillas.com\/index.php?rest_route=\/wp\/v2\/posts\/34290\/revisions"}],"wp:attachment":[{"href":"https:\/\/www.leblogdescoutheillas.com\/index.php?rest_route=%2Fwp%2Fv2%2Fmedia&parent=34290"}],"wp:term":[{"taxonomy":"category","embeddable":true,"href":"https:\/\/www.leblogdescoutheillas.com\/index.php?rest_route=%2Fwp%2Fv2%2Fcategories&post=34290"},{"taxonomy":"post_tag","embeddable":true,"href":"https:\/\/www.leblogdescoutheillas.com\/index.php?rest_route=%2Fwp%2Fv2%2Ftags&post=34290"}],"curies":[{"name":"wp","href":"https:\/\/api.w.org\/{rel}","templated":true}]}}